{"id":71458,"date":"2021-11-22T09:18:57","date_gmt":"2021-11-22T12:18:57","guid":{"rendered":"https:\/\/catolicanet.net\/wp-cnet\/?p=71458"},"modified":"2021-11-22T14:20:06","modified_gmt":"2021-11-22T17:20:06","slug":"sera-que-santa-cecilia-tocava-algum-instrumento-musical","status":"publish","type":"post","link":"https:\/\/catolicanet.net\/wp-cnet\/sera-que-santa-cecilia-tocava-algum-instrumento-musical\/","title":{"rendered":"Ser\u00e1 que Santa Cec\u00edlia tocava algum instrumento musical?"},"content":{"rendered":"<h2 class=\"subtitle\" style=\"text-align: justify;\">\u00c9 prov\u00e1vel que n\u00e3o, embora ela seja frequentemente retratada tocando um \u00f3rg\u00e3o<\/h2>\n<p style=\"text-align: justify;\">Santa Cec\u00edlia \u00e9 a padroeira da m\u00fasica e dos m\u00fasicos. Mas ser\u00e1 que ela tocava algum instrumento musical ou tinha uma bela voz?<\/p>\n<p style=\"text-align: justify;\">Segundo a\u00a0<em><a href=\"https:\/\/www.newadvent.org\/cathen\/03471b.htm\" target=\"_blank\" rel=\"noreferrer noopener\">Enciclop\u00e9dia Cat\u00f3lica<\/a><\/em>, ela n\u00e3o era musical de forma alguma, mas desempenhava bem seu \u201ccanto interior\u201d:<\/p>\n<blockquote class=\"wp-block-quote\"><p>\u201c<em>As pinturas medievais da santa s\u00e3o muito frequentes. Desde os s\u00e9culos XIV e XV, ela \u00e9 representada tocando um \u00f3rg\u00e3o, evidentemente para expressar o que muitas vezes foi atribu\u00eddo a ela em paneg\u00edricos e poemas baseados nos Atos. A saber: <strong>enquanto os m\u00fasicos tocavam em suas n\u00fapcias ela cantava em seu cora\u00e7\u00e3o apenas para Deus<\/strong> (\u201ccantantibus organis illa in corde suo soi domino decantabat\u201d).<\/em>.. <em>Desta forma, a santa foi trazid<\/em>a<em> para uma rela\u00e7\u00e3o mais estreita com a m\u00fasica.<\/em>\u201c<\/p><\/blockquote>\n<p style=\"text-align: justify;\">A\u00a0<em>Legenda \u00c1urea<\/em>\u00a0descreve o casamento de Santa Cec\u00edlia de maneira semelhante:<\/p>\n<blockquote class=\"wp-block-quote\"><p>\u201c<em>Quando esta virgem aben\u00e7oada se casou com um jovem chamado Valerian, e o dia do casamento chegou, ela estava vestida com roupas reais de ouro\u2026 Ao ouvir <strong>os \u00f3rg\u00e3os entoando melodias, ela cantou em seu cora\u00e7\u00e3o, somente para Deus<\/strong>, dizendo: \u201c\u00d3 Senhor, eu te rogo que meu cora\u00e7\u00e3o e meu corpo sejam puros para que eu n\u00e3o seja confundida\u201d.<\/em><\/p><\/blockquote>\n<div class=\"wp-block-aleteia-heading3\">\n<div class=\"text\" style=\"text-align: justify;\">\n<h3>Santa Cec\u00edlia e seu hino interior<\/h3>\n<\/div>\n<div id=\"aleteia-welcome\" style=\"text-align: justify;\"><\/div>\n<p style=\"text-align: justify;\">Da mesma forma, algumas biografias afirmam que ela,\u00a0<strong>\u00e0s vezes, cantava com o cora\u00e7\u00e3o e a voz.<\/strong><\/p>\n<p style=\"text-align: justify;\">O fato \u00e9 que, independentemente de ela tocar ou n\u00e3o algum instrumento musical ou possuir uma bela voz, foi a sua santidade interior que inspirou muitos m\u00fasicos ao longo dos s\u00e9culos.<\/p>\n<p style=\"text-align: justify;\">\u00a0Ela continua a ser a padroeira da m\u00fasica e atualmente reside no c\u00e9u, juntando-se a todos os outros santos e cantando a Deus um c\u00e2ntico de louvor.<\/p>\n<\/div>\n","protected":false},"excerpt":{"rendered":"<p>\u00c9 prov\u00e1vel que n\u00e3o, embora ela seja frequentemente retratada tocando um \u00f3rg\u00e3o Santa Cec\u00edlia \u00e9 a padroeira da m\u00fasica e dos m\u00fasicos. Mas ser\u00e1 que ela tocava algum instrumento musical ou tinha uma bela voz? Segundo a\u00a0Enciclop\u00e9dia Cat\u00f3lica, ela n\u00e3o era musical de forma alguma, mas desempenhava bem seu \u201ccanto interior\u201d: \u201cAs pinturas medievais da [&hellip;]<\/p>\n","protected":false},"author":1,"featured_media":71459,"comment_status":"open","ping_status":"closed","sticky":false,"template":"","format":"standard","meta":{"footnotes":""},"categories":[4],"tags":[],"class_list":["post-71458","post","type-post","status-publish","format-standard","has-post-thumbnail","hentry","category-cotidiano"],"_links":{"self":[{"href":"https:\/\/catolicanet.net\/wp-cnet\/wp-json\/wp\/v2\/posts\/71458","targetHints":{"allow":["GET"]}}],"collection":[{"href":"https:\/\/catolicanet.net\/wp-cnet\/wp-json\/wp\/v2\/posts"}],"about":[{"href":"https:\/\/catolicanet.net\/wp-cnet\/wp-json\/wp\/v2\/types\/post"}],"author":[{"embeddable":true,"href":"https:\/\/catolicanet.net\/wp-cnet\/wp-json\/wp\/v2\/users\/1"}],"replies":[{"embeddable":true,"href":"https:\/\/catolicanet.net\/wp-cnet\/wp-json\/wp\/v2\/comments?post=71458"}],"version-history":[{"count":1,"href":"https:\/\/catolicanet.net\/wp-cnet\/wp-json\/wp\/v2\/posts\/71458\/revisions"}],"predecessor-version":[{"id":71460,"href":"https:\/\/catolicanet.net\/wp-cnet\/wp-json\/wp\/v2\/posts\/71458\/revisions\/71460"}],"wp:featuredmedia":[{"embeddable":true,"href":"https:\/\/catolicanet.net\/wp-cnet\/wp-json\/wp\/v2\/media\/71459"}],"wp:attachment":[{"href":"https:\/\/catolicanet.net\/wp-cnet\/wp-json\/wp\/v2\/media?parent=71458"}],"wp:term":[{"taxonomy":"category","embeddable":true,"href":"https:\/\/catolicanet.net\/wp-cnet\/wp-json\/wp\/v2\/categories?post=71458"},{"taxonomy":"post_tag","embeddable":true,"href":"https:\/\/catolicanet.net\/wp-cnet\/wp-json\/wp\/v2\/tags?post=71458"}],"curies":[{"name":"wp","href":"https:\/\/api.w.org\/{rel}","templated":true}]}}