{"id":71436,"date":"2021-11-22T08:59:41","date_gmt":"2021-11-22T11:59:41","guid":{"rendered":"https:\/\/catolicanet.net\/wp-cnet\/?p=71436"},"modified":"2021-11-22T13:01:39","modified_gmt":"2021-11-22T16:01:39","slug":"assembleia-eclesial-dom-cabrejos-estamos-unimos-na-diversidade-de-ministerios","status":"publish","type":"post","link":"https:\/\/catolicanet.net\/wp-cnet\/assembleia-eclesial-dom-cabrejos-estamos-unimos-na-diversidade-de-ministerios\/","title":{"rendered":"Assembleia Eclesial, dom Cabrejos: &#8220;estamos unimos na diversidade de minist\u00e9rios&#8221;"},"content":{"rendered":"<figure class=\"article__image\" style=\"text-align: justify;\"><span class=\"didascalia_img\">Missa de abertura da Assembleia Eclesial &#8211; Santu\u00e1rio de Nossa Senhora de Guadalupe\u00a0<\/span><\/figure>\n<div class=\"article__meta \" data-mediatype=\"\">\n<div class=\"article__subTitle\" style=\"text-align: justify;\">Na Solenidade de Cristo Rei, aos p\u00e9s de Nossa Senhora de Guadalupe, a Igreja da Am\u00e9rica Latina e do Caribe se reuniu para a abertura da Assembleia Eclesial da Am\u00e9rica Latina e do Caribe.<\/div>\n<div class=\"title__separator\" style=\"text-align: justify;\"><\/div>\n<div class=\"article__text \">\n<p style=\"text-align: justify;\"><b>Padre Modino &#8211; CELAM<\/b><\/p>\n<p style=\"text-align: justify;\">Em sua homilia durante a Eucaristia neste domingo, dom Miguel Cabrejos, presidente do Conselho Episcopal Latino-americano (Celam), disse que os participantes da Assembleia, mais de mil, incluindo os presentes na Cidade do M\u00e9xico e os que participam virtualmente, estavam ali para dar &#8220;gra\u00e7as a Deus por esta nova experi\u00eancia de viver, sentir e participar da Igreja&#8221;.<\/p>\n<p style=\"text-align: justify;\">O arcebispo de Trujillo destacou que a Assembleia Eclesial vem depois de &#8220;um longo caminho percorrido juntos, escutando a todos, sentindo como \u00e9 belo ser membro do Corpo M\u00edstico de Cristo, protagonistas e correspons\u00e1veis pela evangeliza\u00e7\u00e3o como disc\u00edpulos mission\u00e1rios&#8221;. Ele pediu a Deus &#8220;que abra nossos cora\u00e7\u00f5es para nos deixar guiar em esp\u00edrito de escuta, sinodalidade e unidade eclesial, e para descobrir o que Ele quer nos dizer como o povo de Deus a caminho&#8221;.<\/p>\n<p style=\"text-align: justify;\">Chamando todos a fazerem a vontade de Deus disse que &#8220;a verdadeira grandeza est\u00e1 em nos deixarmos iluminar pela Luz da Verdade, em descobrir a a\u00e7\u00e3o de Deus na hist\u00f3ria, em aderir ao projeto de Jesus Cristo e em ter a verdade como norma suprema de comportamento&#8221;. O prelado peruano comparou esta Assembleia com a Confer\u00eancia de Medell\u00edn, que ele definiu como &#8220;a &#8216;recep\u00e7\u00e3o criativa&#8217; do Conc\u00edlio Vaticano II, em um contexto marcado pela pobreza e exclus\u00e3o&#8221;. Da mesma forma, ele disse que via esta Assembleia Eclesial como um momento &#8220;para &#8216;reviver Aparecida&#8217;, que reafirmou a renova\u00e7\u00e3o do Conc\u00edlio, e procura contribuir para uma &#8216;segunda recep\u00e7\u00e3o&#8217; do Vaticano II no novo contexto em que vivemos&#8221;.<\/p>\n<div style=\"text-align: justify;\">\n<div class=\"article__embed article__embed--unwrap article__embed--photo\">\n<figure><picture><img decoding=\"async\" class=\"loaded\" src=\"https:\/\/www.vaticannews.va\/content\/dam\/vaticannews\/multimedia\/2021\/11\/22\/ABERTURA-ASSEMBLEIA-ECLESIAL-2-2.jpg\/_jcr_content\/renditions\/cq5dam.thumbnail.cropped.750.422.jpeg\" alt=\"Abertura da Assembleia Eclesial da Am\u00e9rica Latina e do Caribe\" data-original=\"\/content\/dam\/vaticannews\/multimedia\/2021\/11\/22\/ABERTURA-ASSEMBLEIA-ECLESIAL-2-2.jpg\/_jcr_content\/renditions\/cq5dam.thumbnail.cropped.750.422.jpeg\" data-was-processed=\"true\" \/><\/picture><\/figure>\n<div class=\"photo_embed--Title\">Abertura da Assembleia Eclesial da Am\u00e9rica Latina e do Caribe<\/div>\n<\/div>\n<\/div>\n<h2 style=\"text-align: justify;\">Povo de Deus<\/h2>\n<p style=\"text-align: justify;\">Segundo dom Miguel Cabrejos, \u00e9 uma Assembleia hist\u00f3rica, &#8220;porque, em vez de realizar a VI Confer\u00eancia Geral dos Bispos, o Papa Francisco prop\u00f4s esta Assembleia Eclesial, composta por representantes de todo o Povo de Deus&#8221;. Estamos testemunhando &#8220;a passagem de uma assembleia na qual apenas bispos participaram para uma assembleia plenamente eclesial&#8221;, reafirmou o presidente do Celam.<\/p>\n<p style=\"text-align: justify;\">O arcebispo peruano destacou que na Assembleia Eclesial da Am\u00e9rica Latina e do Caribe, &#8220;estamos unidos na diversidade de minist\u00e9rios e carismas&#8221;. Juntamente com isto, &#8220;inaugura um novo organismo sinodal em n\u00edvel continental, que coloca a colegialidade episcopal no cora\u00e7\u00e3o da sinodalidade eclesial, express\u00e3o do v\u00ednculo entre o Bispo e o Povo de Deus em sua Igreja local, e da concep\u00e7\u00e3o da Igreja universal como uma \u2018Igreja das Igrejas locais\u2019, presidida em unidade pelo Bispo da Igreja de Roma, com Pedro e sob Pedro&#8221;.<\/p>\n<p style=\"text-align: justify;\">\u00c9 um novo Pentecostes, no qual tamb\u00e9m est\u00e1 presente &#8220;Nossa M\u00e3e, Maria de Tepeyac, que representa todas as invoca\u00e7\u00f5es que sustentam a vida e a identidade de nossos povos da Am\u00e9rica Latina e do Caribe&#8221;. Dom Miguel invocou &#8220;sua fiel e poderosa intercess\u00e3o, para que ela nos mostre o rosto e o olhar de Cristo neste tempo de encontro f\u00edsico e virtual&#8221;.<\/p>\n<div style=\"text-align: justify;\">\n<div class=\"article__embed article__embed--unwrap article__embed--photo\">\n<figure><picture><img decoding=\"async\" class=\"loaded\" src=\"https:\/\/www.vaticannews.va\/content\/dam\/vaticannews\/multimedia\/2021\/11\/22\/ABERTURA-ASSEMBLEIA-ECLESIAL-2-1.jpg\/_jcr_content\/renditions\/cq5dam.thumbnail.cropped.750.422.jpeg\" alt=\"Dom Miguel Cabrejos: abertura da Assembleia Eclesial da Am\u00e9rica Latina e do Caribe\" data-original=\"\/content\/dam\/vaticannews\/multimedia\/2021\/11\/22\/ABERTURA-ASSEMBLEIA-ECLESIAL-2-1.jpg\/_jcr_content\/renditions\/cq5dam.thumbnail.cropped.750.422.jpeg\" data-was-processed=\"true\" \/><\/picture><\/figure>\n<div class=\"photo_embed--Title\">Dom Miguel Cabrejos: abertura da Assembleia Eclesial da Am\u00e9rica Latina e do Caribe<\/div>\n<\/div>\n<\/div>\n<h2 style=\"text-align: justify;\">Prote\u00e7\u00e3o de Nossa Senhora de Guadalupe<\/h2>\n<p style=\"text-align: justify;\">Ele tamb\u00e9m pediu a Nossa Senhora de Guadalupe &#8220;para nos mostrar o caminho que Deus deseja para sua Igreja em nossa regi\u00e3o&#8221;, e a docilidade &#8220;para assumir um processo de convers\u00e3o permanente, em comunh\u00e3o com o Conc\u00edlio Vaticano II e o Papa Francisco, no caminho para o S\u00ednodo sobre a Sinodalidade, e o que as exig\u00eancias pastorais significam para o Jubileu do evento Guadalupano (2031) e o da Reden\u00e7\u00e3o (2033)&#8221;. Ele ofereceu o caminho percorrido desde Aparecida, que, recordando as palavras do Papa Francisco, &#8220;ainda tem muito a oferecer&#8221;.<\/p>\n<p style=\"text-align: justify;\">Dom Miguel Cabrejos disse que queria, &#8220;na dif\u00edcil unidade na diversidade, responder e acompanhar todo o povo de Deus em uma hora profundamente complexa e dif\u00edcil&#8221;, insistindo em n\u00e3o esquecer que, nos vulner\u00e1veis, &#8220;Cristo continua a ser crucificado neles&#8221;.<\/p>\n<p style=\"text-align: justify;\">\u00c0 luz do Evangelho do dia, ele denunciou a ruptura da comunh\u00e3o e da fraternidade, que est\u00e1 presente &#8220;na desigualdade; na viol\u00eancia generalizada; nos falsos testemunhos de l\u00edderes que abandonam o sentido do servi\u00e7o de suas responsabilidades; na crise sem precedentes de nossa casa comum, onde os favoritos do Senhor s\u00e3o os mais afetados&#8221;. Al\u00e9m disso, ele se sentiu desafiado pela dor das mulheres, &#8220;que sofreram abuso ou exclus\u00e3o sistem\u00e1tica&#8221;, bem como pelos migrantes, que muitas vezes s\u00e3o rejeitados.<\/p>\n<p style=\"text-align: justify;\">Para a Assembleia que come\u00e7a, o presidente do Celam pediu &#8220;o dom da escuta, aquilo que nos leva a deixar nossas posi\u00e7\u00f5es particulares reduzidas e nos aproxima de nossos irm\u00e3os e irm\u00e3s para buscar a Deus em comum e em comunh\u00e3o&#8221;. Ele tamb\u00e9m pediu para seguir o exemplo de S\u00e3o Jo\u00e3o Diego, &#8220;para abrir nossos cora\u00e7\u00f5es \u00e0 interculturalidade, sem medo ou d\u00favida&#8221;.<\/p>\n<\/div>\n<\/div>\n","protected":false},"excerpt":{"rendered":"<p>Missa de abertura da Assembleia Eclesial &#8211; Santu\u00e1rio de Nossa Senhora de Guadalupe\u00a0 Na Solenidade de Cristo Rei, aos p\u00e9s de Nossa Senhora de Guadalupe, a Igreja da Am\u00e9rica Latina e do Caribe se reuniu para a abertura da Assembleia Eclesial da Am\u00e9rica Latina e do Caribe. Padre Modino &#8211; CELAM Em sua homilia durante [&hellip;]<\/p>\n","protected":false},"author":1,"featured_media":71437,"comment_status":"open","ping_status":"closed","sticky":false,"template":"","format":"standard","meta":{"footnotes":""},"categories":[3],"tags":[],"class_list":["post-71436","post","type-post","status-publish","format-standard","has-post-thumbnail","hentry","category-vaticano"],"_links":{"self":[{"href":"https:\/\/catolicanet.net\/wp-cnet\/wp-json\/wp\/v2\/posts\/71436","targetHints":{"allow":["GET"]}}],"collection":[{"href":"https:\/\/catolicanet.net\/wp-cnet\/wp-json\/wp\/v2\/posts"}],"about":[{"href":"https:\/\/catolicanet.net\/wp-cnet\/wp-json\/wp\/v2\/types\/post"}],"author":[{"embeddable":true,"href":"https:\/\/catolicanet.net\/wp-cnet\/wp-json\/wp\/v2\/users\/1"}],"replies":[{"embeddable":true,"href":"https:\/\/catolicanet.net\/wp-cnet\/wp-json\/wp\/v2\/comments?post=71436"}],"version-history":[{"count":1,"href":"https:\/\/catolicanet.net\/wp-cnet\/wp-json\/wp\/v2\/posts\/71436\/revisions"}],"predecessor-version":[{"id":71438,"href":"https:\/\/catolicanet.net\/wp-cnet\/wp-json\/wp\/v2\/posts\/71436\/revisions\/71438"}],"wp:featuredmedia":[{"embeddable":true,"href":"https:\/\/catolicanet.net\/wp-cnet\/wp-json\/wp\/v2\/media\/71437"}],"wp:attachment":[{"href":"https:\/\/catolicanet.net\/wp-cnet\/wp-json\/wp\/v2\/media?parent=71436"}],"wp:term":[{"taxonomy":"category","embeddable":true,"href":"https:\/\/catolicanet.net\/wp-cnet\/wp-json\/wp\/v2\/categories?post=71436"},{"taxonomy":"post_tag","embeddable":true,"href":"https:\/\/catolicanet.net\/wp-cnet\/wp-json\/wp\/v2\/tags?post=71436"}],"curies":[{"name":"wp","href":"https:\/\/api.w.org\/{rel}","templated":true}]}}