{"id":71415,"date":"2021-11-20T09:09:30","date_gmt":"2021-11-20T12:09:30","guid":{"rendered":"https:\/\/catolicanet.net\/wp-cnet\/?p=71415"},"modified":"2021-11-19T20:10:18","modified_gmt":"2021-11-19T23:10:18","slug":"tu-o-dizes-eu-sou-rei","status":"publish","type":"post","link":"https:\/\/catolicanet.net\/wp-cnet\/tu-o-dizes-eu-sou-rei\/","title":{"rendered":"Tu o dizes: eu sou Rei"},"content":{"rendered":"<p style=\"text-align: justify;\">Chegamos ao \u00faltimo domingo do Tempo Comum celebrando a Solenidade de Nosso Senhor Jesus Cristo, Rei do Universo. Hoje, aclamamos Jesus como rei de nossas vidas e rei da Igreja. Assim como o povo Judeu aclamou Jesus no Domingo de Ramos, quando Ele entrou em Jerusal\u00e9m, hoje somos convidados a fazer o mesmo e aclamar Jesus como o Rei de nossas vidas e proclam\u00e1-lo nosso Rei.<\/p>\n<p style=\"text-align: justify;\">Hoje chegamos ao final de mais um ano lit\u00fargico e a partir da semana que vem, daremos in\u00edcio a um novo ano. Estamos terminando o ano B e, a partir da semana que vem, iniciaremos o ano C, quando iremos proclamar aos domingos o evangelho de S\u00e3o Lucas. Iniciaremos esse novo ano com a esperan\u00e7a de que seja um ano melhor e de que poderemos instaurar o Reino de Deus aqui na terra. Diferentemente do ano civil, a Igreja inicia seu novo ano agora e no dia primeiro de janeiro, celebraremos Santa Maria M\u00e3e de Deus concluindo a oitava de Natal.<\/p>\n<p style=\"text-align: justify;\">Neste final de semana iniciamos o Ano Jubilar Mission\u00e1rio no Brasil, no s\u00e1bado o Dia da Consci\u00eancia Negra, iniciaremos a Campanha pela Evangeliza\u00e7\u00e3o e comemoramos a Jornada Mundial da Juventude, diocesana, transferida de Domingo de Ramos a partir deste ano.<br \/>\nFaremos tamb\u00e9m a consagra\u00e7\u00e3o do g\u00eanero humano a Cristo Rei.<\/p>\n<p style=\"text-align: justify;\">Ao celebrar Jesus Cristo como Rei do Universo celebramos a esperan\u00e7a de almejarmos um dia o reino dos c\u00e9us, onde Jesus Cristo \u00e9 o Rei. Somos chamados a vivenciar o Reino de Deus aqui na terra e almej\u00e1-lo viver na eternidade. Nesse domingo acontece tamb\u00e9m a abertura da Campanha para a Evangeliza\u00e7\u00e3o, com o tema: \u201cIde, sem medo, para servir\u201d (tema inspirado na homilia do Papa Francisco no final da JMJ Rio 2012 na missa de envio. Somos chamados a sermos disc\u00edpulos e mission\u00e1rios de Jesus e a servi-lo, sobretudo nos mais pobres.<\/p>\n<p style=\"text-align: justify;\">Dentre os muitos motivos para celebrarmos o dia de hoje, celebramos ainda o \u201cDia do Leigo\u201d, ou seja, o dia de todo o batizado. Os leigos s\u00e3o chamados a serem protagonistas em suas comunidades, sendo aquilo que foram chamados a ser desde o batismo: \u201csal na terra e luz no mundo\u201d. Chamados acima de tudo a constru\u00edrem o Reino de Deus aqui na terra. Nesta Eucaristia, agrade\u00e7amos ao Senhor a disponibilidade de tantos leigos e leigas que se colocam a servi\u00e7o do Reino de Deus. A presen\u00e7a do fiel leigo no mundo \u00e9 a sua primeira miss\u00e3o sendo luz, sal e fermento com o seu testemunho crist\u00e3o.<\/p>\n<p style=\"text-align: justify;\">A Primeira Leitura da solenidade deste domingo <em>(Dn 7, 13 -14)<\/em> continua a leitura da semana passada. Daniel \u00e9 um profeta vision\u00e1rio, ou seja, tinha vis\u00e3o apocal\u00edptica. Daniel defendia a justi\u00e7a e falava contra as injusti\u00e7as. Daniel tinha a vis\u00e3o de um anci\u00e3o de muitos dias, e esse anci\u00e3o podemos comparar a Deus. E esse anci\u00e3o tinha um poder eterno que n\u00e3o lhe seria tirado e um reino que n\u00e3o se dissolver\u00e1.<\/p>\n<p style=\"text-align: justify;\">O Salmo Responsorial \u00e9 o 92 (93). O salmista eleva a realeza de Deus e todos n\u00f3s devemos louv\u00e1-lo. Deus criou tudo o que existe, ele \u00e9 Santo, \u00e9 forte e existe eternamente.<\/p>\n<p style=\"text-align: justify;\">Na Segunda Leitura (<em>Ap 1, 5 -8) <\/em>Jo\u00e3o tem a vis\u00e3o da segunda vinda de Jesus, quando vir\u00e1 para julgar todas as na\u00e7\u00f5es. Ele \u00e9 o princ\u00edpio e o fim, o Alfa e o \u00d4mega. Ele ressuscitou primeiro, para nos dar a certeza de que o mesmo acontecer\u00e1 conosco. Do final do tempo comum ao segundo domingo do Advento, as leituras ter\u00e3o esse cunho mais do g\u00eanero liter\u00e1rio apocal\u00edptico. Que n\u00e3o deve nos assustar, mas fazer com que nos preparemos, ficando vigilantes e orantes, para estarmos de p\u00e9 nesse momento. Quer nos dar esperan\u00e7a no meio das dificuldades e persegui\u00e7\u00f5es.<\/p>\n<p style=\"text-align: justify;\">O Evangelho <em>(Jo 18, 33b \u2013 37)<\/em> de hoje \u00e9 extra\u00eddo do relato da paix\u00e3o, do di\u00e1logo entre Pilatos e Jesus. Pilatos chama Jesus e lhe pergunta: <em>\u201cTu \u00e9s o rei dos Judeus\u201d? (Jo 18, 33). <\/em>Jesus responde a Pilatos dizendo se ele tinha dito aquilo por ele mesmo, ou outros te disseram isso de mim? Pilatos responde a Jesus dizendo: <em>Por acaso sou judeu? O teu povo e os sumos sacerdotes te entregaram a mim, que fizeste? <\/em>Jesus responde dizendo que o reino dele \u00e9 deste mundo e se o seu reino fosse desse mundo, os guardas lutariam para que Jesus n\u00e3o fosse entregue aos Judeus. E Jesus afirma novamente: <em>\u201cmeu reino n\u00e3o \u00e9 daqui\u201d.<\/em> E Pilatos continua indagando a Jesus: \u201c<em>Ent\u00e3o tu \u00e9s Rei\u201d?<\/em> E Jesus diz: <em>Tu o dizes, eu sou rei. Eu vim ao mundo para dar testemunho da verdade, todo aquele que \u00e9 da verdade, escuta a minha voz.<\/em><\/p>\n<p style=\"text-align: justify;\">O Reino de Jesus n\u00e3o \u00e9 daqui: o reinado de Jesus \u00e9 o reino dos c\u00e9us, o reino eterno, e todos aqueles que fazem a sua vontade, tomar\u00e3o posse desse reino. Jesus \u00e9 um rei diferente, sem capa, sem cavalo, sem viver em pal\u00e1cio, vive humildemente anunciando o Reino de Deus e a verdade, e todos n\u00f3s somos chamados a colocar em pr\u00e1tica esse reino de Deus nos dias de hoje.<\/p>\n<p style=\"text-align: justify;\">Todos n\u00f3s, hoje, somos chamados a dar continuidade na constru\u00e7\u00e3o desse Reino de Deus, atrav\u00e9s de algumas pr\u00e1ticas: amando o pr\u00f3ximo, praticando a caridade, a miseric\u00f3rdia e o perd\u00e3o. Em suma, vivenciar o Reino de Deus \u00e9 viver aqui na terra as bem-aventuran\u00e7as (<em>Mt 5), <\/em>pondo as bem-aventuran\u00e7as em pr\u00e1tica, viveremos o reino de Deus aqui na terra e almejaremos viv\u00ea-lo no c\u00e9u.<\/p>\n<p style=\"text-align: justify;\">Vivenciemos hoje o reino de Deus aqui na terra, para almej\u00e1-lo viver l\u00e1 no c\u00e9u. Que possamos dar continuidade a esse Reino instaurado por Jesus, enquanto esteve entre n\u00f3s. Sejamos protagonistas em nossas comunidades, servindo a Deus e aos irm\u00e3os com alegria. Que todos os leigos sejam evangelizadores e cumpram a miss\u00e3o dada a eles desde o batismo, \u201cser sal na terra e luz no mundo\u201d. Am\u00e9m.<\/p>\n<p style=\"text-align: justify;\">Cristo vive, Cristo reina, Cristo impera! Louvado Seja Nosso Senhor Jesus Cristo!<\/p>\n","protected":false},"excerpt":{"rendered":"<p>Chegamos ao \u00faltimo domingo do Tempo Comum celebrando a Solenidade de Nosso Senhor Jesus Cristo, Rei do Universo. Hoje, aclamamos Jesus como rei de nossas vidas e rei da Igreja. Assim como o povo Judeu aclamou Jesus no Domingo de Ramos, quando Ele entrou em Jerusal\u00e9m, hoje somos convidados a fazer o mesmo e aclamar [&hellip;]<\/p>\n","protected":false},"author":5,"featured_media":55819,"comment_status":"open","ping_status":"closed","sticky":false,"template":"","format":"standard","meta":{"footnotes":""},"categories":[9],"tags":[],"class_list":["post-71415","post","type-post","status-publish","format-standard","has-post-thumbnail","hentry","category-artigos"],"_links":{"self":[{"href":"https:\/\/catolicanet.net\/wp-cnet\/wp-json\/wp\/v2\/posts\/71415","targetHints":{"allow":["GET"]}}],"collection":[{"href":"https:\/\/catolicanet.net\/wp-cnet\/wp-json\/wp\/v2\/posts"}],"about":[{"href":"https:\/\/catolicanet.net\/wp-cnet\/wp-json\/wp\/v2\/types\/post"}],"author":[{"embeddable":true,"href":"https:\/\/catolicanet.net\/wp-cnet\/wp-json\/wp\/v2\/users\/5"}],"replies":[{"embeddable":true,"href":"https:\/\/catolicanet.net\/wp-cnet\/wp-json\/wp\/v2\/comments?post=71415"}],"version-history":[{"count":1,"href":"https:\/\/catolicanet.net\/wp-cnet\/wp-json\/wp\/v2\/posts\/71415\/revisions"}],"predecessor-version":[{"id":71416,"href":"https:\/\/catolicanet.net\/wp-cnet\/wp-json\/wp\/v2\/posts\/71415\/revisions\/71416"}],"wp:featuredmedia":[{"embeddable":true,"href":"https:\/\/catolicanet.net\/wp-cnet\/wp-json\/wp\/v2\/media\/55819"}],"wp:attachment":[{"href":"https:\/\/catolicanet.net\/wp-cnet\/wp-json\/wp\/v2\/media?parent=71415"}],"wp:term":[{"taxonomy":"category","embeddable":true,"href":"https:\/\/catolicanet.net\/wp-cnet\/wp-json\/wp\/v2\/categories?post=71415"},{"taxonomy":"post_tag","embeddable":true,"href":"https:\/\/catolicanet.net\/wp-cnet\/wp-json\/wp\/v2\/tags?post=71415"}],"curies":[{"name":"wp","href":"https:\/\/api.w.org\/{rel}","templated":true}]}}