{"id":71398,"date":"2021-11-19T09:14:47","date_gmt":"2021-11-19T12:14:47","guid":{"rendered":"https:\/\/catolicanet.net\/wp-cnet\/?p=71398"},"modified":"2021-11-19T19:16:28","modified_gmt":"2021-11-19T22:16:28","slug":"abertas-inscricoes-para-o-encontro-do-projeto-espalhando-esperanca","status":"publish","type":"post","link":"https:\/\/catolicanet.net\/wp-cnet\/abertas-inscricoes-para-o-encontro-do-projeto-espalhando-esperanca\/","title":{"rendered":"ABERTAS INSCRI\u00c7\u00d5ES PARA O ENCONTRO DO PROJETO \u201cESPALHANDO ESPERAN\u00c7A\u201d"},"content":{"rendered":"<p style=\"text-align: justify;\">O projeto\u00a0<strong>\u201cEspalhando Esperan\u00e7a\u201d<\/strong>\u00a0\u00e9 uma organiza\u00e7\u00e3o da Fazenda Esperan\u00e7a em parceria com a Comiss\u00e3o para a Juventude da Confer\u00eancia Nacional dos Bispos do Brasil (CNBB), para recrutar jovens para serem volunt\u00e1rios da fazenda.<\/p>\n<p style=\"text-align: justify;\">Segundo a organiza\u00e7\u00e3o, o objetivo \u00e9\u00a0\u201cdesafiar\u00a0os jovens a fazer um upgrade em suas vidas\u201d\u00a0atrav\u00e9s de uma experi\u00eancia profunda de viv\u00eancia nas comunidades.<\/p>\n<p style=\"text-align: justify;\">Os volunt\u00e1rios poder\u00e3o atuar nas sedes da Fazenda dentro e fora do Brasil, podendo passar no m\u00ednimo de um m\u00eas em territ\u00f3rio nacional, tr\u00eas meses nos demais pa\u00edses americanos e um ano em outros continentes.<\/p>\n<p style=\"text-align: justify;\">Em participa\u00e7\u00e3o especial no programa\u00a0<a href=\"https:\/\/www.a12.com\/tv\/programas\/igreja-em-saida\" target=\"_blank\" rel=\"noopener\">\u201cIgreja em Sa\u00edda\u201d, da TV Aparecida<\/a>, o padre Ant\u00f4nio Ramos Prado, assessor externo da Comiss\u00e3o para a Juventude da CNBB, falou sobre a iniciativa:<\/p>\n<div class=\"ast-oembed-container\" style=\"text-align: justify;\">\n<div>\n<div>\n<p><iframe loading=\"lazy\" title=\"Comiss\u00e3o Episcopal Pastoral para a Juventude\" width=\"696\" height=\"392\" src=\"https:\/\/www.youtube.com\/embed\/Z9m5Ps2fOAg?feature=oembed\" frameborder=\"0\" allow=\"accelerometer; autoplay; clipboard-write; encrypted-media; gyroscope; picture-in-picture\" allowfullscreen><\/iframe><\/p>\n<\/div>\n<\/div>\n<\/div>\n<p style=\"text-align: justify;\">\n<h3 style=\"text-align: justify;\"><strong>Encontro Espalhando Esperan\u00e7a 2021\u00a0\u00a0<\/strong><\/h3>\n<p style=\"text-align: justify;\">O\u00a0<a href=\"https:\/\/docs.google.com\/forms\/d\/e\/1FAIpQLSfYVPxv5gMptpv-TWzqrmclU3xCqNblSvYEMsZyAGZ6tGptnQ\/viewform\" target=\"_blank\" rel=\"noopener\">Encontro do Projeto Espalhando Esperan\u00e7a<\/a>\u00a0\u00e9 um momento de forma\u00e7\u00e3o para aqueles que desejam fazer um trabalho mission\u00e1rio nas Fazendas da Esperan\u00e7a do Brasil ou do mundo. Ser\u00e3o tr\u00eas dias de atividades e temas para que cada um possa descobrir, de uma forma mais concreta, o carisma da Esperan\u00e7a.<\/p>\n<p style=\"text-align: justify;\">O encontro ser\u00e1 realizado nos 3 a 5 de dezembro, no Santu\u00e1rio da Esperan\u00e7a (Fazenda da Esperan\u00e7a S\u00e3o Lib\u00f3rio), em Guaratinguet\u00e1 (SP).<\/p>\n<p style=\"text-align: justify;\">As inscri\u00e7\u00f5es s\u00e3o pagas e para se inscrever \u00e9 preciso preencher o formul\u00e1rio de inscri\u00e7\u00e3o (<a href=\"https:\/\/docs.google.com\/forms\/d\/e\/1FAIpQLSfYVPxv5gMptpv-TWzqrmclU3xCqNblSvYEMsZyAGZ6tGptnQ\/viewform\" target=\"_blank\" rel=\"noopener\">Aqui<\/a>).<\/p>\n<p style=\"text-align: justify;\">Para mais informa\u00e7\u00f5es: (12) 9 9182 2871 (Whatsapp) ou pelo e-mail espalhandoesperanca@fazenda.org.br<\/p>\n<h3 style=\"text-align: justify;\"><strong>Sobre o Projeto<\/strong><\/h3>\n<p style=\"text-align: justify;\">O\u00a0<a href=\"https:\/\/bit.ly\/EspalhandoEsperan%C3%A7aDezembro2021\" target=\"_blank\" rel=\"noopener\">Projeto Espalhando Esperan\u00e7a<\/a>\u00a0surgiu ap\u00f3s a JMJ 2013 quando o Papa Francisco disse para todos os jovens: \u201cIde sem medo, servir!\u201d. Em resposta a este pedido, o Projeto deseja proporcionar a cada jovem um verdadeiro encontro com Deus-Amor a partir de uma experi\u00eancia mission\u00e1ria em uma das 125 comunidades da Fazenda da Esperan\u00e7a que hoje est\u00e1 presente em 17 pa\u00edses (America Latina, Europa, Africa e at\u00e9 na \u00c1sia). J\u00e1 foram muitos os jovens que em diferentes pa\u00edses e estados do Brasil encontraram um novo sentido para a vida e hoje seguem em suas realidades irradiando amor.<\/p>\n","protected":false},"excerpt":{"rendered":"<p>O projeto\u00a0\u201cEspalhando Esperan\u00e7a\u201d\u00a0\u00e9 uma organiza\u00e7\u00e3o da Fazenda Esperan\u00e7a em parceria com a Comiss\u00e3o para a Juventude da Confer\u00eancia Nacional dos Bispos do Brasil (CNBB), para recrutar jovens para serem volunt\u00e1rios da fazenda. Segundo a organiza\u00e7\u00e3o, o objetivo \u00e9\u00a0\u201cdesafiar\u00a0os jovens a fazer um upgrade em suas vidas\u201d\u00a0atrav\u00e9s de uma experi\u00eancia profunda de viv\u00eancia nas comunidades. Os [&hellip;]<\/p>\n","protected":false},"author":1,"featured_media":71399,"comment_status":"open","ping_status":"closed","sticky":false,"template":"","format":"standard","meta":{"footnotes":""},"categories":[7],"tags":[],"class_list":["post-71398","post","type-post","status-publish","format-standard","has-post-thumbnail","hentry","category-cnbb"],"_links":{"self":[{"href":"https:\/\/catolicanet.net\/wp-cnet\/wp-json\/wp\/v2\/posts\/71398","targetHints":{"allow":["GET"]}}],"collection":[{"href":"https:\/\/catolicanet.net\/wp-cnet\/wp-json\/wp\/v2\/posts"}],"about":[{"href":"https:\/\/catolicanet.net\/wp-cnet\/wp-json\/wp\/v2\/types\/post"}],"author":[{"embeddable":true,"href":"https:\/\/catolicanet.net\/wp-cnet\/wp-json\/wp\/v2\/users\/1"}],"replies":[{"embeddable":true,"href":"https:\/\/catolicanet.net\/wp-cnet\/wp-json\/wp\/v2\/comments?post=71398"}],"version-history":[{"count":1,"href":"https:\/\/catolicanet.net\/wp-cnet\/wp-json\/wp\/v2\/posts\/71398\/revisions"}],"predecessor-version":[{"id":71400,"href":"https:\/\/catolicanet.net\/wp-cnet\/wp-json\/wp\/v2\/posts\/71398\/revisions\/71400"}],"wp:featuredmedia":[{"embeddable":true,"href":"https:\/\/catolicanet.net\/wp-cnet\/wp-json\/wp\/v2\/media\/71399"}],"wp:attachment":[{"href":"https:\/\/catolicanet.net\/wp-cnet\/wp-json\/wp\/v2\/media?parent=71398"}],"wp:term":[{"taxonomy":"category","embeddable":true,"href":"https:\/\/catolicanet.net\/wp-cnet\/wp-json\/wp\/v2\/categories?post=71398"},{"taxonomy":"post_tag","embeddable":true,"href":"https:\/\/catolicanet.net\/wp-cnet\/wp-json\/wp\/v2\/tags?post=71398"}],"curies":[{"name":"wp","href":"https:\/\/api.w.org\/{rel}","templated":true}]}}