{"id":71395,"date":"2021-11-19T09:08:32","date_gmt":"2021-11-19T12:08:32","guid":{"rendered":"https:\/\/catolicanet.net\/wp-cnet\/?p=71395"},"modified":"2021-11-19T19:13:06","modified_gmt":"2021-11-19T22:13:06","slug":"confira-as-dicas-de-como-preparar-a-comunidade-para-o-dia-nacional-do-leigo-a-ser-comemorado-dia-21-de-novembro-festa-de-cristo-rei","status":"publish","type":"post","link":"https:\/\/catolicanet.net\/wp-cnet\/confira-as-dicas-de-como-preparar-a-comunidade-para-o-dia-nacional-do-leigo-a-ser-comemorado-dia-21-de-novembro-festa-de-cristo-rei\/","title":{"rendered":"CONFIRA AS DICAS DE COMO PREPARAR A COMUNIDADE PARA O DIA NACIONAL DO LEIGO, A SER COMEMORADO DIA 21 DE NOVEMBRO, FESTA DE CRISTO REI"},"content":{"rendered":"<p style=\"text-align: justify;\">Com o tema deste ano \u201cTestemunhas de Jesus libertador no compromisso com a vida\u201d, o Conselho Nacional do Laicato do Brasil (CNLB) lan\u00e7a subs\u00eddio para vivenciar o Dia Nacional dos Crist\u00e3os Leigos e Leigas, comemorado sempre no \u00faltimo domingo antes do Advento, este ano em 21 de novembro, Festa de Cristo Rei.<\/p>\n<p style=\"text-align: justify;\">Segundo a presidente do Conselho Nacional do Laicato do Brasil (CNLB), S\u00f4nia Gomes de Oliveira, o tema deste ano motiva a pensar a voca\u00e7\u00e3o e miss\u00e3o dos leigos e leigas como crist\u00e3os: testemunhar Jesus e ser art\u00edfice de seu Reino de amor, justi\u00e7a, igualdade, solidariedade. E, como imita\u00e7\u00e3o do Mestre, estar a servi\u00e7o da vida!<\/p>\n<p style=\"text-align: justify;\">Confira, abaixo, a entrevista que a presidente do CNLB concedeu ao Jornal Brasil Hoje (JBH) da Signis R\u00e1dio R.C.R. (Rede Cat\u00f3lica de R\u00e1dio) sobre a realidade e os desafios para os leigos e leigas na Igreja no Brasil:<\/p>\n<div id=\"mep_0\" class=\"mejs-container mejs-container-keyboard-inactive wp-audio-shortcode mejs-audio\" style=\"text-align: justify;\" tabindex=\"0\" role=\"application\" aria-label=\"Tocador de \u00e1udio\">\n<div class=\"mejs-inner\">\n<div class=\"mejs-controls\">\n<!--[if lt IE 9]><script>document.createElement('audio');<\/script><![endif]-->\n<audio class=\"wp-audio-shortcode\" id=\"audio-71395-1\" preload=\"none\" style=\"width: 100%;\" controls=\"controls\"><source type=\"audio\/mpeg\" src=\"https:\/\/www.cnbb.org.br\/wp-content\/uploads\/2021\/11\/SoniaCNLB.mp3?_=1\" \/><a href=\"https:\/\/www.cnbb.org.br\/wp-content\/uploads\/2021\/11\/SoniaCNLB.mp3\">https:\/\/www.cnbb.org.br\/wp-content\/uploads\/2021\/11\/SoniaCNLB.mp3<\/a><\/audio>\n<\/div>\n<\/div>\n<\/div>\n<h3 style=\"text-align: justify;\">\u201cEu vi a afli\u00e7\u00e3o do meu povo\u201d<\/h3>\n<p style=\"text-align: justify;\"><img loading=\"lazy\" decoding=\"async\" class=\"wp-image-858479 size-medium alignright lazyloaded\" src=\"https:\/\/eadn-wc02-718006.nxedge.io\/cdn\/wp-content\/uploads\/2021\/10\/Cartilha-Dia-do-Leigo-2021-212x300-1.jpg\" sizes=\"auto, (max-width: 212px) 100vw, 212px\" srcset=\"https:\/\/eadn-wc02-718006.nxedge.io\/cdn\/wp-content\/uploads\/2021\/10\/Cartilha-Dia-do-Leigo-2021-212x300-1.jpg 212w, https:\/\/eadn-wc02-718006.nxedge.io\/cdn\/wp-content\/uploads\/2021\/10\/Cartilha-Dia-do-Leigo-2021-1.jpg 395w\" alt=\"\" width=\"212\" height=\"300\" data-srcset=\"https:\/\/eadn-wc02-718006.nxedge.io\/cdn\/wp-content\/uploads\/2021\/10\/Cartilha-Dia-do-Leigo-2021-212x300-1.jpg 212w, https:\/\/eadn-wc02-718006.nxedge.io\/cdn\/wp-content\/uploads\/2021\/10\/Cartilha-Dia-do-Leigo-2021-1.jpg 395w\" data-src=\"https:\/\/eadn-wc02-718006.nxedge.io\/cdn\/wp-content\/uploads\/2021\/10\/Cartilha-Dia-do-Leigo-2021-212x300-1.jpg\" data-sizes=\"(max-width: 212px) 100vw, 212px\" \/><\/p>\n<p style=\"text-align: justify;\">A ilumina\u00e7\u00e3o b\u00edblica, extra\u00edda do livro do \u00caxodo (3,7-8) \u201cEu vi a afli\u00e7\u00e3o do meu povo e desci para libert\u00e1-lo\u201c, \u00e9 o lema que inspira a reflex\u00e3o deste ano.\u00a0\u00a0De acordo com a presidente do CNLB, S\u00f4nia Gomes de Oliveira s\u00f3 pode ver a afli\u00e7\u00e3o do irm\u00e3o quem se prop\u00f5e a abrir o seu cora\u00e7\u00e3o, as portas e as janelas de sua casa e caminhar rumo \u00e0s periferias.<\/p>\n<p style=\"text-align: justify;\">\u201cEste \u00e9 o sentimento e a espiritualidade que precisamos alimentar em n\u00f3s, a dimens\u00e3o do servi\u00e7o do avental que nos faz servidores. Os tempos s\u00e3o desafiadores, nunca foi t\u00e3o dif\u00edcil manter a profecia, mas nunca foi t\u00e3o necess\u00e1rio testemunhar Jesus e seu Projeto em nossa sociedade\u201d, afirma S\u00f4nia.<\/p>\n<p style=\"text-align: justify;\">O Dia Nacional dos Crist\u00e3os Leigos e Leigas \u00e9 celebrado desde 1991. O CNLB disponibilizou subs\u00eddio \u00a0de reflex\u00e3o e celebra\u00e7\u00e3o para os regionais, arquidioceses, dioceses, par\u00f3quias, movimentos pastorais, associa\u00e7\u00f5es laicais e comunidades.<\/p>\n<p style=\"text-align: justify;\">Para fazer o download da cartilha do cartaz no site do site do CNLB:<a href=\"https:\/\/www.cnlb.org.br\/?page_id=8553\" target=\"_blank\" rel=\"noopener\">\u00a0www.cnlb.org.br<\/a><\/p>\n","protected":false},"excerpt":{"rendered":"<p>Com o tema deste ano \u201cTestemunhas de Jesus libertador no compromisso com a vida\u201d, o Conselho Nacional do Laicato do Brasil (CNLB) lan\u00e7a subs\u00eddio para vivenciar o Dia Nacional dos Crist\u00e3os Leigos e Leigas, comemorado sempre no \u00faltimo domingo antes do Advento, este ano em 21 de novembro, Festa de Cristo Rei. Segundo a presidente [&hellip;]<\/p>\n","protected":false},"author":1,"featured_media":71396,"comment_status":"open","ping_status":"closed","sticky":false,"template":"","format":"standard","meta":{"footnotes":""},"categories":[7],"tags":[],"class_list":["post-71395","post","type-post","status-publish","format-standard","has-post-thumbnail","hentry","category-cnbb"],"_links":{"self":[{"href":"https:\/\/catolicanet.net\/wp-cnet\/wp-json\/wp\/v2\/posts\/71395","targetHints":{"allow":["GET"]}}],"collection":[{"href":"https:\/\/catolicanet.net\/wp-cnet\/wp-json\/wp\/v2\/posts"}],"about":[{"href":"https:\/\/catolicanet.net\/wp-cnet\/wp-json\/wp\/v2\/types\/post"}],"author":[{"embeddable":true,"href":"https:\/\/catolicanet.net\/wp-cnet\/wp-json\/wp\/v2\/users\/1"}],"replies":[{"embeddable":true,"href":"https:\/\/catolicanet.net\/wp-cnet\/wp-json\/wp\/v2\/comments?post=71395"}],"version-history":[{"count":1,"href":"https:\/\/catolicanet.net\/wp-cnet\/wp-json\/wp\/v2\/posts\/71395\/revisions"}],"predecessor-version":[{"id":71397,"href":"https:\/\/catolicanet.net\/wp-cnet\/wp-json\/wp\/v2\/posts\/71395\/revisions\/71397"}],"wp:featuredmedia":[{"embeddable":true,"href":"https:\/\/catolicanet.net\/wp-cnet\/wp-json\/wp\/v2\/media\/71396"}],"wp:attachment":[{"href":"https:\/\/catolicanet.net\/wp-cnet\/wp-json\/wp\/v2\/media?parent=71395"}],"wp:term":[{"taxonomy":"category","embeddable":true,"href":"https:\/\/catolicanet.net\/wp-cnet\/wp-json\/wp\/v2\/categories?post=71395"},{"taxonomy":"post_tag","embeddable":true,"href":"https:\/\/catolicanet.net\/wp-cnet\/wp-json\/wp\/v2\/tags?post=71395"}],"curies":[{"name":"wp","href":"https:\/\/api.w.org\/{rel}","templated":true}]}}