{"id":71380,"date":"2021-11-19T09:33:53","date_gmt":"2021-11-19T12:33:53","guid":{"rendered":"https:\/\/catolicanet.net\/wp-cnet\/?p=71380"},"modified":"2021-11-19T18:36:21","modified_gmt":"2021-11-19T21:36:21","slug":"dia-da-pesca-turkson-agir-juntos-para-deter-as-violacoes-dos-direitos-humanos","status":"publish","type":"post","link":"https:\/\/catolicanet.net\/wp-cnet\/dia-da-pesca-turkson-agir-juntos-para-deter-as-violacoes-dos-direitos-humanos\/","title":{"rendered":"Dia da Pesca, Turkson: agir juntos para deter as viola\u00e7\u00f5es dos direitos humanos"},"content":{"rendered":"<figure class=\"article__image\" style=\"text-align: justify;\"><span class=\"didascalia_img\">A vida dos pescadores e suas atividades no mar: uma situa\u00e7\u00e3o dif\u00edcil que exige uma rea\u00e7\u00e3o internacional comum\u00a0<\/span><\/figure>\n<div class=\"article__meta \" data-mediatype=\"\">\n<div class=\"article__subTitle\" style=\"text-align: justify;\">Numa mensagem em vista do domingo, 21 de novembro, o prefeito do Dicast\u00e9rio para o Servi\u00e7o do Desenvolvimento Humano Integral recorda com preocupa\u00e7\u00e3o e urg\u00eancia a dram\u00e1tica situa\u00e7\u00e3o de abusos sofridos pelos pescadores em todo o mundo. Inseguran\u00e7a, pris\u00e3o e explora\u00e7\u00e3o: este setor fornece alimento para uma grande parte do mundo, n\u00e3o pode ser abandonado.<\/div>\n<div class=\"title__separator\" style=\"text-align: justify;\"><\/div>\n<div class=\"article__text \">\n<p style=\"text-align: justify;\"><b>Gabriella Ceraso \u2013 Vatican News<\/b><\/p>\n<p style=\"text-align: justify;\">Ainda h\u00e1 muitas viola\u00e7\u00f5es dos direitos humanos no mar. Outro apelo aos organismos internacionais, aos governos e empresas para det\u00ea-las: se n\u00e3o intervirmos, poder\u00e1 ser mais dif\u00edcil erradicar os abusos que ocorrem e o custo humano e econ\u00f4mico seria muito elevado para a ind\u00fastria.<\/p>\n<p style=\"text-align: justify;\">\u00c9 este o centro da mensagem que o prefeito do Dicast\u00e9rio para o Servi\u00e7o do Desenvolvimento Humano Integral escreve em vista do Dia Mundial da Pesca celebrado no domingo, 21 de novembro. A sua aten\u00e7\u00e3o, em particular este ano, se dirige ao campo comercial e industrial. Recorda as palavras do Papa Francisco dirigidas, em julho de 2019, aos participantes do Encontro Europeu de Stella Maris: \u201c&#8230; sem os pescadores, muitas partes do mundo morreriam de fome\u201d.<\/p>\n<p style=\"text-align: justify;\">O cardeal Peter Turkson, em linha com o prop\u00f3sito do Dia desde a sua cria\u00e7\u00e3o em 1998, chama fortemente a aten\u00e7\u00e3o para o modo de viver do setor que emprega o maior n\u00famero de trabalhadores e gera um dos produtos aliment\u00edcios mais processados \u200b\u200bdo mundo: o peixe.<\/p>\n<p style=\"text-align: justify;\">&#8220;Entrar no mundo destes trabalhadores&#8221;, observa o cardeal, &#8220;\u00e9 aventurar-se &#8216;num mar vasto e profundo&#8217;, constitu\u00eddo por diferentes etnias e nacionalidades, por pessoas que navegam sem descanso para responder \u00e0s &#8216;necessidades insaci\u00e1veis \u200b\u200bdo nosso mundo&#8217;. Hoje, a pesca comercial e industrial est\u00e1 &#8216;envolvida numa teia de dificuldades e desafios&#8217; ligados tanto \u00e0 viola\u00e7\u00e3o de direitos quanto \u00e0 pandemia&#8221;.<\/p>\n<h2 style=\"text-align: justify;\">Uma vida de solid\u00e3o e explora\u00e7\u00e3o do trabalho<\/h2>\n<p style=\"text-align: justify;\">Mas \u00e9 nos direitos que o prefeito se det\u00e9m, porque &#8220;apesar das conven\u00e7\u00f5es e dos esfor\u00e7os internacionais, quando os pescadores saem das \u00e1guas do porto, a quil\u00f4metros e quil\u00f4metros da terra firme, sem poder desembarcar \u00e0s vezes h\u00e1 anos, tornam-se ref\u00e9ns de circunst\u00e2ncias extremamente dif\u00edceis de fiscaliza\u00e7\u00e3o&#8221;. S\u00e3o elas: &#8220;turnos intermin\u00e1veis \u200b\u200bde dia e de noite para pescar o m\u00e1ximo poss\u00edvel, em qualquer condi\u00e7\u00e3o clim\u00e1tica&#8221;, de cansa\u00e7o e les\u00f5es, basta pensar que h\u00e1 mais de 24 mil mortes em um ano, uma &#8220;ind\u00fastria de pesca mortal&#8221;, pela qual as fam\u00edlias n\u00e3o recebem nenhuma indeniza\u00e7\u00e3o, sem falar no fato de que os corpos muitas vezes s\u00e3o sepultados no mar sem afeto ou cuidado.<\/p>\n<h2 style=\"text-align: justify;\">Seguran\u00e7a ausente a bordo e fora<\/h2>\n<p style=\"text-align: justify;\">O cap\u00edtulo da seguran\u00e7a no mar, tamb\u00e9m pelo fato de as tripula\u00e7\u00f5es das frotas ultrapassarem os 20 anos, deveria estar no topo das preocupa\u00e7\u00f5es dos propriet\u00e1rios e dos governos, mas n\u00e3o \u00e9 assim, explica o cardeal, citando &#8220;condi\u00e7\u00f5es desumanas a bordo&#8221;, &#8220;cozinhas e despensas sujas&#8221;, &#8220;reservat\u00f3rios de \u00e1gua enferrujados&#8221;, &#8220;\u00e1gua pot\u00e1vel limitada e alimento de m\u00e1 qualidade e inadequado&#8221;. Soma-se a isso o risco de \u201cconfrontos armados com os militares que patrulham as fronteiras nacionais\u201d quando, por falta de estoques pesqueiros, os barcos pesqueiros t\u00eam de ir al\u00e9m do confim. Nesses casos, eles enfrentam desde pris\u00f5es e sequestros, sal\u00e1rios atrasados \u200b\u200be dificuldades de repatria\u00e7\u00e3o.<\/p>\n<h2 style=\"text-align: justify;\">Sil\u00eancio imposto e sal\u00e1rios retidos<\/h2>\n<p style=\"text-align: justify;\">Outro grave problema no setor pesqueiro que o cardeal Turkson chama a aten\u00e7\u00e3o do mundo nesta mensagem \u00e9 a remunera\u00e7\u00e3o: sal\u00e1rios n\u00e3o proporcionais ao n\u00famero de horas trabalhadas; horas extras n\u00e3o pagas, parte dos sal\u00e1rios retidos pelo mediador at\u00e9 o vencimento do contrato trienal. &#8220;Desta forma&#8221;, escreve o prefeito do Dicast\u00e9rio, &#8220;os pescadores s\u00e3o obrigados a se calar e a n\u00e3o reclamar \u00e0s autoridades, se n\u00e3o querem perder o dinheiro que a ag\u00eancia ret\u00e9m&#8221;.<\/p>\n<h2 style=\"text-align: justify;\">Pesca ilegal e tr\u00e1fico para atender \u00e0s necessidades do mundo<\/h2>\n<p style=\"text-align: justify;\">&#8220;Quanto mais cresce a demanda mundial, mais crescem os abusos e as injusti\u00e7as porque&#8221;, continua o cardeal, &#8220;para compensar o lucro da pesca, reduzido por causa da intensa concorr\u00eancia de muitas frotas que pescam cada vez menos peixes, os donos de barcos de pesca sem escr\u00fapulos praticam a pesca ilegal&#8221; e outras &#8220;atividades criminosas transnacionais, como tr\u00e1fico de pessoas, escravid\u00e3o, bem como contrabando de drogas e armas&#8221;.<\/p>\n<h2 style=\"text-align: justify;\">Precisamos agir juntos e r\u00e1pido<\/h2>\n<p style=\"text-align: justify;\">Eis o apelo sincero da Igreja cat\u00f3lica: embora reconhecendo &#8220;algumas melhorias nas condi\u00e7\u00f5es humanas e de trabalho dos pescadores&#8221;, ainda existem muitas viola\u00e7\u00f5es dos direitos humanos no mar. \u00c9 necess\u00e1rio det\u00ea-las agora atrav\u00e9s de uma rede de colabora\u00e7\u00e3o internacional. Trata-se de problemas interligados, mas se n\u00e3o agirmos juntos &#8220;para criar uma ind\u00fastria pesqueira em que os direitos humanos e trabalhistas dos pescadores sejam garantidos e apoiados, poder\u00e1 ser mais dif\u00edcil erradic\u00e1-los e o custo humano e econ\u00f4mico seria muito elevado para a ind\u00fastria&#8221;.<\/p>\n<p style=\"text-align: justify;\">A este respeito, o purpurado recorda n\u00e3o s\u00f3 do Evangelho e do Magist\u00e9rio da Igreja cat\u00f3lica que &#8220;o respeito por estes direitos \u00e9 condi\u00e7\u00e3o preliminar para o desenvolvimento social e econ\u00f4mico de um pa\u00eds, mas tamb\u00e9m que, como est\u00e1 escrito na Enc\u00edclica\u00a0<i>Fratelli tutti<\/i>, &#8220;Viver indiferente \u00e0 dor n\u00e3o \u00e9 uma escolha poss\u00edvel&#8221;. Por fim, o purpurado deseja que da indigna\u00e7\u00e3o passemos \u00e0 a\u00e7\u00e3o, para que &#8220;no centro da ind\u00fastria da pesca haja o respeito pelos direitos humanos e trabalhistas&#8221; e para que no caminho da vida dessas pessoas haja sempre o acompanhamento espiritual e material dos capel\u00e3es e volunt\u00e1rios de Stella Maris que encontram em seus rostos o rosto de Jesus Cristo sofredor.<\/p>\n<\/div>\n<\/div>\n","protected":false},"excerpt":{"rendered":"<p>A vida dos pescadores e suas atividades no mar: uma situa\u00e7\u00e3o dif\u00edcil que exige uma rea\u00e7\u00e3o internacional comum\u00a0 Numa mensagem em vista do domingo, 21 de novembro, o prefeito do Dicast\u00e9rio para o Servi\u00e7o do Desenvolvimento Humano Integral recorda com preocupa\u00e7\u00e3o e urg\u00eancia a dram\u00e1tica situa\u00e7\u00e3o de abusos sofridos pelos pescadores em todo o mundo. [&hellip;]<\/p>\n","protected":false},"author":1,"featured_media":71381,"comment_status":"open","ping_status":"closed","sticky":false,"template":"","format":"standard","meta":{"footnotes":""},"categories":[3],"tags":[],"class_list":["post-71380","post","type-post","status-publish","format-standard","has-post-thumbnail","hentry","category-vaticano"],"_links":{"self":[{"href":"https:\/\/catolicanet.net\/wp-cnet\/wp-json\/wp\/v2\/posts\/71380","targetHints":{"allow":["GET"]}}],"collection":[{"href":"https:\/\/catolicanet.net\/wp-cnet\/wp-json\/wp\/v2\/posts"}],"about":[{"href":"https:\/\/catolicanet.net\/wp-cnet\/wp-json\/wp\/v2\/types\/post"}],"author":[{"embeddable":true,"href":"https:\/\/catolicanet.net\/wp-cnet\/wp-json\/wp\/v2\/users\/1"}],"replies":[{"embeddable":true,"href":"https:\/\/catolicanet.net\/wp-cnet\/wp-json\/wp\/v2\/comments?post=71380"}],"version-history":[{"count":1,"href":"https:\/\/catolicanet.net\/wp-cnet\/wp-json\/wp\/v2\/posts\/71380\/revisions"}],"predecessor-version":[{"id":71382,"href":"https:\/\/catolicanet.net\/wp-cnet\/wp-json\/wp\/v2\/posts\/71380\/revisions\/71382"}],"wp:featuredmedia":[{"embeddable":true,"href":"https:\/\/catolicanet.net\/wp-cnet\/wp-json\/wp\/v2\/media\/71381"}],"wp:attachment":[{"href":"https:\/\/catolicanet.net\/wp-cnet\/wp-json\/wp\/v2\/media?parent=71380"}],"wp:term":[{"taxonomy":"category","embeddable":true,"href":"https:\/\/catolicanet.net\/wp-cnet\/wp-json\/wp\/v2\/categories?post=71380"},{"taxonomy":"post_tag","embeddable":true,"href":"https:\/\/catolicanet.net\/wp-cnet\/wp-json\/wp\/v2\/tags?post=71380"}],"curies":[{"name":"wp","href":"https:\/\/api.w.org\/{rel}","templated":true}]}}