{"id":71358,"date":"2021-11-18T09:02:21","date_gmt":"2021-11-18T12:02:21","guid":{"rendered":"https:\/\/catolicanet.net\/wp-cnet\/?p=71358"},"modified":"2021-11-18T12:05:15","modified_gmt":"2021-11-18T15:05:15","slug":"parolin-eliminacao-das-armas-nucleares-e-um-imperativo-moral-e-humanitario","status":"publish","type":"post","link":"https:\/\/catolicanet.net\/wp-cnet\/parolin-eliminacao-das-armas-nucleares-e-um-imperativo-moral-e-humanitario\/","title":{"rendered":"Parolin: elimina\u00e7\u00e3o das armas nucleares \u00e9 um imperativo moral e humanit\u00e1rio"},"content":{"rendered":"<div class=\"article__subTitle\" style=\"text-align: justify;\">O cardeal secret\u00e1rio de Estado pronunciou-se na confer\u00eancia sobre desarmamento promovida em Assis, pelo &#8220;Comit\u00ea por uma civiliza\u00e7\u00e3o do amor&#8221;. O desafio, afirma o purpurado, \u00e9 adotar estrat\u00e9gias perspicazes para alcan\u00e7ar o bem comum e superar a l\u00f3gica da dissuas\u00e3o. Foi relan\u00e7ada a ideia do Papa de transformar os recursos para as armas em um fundo para combater a pobreza e fomentar o desenvolvimento<\/div>\n<div class=\"title__separator\" style=\"text-align: justify;\"><\/div>\n<div class=\"article__text \">\n<p style=\"text-align: justify;\"><b>Michele Raviarti\/Raimundo de Lima \u2013 Vatican News<\/b><\/p>\n<div style=\"text-align: justify;\">\n<div class=\"article__embed article__embed--unwrap article__embed--dark\">\n<div class=\"article__innerTitle\">Ou\u00e7a a reportagem e compartilhe!<\/div>\n<div>\n<audio class=\"wp-audio-shortcode\" id=\"audio-71358-1\" preload=\"none\" style=\"width: 100%;\" controls=\"controls\"><source type=\"audio\/mpeg\" src=\"https:\/\/media.vaticannews.va\/media\/audio\/s1\/2021\/11\/17\/11\/136305717_F136305717.mp3?_=1\" \/><a href=\"https:\/\/media.vaticannews.va\/media\/audio\/s1\/2021\/11\/17\/11\/136305717_F136305717.mp3\">https:\/\/media.vaticannews.va\/media\/audio\/s1\/2021\/11\/17\/11\/136305717_F136305717.mp3<\/a><\/audio>\n<\/div>\n<\/div>\n<\/div>\n<p style=\"text-align: justify;\">A pandemia &#8220;est\u00e1 nos ensinando uma li\u00e7\u00e3o valiosa&#8221;, ou seja, que &#8220;\u00e9 necess\u00e1rio reconsiderar nosso conceito de seguran\u00e7a&#8221;, que &#8220;n\u00e3o pode se basear na amea\u00e7a de destrui\u00e7\u00e3o rec\u00edproca e no medo, mas deve encontrar seu fundamento na justi\u00e7a, no desenvolvimento humano integral, no respeito aos direitos humanos, no cuidado com a cria\u00e7\u00e3o, na promo\u00e7\u00e3o de estruturas educacionais e de sa\u00fade, no di\u00e1logo e na solidariedade&#8221;.<\/p>\n<p style=\"text-align: justify;\">Foi o que afirmou o cardeal secret\u00e1rio de Estado Pietro Parolin, abrindo com uma mensagem em v\u00eddeo a confer\u00eancia &#8220;A convers\u00e3o das armas nucleares? Conv\u00e9m!&#8221;, organizado pelo &#8220;Comit\u00ea por uma civiliza\u00e7\u00e3o do amor&#8221; e realizado na manh\u00e3 desta quarta-feira, 17 de novembro, na Sala de Imprensa do Sagrado Convento em Assis, na regi\u00e3o italiana da \u00dambria.<\/p>\n<h2 style=\"text-align: justify;\">Confian\u00e7a real e duradoura entre as Na\u00e7\u00f5es<\/h2>\n<p style=\"text-align: justify;\">O encontro reuniu diferentes realidades empenhadas em promover o desarmamento, a elimina\u00e7\u00e3o dos arsenais nucleares e sua convers\u00e3o em iniciativas de paz. Estas realidades foram elogiadas pelo cardeal secret\u00e1rio de Estado por seus esfor\u00e7os em conson\u00e2ncia com a vis\u00e3o da Santa S\u00e9 de uma comunidade internacional baseada no desenvolvimento e no fortalecimento da &#8220;confian\u00e7a real e duradoura&#8221; entre as Na\u00e7\u00f5es. Na busca do bem comum \u00e9, portanto, urgente adotar estrat\u00e9gias perspicazes, explica ainda o cardeal Parolin.<\/p>\n<h2 style=\"text-align: justify;\">Para al\u00e9m do medo e do isolacionismo<\/h2>\n<p style=\"text-align: justify;\">&#8220;O objetivo final da elimina\u00e7\u00e3o total das armas nucleares \u00e9 tanto um desafio quanto um imperativo moral e humanit\u00e1rio&#8221;, afirma o cardeal secret\u00e1rio de Estado, e &#8220;uma abordagem concreta deve promover uma reflex\u00e3o sobre uma \u00e9tica da paz e da seguran\u00e7a multilateral e cooperativa, que v\u00e1 al\u00e9m do medo e do isolacionismo que permeiam muitos debates atuais&#8221;. Neste sentido, h\u00e1 dois momentos nos pr\u00f3ximos meses em que a comunidade internacional tem a possibilidade de refletir sobre estas quest\u00f5es.<\/p>\n<h2 style=\"text-align: justify;\">Os eventos diplom\u00e1ticos do pr\u00f3ximo ano<\/h2>\n<p style=\"text-align: justify;\">Em janeiro pr\u00f3ximo, de fato, vai se realizar a d\u00e9cima confer\u00eancia de Revis\u00e3o do Tratado de N\u00e3o-Prolifera\u00e7\u00e3o Nuclear, que, recorda o cardeal Parolin, ser\u00e1 &#8220;um momento crucial para a comunidade internacional e em particular para as pot\u00eancias nucleares&#8221; para &#8220;demonstrar claramente sua capacidade de compreender os desafios atuais, enfrent\u00e1-los e resolv\u00ea-los&#8221;.\u00a0 Em mar\u00e7o, por sua vez, haver\u00e1 a primeira reuni\u00e3o entre os signat\u00e1rios do recente Tratado sobre a Proibi\u00e7\u00e3o das Armas Nucleares, que n\u00e3o foi aderido pelas pot\u00eancias nucleares e os Estados seus aliados militares (com exce\u00e7\u00e3o da Holanda) e entrou em vigor em janeiro passado. O purpurado definiu o acordo como &#8220;um sucesso da diplomacia multilateral&#8221; e lembrou que &#8220;sua negocia\u00e7\u00e3o e entrada em vigor n\u00e3o teriam sido poss\u00edveis sem a a\u00e7\u00e3o das muitas Associa\u00e7\u00f5es da sociedade civil comprometidas com a promo\u00e7\u00e3o cont\u00ednua do desarmamento e da paz&#8221;.<\/p>\n<h2 style=\"text-align: justify;\">As palavras do Papa sobre o desarmamento<\/h2>\n<p style=\"text-align: justify;\">Em conclus\u00e3o, o cardeal secret\u00e1rio de Estado recordou as palavras do Papa Francisco para o\u00a0<b><a href=\"https:\/\/www.vatican.va\/content\/francesco\/pt\/messages\/peace\/documents\/papa-francesco_20201208_messaggio-54giornatamondiale-pace2021.html\" target=\"_blank\" rel=\"external noopener\">54\u00ba Dia Mundial da Paz<\/a><\/b>\u00a0em 1\u00ba de janeiro passado, que devem ser consideradas como um guia para os pr\u00f3ximos passos rumo ao desarmamento. &#8220;Quanta dispers\u00e3o de recursos para armas, em particular para as armas nucleares? \u2013 se pergunta o Papa.\u00a0A resposta \u00e9 destinar esses recursos para a promo\u00e7\u00e3o da paz e do desenvolvimento humano e da sa\u00fade, atrav\u00e9s da institui\u00e7\u00e3o de um &#8220;Fundo mundial para poder eliminar definitivamente a fome e contribuir para o desenvolvimento dos pa\u00edses mais pobres!&#8221;<\/p>\n<\/div>\n","protected":false},"excerpt":{"rendered":"<p>O cardeal secret\u00e1rio de Estado pronunciou-se na confer\u00eancia sobre desarmamento promovida em Assis, pelo &#8220;Comit\u00ea por uma civiliza\u00e7\u00e3o do amor&#8221;. O desafio, afirma o purpurado, \u00e9 adotar estrat\u00e9gias perspicazes para alcan\u00e7ar o bem comum e superar a l\u00f3gica da dissuas\u00e3o. Foi relan\u00e7ada a ideia do Papa de transformar os recursos para as armas em um [&hellip;]<\/p>\n","protected":false},"author":1,"featured_media":71359,"comment_status":"open","ping_status":"closed","sticky":false,"template":"","format":"standard","meta":{"footnotes":""},"categories":[3],"tags":[],"class_list":["post-71358","post","type-post","status-publish","format-standard","has-post-thumbnail","hentry","category-vaticano"],"_links":{"self":[{"href":"https:\/\/catolicanet.net\/wp-cnet\/wp-json\/wp\/v2\/posts\/71358","targetHints":{"allow":["GET"]}}],"collection":[{"href":"https:\/\/catolicanet.net\/wp-cnet\/wp-json\/wp\/v2\/posts"}],"about":[{"href":"https:\/\/catolicanet.net\/wp-cnet\/wp-json\/wp\/v2\/types\/post"}],"author":[{"embeddable":true,"href":"https:\/\/catolicanet.net\/wp-cnet\/wp-json\/wp\/v2\/users\/1"}],"replies":[{"embeddable":true,"href":"https:\/\/catolicanet.net\/wp-cnet\/wp-json\/wp\/v2\/comments?post=71358"}],"version-history":[{"count":1,"href":"https:\/\/catolicanet.net\/wp-cnet\/wp-json\/wp\/v2\/posts\/71358\/revisions"}],"predecessor-version":[{"id":71360,"href":"https:\/\/catolicanet.net\/wp-cnet\/wp-json\/wp\/v2\/posts\/71358\/revisions\/71360"}],"wp:featuredmedia":[{"embeddable":true,"href":"https:\/\/catolicanet.net\/wp-cnet\/wp-json\/wp\/v2\/media\/71359"}],"wp:attachment":[{"href":"https:\/\/catolicanet.net\/wp-cnet\/wp-json\/wp\/v2\/media?parent=71358"}],"wp:term":[{"taxonomy":"category","embeddable":true,"href":"https:\/\/catolicanet.net\/wp-cnet\/wp-json\/wp\/v2\/categories?post=71358"},{"taxonomy":"post_tag","embeddable":true,"href":"https:\/\/catolicanet.net\/wp-cnet\/wp-json\/wp\/v2\/tags?post=71358"}],"curies":[{"name":"wp","href":"https:\/\/api.w.org\/{rel}","templated":true}]}}