{"id":71337,"date":"2021-11-17T08:51:27","date_gmt":"2021-11-17T11:51:27","guid":{"rendered":"https:\/\/catolicanet.net\/wp-cnet\/?p=71337"},"modified":"2021-11-17T12:55:15","modified_gmt":"2021-11-17T15:55:15","slug":"papa-pede-apoio-as-vitimas-de-abuso","status":"publish","type":"post","link":"https:\/\/catolicanet.net\/wp-cnet\/papa-pede-apoio-as-vitimas-de-abuso\/","title":{"rendered":"Papa pede apoio \u00e0s v\u00edtimas de abuso"},"content":{"rendered":"<figure class=\"article__image\" style=\"text-align: justify;\"><span class=\"didascalia_img\">Audi\u00eancia geral\u00a0 (Vatican Media)<\/span><\/figure>\n<div class=\"article__meta audioInside\" data-mediatype=\"\">\n<div class=\"article__subTitle\" style=\"text-align: justify;\">Nesta quinta-feira na It\u00e1lia celebra-se o primeiro Dia Nacional de Ora\u00e7\u00e3o pelas v\u00edtimas e sobreviventes de abuso, promovido pela Confer\u00eancia Episcopal. Papa recorda na Audi\u00eancia geral as pessoas que est\u00e3o perdendo seus empregos por causa da crise.<\/div>\n<div class=\"title__separator\" style=\"text-align: justify;\"><\/div>\n<div class=\"article__text \">\n<p style=\"text-align: justify;\"><b>Vatican News<\/b><\/p>\n<p style=\"text-align: justify;\">Na conclus\u00e3o da Audi\u00eancia geral desta quarta-feira (17\/11) o Papa Francisco pediu apoio \u00e0s v\u00edtimas de abuso:<\/p>\n<div style=\"text-align: justify;\">\n<div class=\"article__embed article__embed--unwrap article__embed--dark\">\n<div class=\"article__innerTitle\">Ou\u00e7a e compartilhe<\/div>\n<div>\n<!--[if lt IE 9]><script>document.createElement('audio');<\/script><![endif]-->\n<audio class=\"wp-audio-shortcode\" id=\"audio-71337-1\" preload=\"none\" style=\"width: 100%;\" controls=\"controls\"><source type=\"audio\/mpeg\" src=\"https:\/\/media.vaticannews.va\/media\/audio\/s1\/2021\/11\/17\/10\/136305539_F136305539.mp3?_=1\" \/><a href=\"https:\/\/media.vaticannews.va\/media\/audio\/s1\/2021\/11\/17\/10\/136305539_F136305539.mp3\">https:\/\/media.vaticannews.va\/media\/audio\/s1\/2021\/11\/17\/10\/136305539_F136305539.mp3<\/a><\/audio>\n<\/div>\n<\/div>\n<\/div>\n<p style=\"text-align: justify;\">&#8220;Amanh\u00e3, na It\u00e1lia celebra-se o primeiro Dia Nacional de Ora\u00e7\u00e3o pelas v\u00edtimas e sobreviventes de abuso, promovido pela Confer\u00eancia Episcopal. Fa\u00e7o votos &#8211; disse o Papa &#8211; de que esta iniciativa possa ser uma ocasi\u00e3o de reflex\u00e3o, sensibiliza\u00e7\u00e3o e ora\u00e7\u00e3o para apoiar a recupera\u00e7\u00e3o humana e espiritual das v\u00edtimas. \u00c9 dever imprescind\u00edvel &#8211; advertiu &#8211; de todos aqueles que t\u00eam alguma responsabilidade educativa: na fam\u00edlia, na par\u00f3quia, na escola e em locais esportivos proteger e respeitar os adolescentes e os jovens a eles confiados, pois \u00e9 precisamente nesses lugares que ocorre a maioria dos abusos\u201d.<\/p>\n<p style=\"text-align: justify;\">Ainda na conclus\u00e3o da Audi\u00eancia geral o Papa fez um apelo para que a crise das empresas na regi\u00e3o de Belluno, norte da It\u00e1lia, seja enfrentada sem sempre recorrer \u00e0 &#8220;l\u00f3gica do lucro&#8221;, mas \u00e0 &#8220;l\u00f3gica da partilha justa e solid\u00e1ria&#8221;. &#8220;No centro de cada quest\u00e3o de trabalho est\u00e1 sempre a pessoa e sua dignidade. Quando n\u00e3o se ganha o p\u00e3o se perde a dignidade. Devemos rezar, muito, por estas pessoas&#8221;, disse, referindo-se \u00e0queles que est\u00e3o perdendo seus empregos.<\/p>\n<\/div>\n<\/div>\n","protected":false},"excerpt":{"rendered":"<p>Audi\u00eancia geral\u00a0 (Vatican Media) Nesta quinta-feira na It\u00e1lia celebra-se o primeiro Dia Nacional de Ora\u00e7\u00e3o pelas v\u00edtimas e sobreviventes de abuso, promovido pela Confer\u00eancia Episcopal. Papa recorda na Audi\u00eancia geral as pessoas que est\u00e3o perdendo seus empregos por causa da crise. Vatican News Na conclus\u00e3o da Audi\u00eancia geral desta quarta-feira (17\/11) o Papa Francisco pediu [&hellip;]<\/p>\n","protected":false},"author":1,"featured_media":71338,"comment_status":"open","ping_status":"closed","sticky":false,"template":"","format":"standard","meta":{"footnotes":""},"categories":[3],"tags":[],"class_list":["post-71337","post","type-post","status-publish","format-standard","has-post-thumbnail","hentry","category-vaticano"],"_links":{"self":[{"href":"https:\/\/catolicanet.net\/wp-cnet\/wp-json\/wp\/v2\/posts\/71337","targetHints":{"allow":["GET"]}}],"collection":[{"href":"https:\/\/catolicanet.net\/wp-cnet\/wp-json\/wp\/v2\/posts"}],"about":[{"href":"https:\/\/catolicanet.net\/wp-cnet\/wp-json\/wp\/v2\/types\/post"}],"author":[{"embeddable":true,"href":"https:\/\/catolicanet.net\/wp-cnet\/wp-json\/wp\/v2\/users\/1"}],"replies":[{"embeddable":true,"href":"https:\/\/catolicanet.net\/wp-cnet\/wp-json\/wp\/v2\/comments?post=71337"}],"version-history":[{"count":1,"href":"https:\/\/catolicanet.net\/wp-cnet\/wp-json\/wp\/v2\/posts\/71337\/revisions"}],"predecessor-version":[{"id":71339,"href":"https:\/\/catolicanet.net\/wp-cnet\/wp-json\/wp\/v2\/posts\/71337\/revisions\/71339"}],"wp:featuredmedia":[{"embeddable":true,"href":"https:\/\/catolicanet.net\/wp-cnet\/wp-json\/wp\/v2\/media\/71338"}],"wp:attachment":[{"href":"https:\/\/catolicanet.net\/wp-cnet\/wp-json\/wp\/v2\/media?parent=71337"}],"wp:term":[{"taxonomy":"category","embeddable":true,"href":"https:\/\/catolicanet.net\/wp-cnet\/wp-json\/wp\/v2\/categories?post=71337"},{"taxonomy":"post_tag","embeddable":true,"href":"https:\/\/catolicanet.net\/wp-cnet\/wp-json\/wp\/v2\/tags?post=71337"}],"curies":[{"name":"wp","href":"https:\/\/api.w.org\/{rel}","templated":true}]}}