{"id":71327,"date":"2021-11-15T09:19:24","date_gmt":"2021-11-15T12:19:24","guid":{"rendered":"https:\/\/catolicanet.net\/wp-cnet\/?p=71327"},"modified":"2021-11-17T12:21:33","modified_gmt":"2021-11-17T15:21:33","slug":"cristaos-em-perigo-de-morte-na-mira-de-terroristas","status":"publish","type":"post","link":"https:\/\/catolicanet.net\/wp-cnet\/cristaos-em-perigo-de-morte-na-mira-de-terroristas\/","title":{"rendered":"Crist\u00e3os em perigo de morte, na mira de terroristas"},"content":{"rendered":"<p style=\"text-align: justify;\"><em>Fuga de Crist\u00e3os em Burkina Faso (Cr\u00e9dito: Divulga\u00e7\u00e3o)<\/em><\/p>\n<p style=\"text-align: justify;\"><strong><em>Maioria da popula\u00e7\u00e3o de Burkina Faso \u00e9 mu\u00e7ulmana (95,2%); 3,2% seguem a religi\u00e3o tradicional; e 1,6% s\u00e3o crist\u00e3os (1,22% cat\u00f3licos)<\/em><\/strong><\/p>\n<p style=\"text-align: justify;\"><strong>\u00a0<\/strong><\/p>\n<p style=\"text-align: justify;\"><strong>S\u00e3o Paulo, novembro de 2021<\/strong> &#8211; De acordo com relatos recebidos pela ACN \u2013 Ajuda \u00e0 Igreja que Sofre \u2013 a seguran\u00e7a em Burkina Faso se deteriorou drasticamente nos \u00faltimos meses. Grupos armados est\u00e3o criando um reinado de terror sobre toda a popula\u00e7\u00e3o, exigindo impostos, saqueando e roubando pessoas em muitas partes do pa\u00eds. No entanto, os \u00faltimos testemunhos de pessoas deslocadas, coletados pela ACN, na Diocese de Dori, mostram que os crist\u00e3os t\u00eam sido objeto de persegui\u00e7\u00e3o ainda mais severa.<\/p>\n<p style=\"text-align: justify;\">O <em>modus operandi<\/em>\u00a0 dos terroristas quando chegam \u00e0s aldeias \u00e9 pedir &#8220;impostos&#8221; por cabe\u00e7a de gado. Eles v\u00e3o at\u00e9 os criadores e perguntam pelo dono de cada animal. Se estes n\u00e3o s\u00e3o capazes de pagar os impostos, eles apreendem os animais. Nas \u00faltimas semanas houve casos em que os terroristas perguntavam primeiro se o propriet\u00e1rio era crist\u00e3o ou mu\u00e7ulmano. &#8220;Se os propriet\u00e1rios eram crist\u00e3os, os agressores n\u00e3o consideravam necess\u00e1rio contar os animais, porque diziam que al\u00e9m de levar os animais, matariam os donos tamb\u00e9m&#8221;, disseram as testemunhas sobreviventes.<\/p>\n<p style=\"text-align: justify;\">De acordo com relatos recebidos pela funda\u00e7\u00e3o, na \u00faltima semana de outubro, um total de 147 pessoas \u2013 entre elas oito gestantes e 19 crian\u00e7as menores de cinco anos \u2013 tiveram que fugir de duas aldeias na fronteira do N\u00edger, para n\u00e3o colocar o resto dos habitantes em perigo.<\/p>\n<p style=\"text-align: justify;\">Um dos grupos que chegaram a Dori era composto por 17 pessoas: nove idosos, uma mulher e sete crian\u00e7as. Um dos membros do grupo disse que eles tinham sa\u00eddo no meio da noite para n\u00e3o serem descobertos, pois os extremistas procuravam por eles: &#8220;O terr\u00edvel \u00e9 que quando algu\u00e9m nos deu ref\u00fagio, fomos denunciados como crist\u00e3os, e isso colocou a pessoa que nos acomodou em perigo. Dormimos t\u00e3o longe das aldeias. Nem todos os crist\u00e3os da \u00e1rea foram capazes de fugir. Estamos preocupados com o destino de nossos filhos e esposas que permaneceram no pa\u00eds\u201d.<\/p>\n<p style=\"text-align: justify;\">Dom Laurent Birfuor\u00e9 Dabir\u00e9, bispo de Dori, disse \u00e0 ACN que h\u00e1 &#8220;ataques, sequestros e assassinatos em todo o pa\u00eds. Os terroristas est\u00e3o sequestrando quem eles quiserem, executando alguns e libertando outros.&#8221;<\/p>\n<p style=\"text-align: justify;\">Segundo o bispo, os terroristas controlam v\u00e1rias linhas de comunica\u00e7\u00e3o e, al\u00e9m disso, atacam frequentemente as for\u00e7as de defesa e seguran\u00e7a, e impedem que os \u00f4nibus circulem entre Dori para Ouagadougou.<\/p>\n<p style=\"text-align: justify;\">&#8220;Dori corre o risco de ser cortada do resto do pa\u00eds, e a situa\u00e7\u00e3o n\u00e3o est\u00e1 melhorando. \u00c9 muito perigoso viajar de ve\u00edculo privado ou mesmo transporte p\u00fablico e as pessoas t\u00eam medo de serem paradas no caminho por um inesperado posto de controle terrorista. Por favor, reze pela triste e dram\u00e1tica situa\u00e7\u00e3o da minha diocese. O perigo est\u00e1 crescendo o tempo todo. Esperamos que aqueles que n\u00e3o conseguiram sair das aldeias amea\u00e7adas sejam capazes de faz\u00ea-lo com seguran\u00e7a nos pr\u00f3ximos dias&#8221;, disse Dom Laurent Dabir\u00e9.<\/p>\n","protected":false},"excerpt":{"rendered":"<p>Fuga de Crist\u00e3os em Burkina Faso (Cr\u00e9dito: Divulga\u00e7\u00e3o) Maioria da popula\u00e7\u00e3o de Burkina Faso \u00e9 mu\u00e7ulmana (95,2%); 3,2% seguem a religi\u00e3o tradicional; e 1,6% s\u00e3o crist\u00e3os (1,22% cat\u00f3licos) \u00a0 S\u00e3o Paulo, novembro de 2021 &#8211; De acordo com relatos recebidos pela ACN \u2013 Ajuda \u00e0 Igreja que Sofre \u2013 a seguran\u00e7a em Burkina Faso se [&hellip;]<\/p>\n","protected":false},"author":1,"featured_media":71328,"comment_status":"open","ping_status":"closed","sticky":false,"template":"","format":"standard","meta":{"footnotes":""},"categories":[4,13],"tags":[],"class_list":["post-71327","post","type-post","status-publish","format-standard","has-post-thumbnail","hentry","category-cotidiano","category-featured"],"_links":{"self":[{"href":"https:\/\/catolicanet.net\/wp-cnet\/wp-json\/wp\/v2\/posts\/71327","targetHints":{"allow":["GET"]}}],"collection":[{"href":"https:\/\/catolicanet.net\/wp-cnet\/wp-json\/wp\/v2\/posts"}],"about":[{"href":"https:\/\/catolicanet.net\/wp-cnet\/wp-json\/wp\/v2\/types\/post"}],"author":[{"embeddable":true,"href":"https:\/\/catolicanet.net\/wp-cnet\/wp-json\/wp\/v2\/users\/1"}],"replies":[{"embeddable":true,"href":"https:\/\/catolicanet.net\/wp-cnet\/wp-json\/wp\/v2\/comments?post=71327"}],"version-history":[{"count":1,"href":"https:\/\/catolicanet.net\/wp-cnet\/wp-json\/wp\/v2\/posts\/71327\/revisions"}],"predecessor-version":[{"id":71329,"href":"https:\/\/catolicanet.net\/wp-cnet\/wp-json\/wp\/v2\/posts\/71327\/revisions\/71329"}],"wp:featuredmedia":[{"embeddable":true,"href":"https:\/\/catolicanet.net\/wp-cnet\/wp-json\/wp\/v2\/media\/71328"}],"wp:attachment":[{"href":"https:\/\/catolicanet.net\/wp-cnet\/wp-json\/wp\/v2\/media?parent=71327"}],"wp:term":[{"taxonomy":"category","embeddable":true,"href":"https:\/\/catolicanet.net\/wp-cnet\/wp-json\/wp\/v2\/categories?post=71327"},{"taxonomy":"post_tag","embeddable":true,"href":"https:\/\/catolicanet.net\/wp-cnet\/wp-json\/wp\/v2\/tags?post=71327"}],"curies":[{"name":"wp","href":"https:\/\/api.w.org\/{rel}","templated":true}]}}