{"id":71313,"date":"2021-11-15T09:07:14","date_gmt":"2021-11-15T12:07:14","guid":{"rendered":"https:\/\/catolicanet.net\/wp-cnet\/?p=71313"},"modified":"2021-11-17T12:08:29","modified_gmt":"2021-11-17T15:08:29","slug":"indulgencia-e-gratidao","status":"publish","type":"post","link":"https:\/\/catolicanet.net\/wp-cnet\/indulgencia-e-gratidao\/","title":{"rendered":"Indulg\u00eancia e gratid\u00e3o"},"content":{"rendered":"<p style=\"text-align: justify;\">O negacionismo, que desonra o prop\u00f3sito, no seu fundamentalismo torpe ou obtuso; tendo sido a causa fertilizadora do passado pouco edificado e nada prof\u00edcuo da humanidade, continua, lastimavelmente, vivo e presente nos dias atuais. Resta-nos, num clamor por vida e dignidade, invocar a compaix\u00e3o de Deus aos mentores e aos seus seguidores, tendo presente o af\u00e1vel convite a boas rela\u00e7\u00f5es entre as pessoas, no que importa um amor persistente, mas a partir da miseric\u00f3rdia divina, que quer inspirar na criatura humana um sentimento de consterna\u00e7\u00e3o para com seu semelhante, como na express\u00e3o b\u00edblica: \u201cSede misericordiosos como vosso Pai \u00e9 misericordioso\u201d (cf. Mt 6, 36), e tamb\u00e9m em: \u201cQuero miseric\u00f3rdia, e n\u00e3o sacrif\u00edcio\u201d (cf. Mt 9, 13). Temos tamb\u00e9m a conhecida par\u00e1bola do \u201cBom samaritano\u201d (cf. Lc 10, 30ss), na sua melhor compreens\u00e3o, na sua maneira de se relacionar com o pr\u00f3ximo.<\/p>\n<p style=\"text-align: justify;\">Reconhe\u00e7amos e sejamos agradecidos pela miseric\u00f3rdia divina e nela os comprazimentos recebidos, sem nunca nos esquecermos da gratid\u00e3o. O nosso Deus indulgente e clemente oferece e demonstra seu amor misericordioso para conosco, quando da nossa parte existe gratuidade. No dizer de S\u00e3o Bernardo de Claraval, Deus se ret\u00e9m em sua miseric\u00f3rdia, mas s\u00f3 quando por parte da pessoa humana se percebe falta de indulg\u00eancia e de gratid\u00e3o.<\/p>\n<p style=\"text-align: justify;\">No nosso mundo hodierno, se tem muita ingratid\u00e3o. Num quadro de enfermidade, semelhante ou pior do que aquele dos dez leprosos do Livro Sagrado (cf. Lc 17, 11-19), atingem-se e contaminam-se as estruturas, no que diz respeito \u00e0 vida e ao conv\u00edvio social, como se fosse um maldito c\u00e2ncer. Que o esp\u00edrito da Sabedoria divina, inflex\u00edvel e imut\u00e1vel, renove tudo, fazendo-nos viver, sendo um reflexo da luz eterna, espelho sem mancha da atividade de Deus e imagem de sua Sabedoria ou miseric\u00f3rdia (cf. Sab 7, 26).<\/p>\n<p style=\"text-align: justify;\">Particularmente, agrade\u00e7o ao bom Deus pela visita honrosa do professor do IFCE, historiador e p\u00f3s-doutor, Airton de Farias, no dia 9 de novembro de 2021, presenteando-me com seus livros; ele veio a mim como um humilde irm\u00e3o; foi poss\u00edvel perceber o que disse dele o historiador Gustavo Br\u00edgido, entre outros: \u201cTornou-se embaixador do Cear\u00e1 no mundo\u201d, deixando-me edificado com suas publica\u00e7\u00f5es, livros mais que bons; \u00f3timos! Unidos ao professor Airton de Farias e aos demais irm\u00e3os, que nossa ora\u00e7\u00e3o suba aos c\u00e9us, mas de maneira complacente, benevolente e tolerante, no sentido de que nossas atitudes e gestos possam percorrer a estrada do amor compassivo, na mais profunda gratid\u00e3o.<\/p>\n<p style=\"text-align: justify;\">Permita-me, pois, concluir com a ora\u00e7\u00e3o do Rei Salom\u00e3o: \u201cDeus de nossos Pais, e Senhor de miseric\u00f3rdia, que todas as coisas que criastes pela vossa palavra, e que, por vossa sabedoria, formastes o homem para ser o senhor de todas as vossas criaturas, governar o mundo na santidade e na justi\u00e7a, e proferir seu julgamento na retid\u00e3o de sua alma, dai-me a Sabedoria que partilha do vosso trono e n\u00e3o me rejeiteis como indigno de ser um de vossos filhos, porque qualquer homem, mesmo perfeito entre os homens, n\u00e3o ser\u00e1 nada se lhe falta a Sabedoria que vem de v\u00f3s\u201d. Assim seja!<\/p>\n","protected":false},"excerpt":{"rendered":"<p>O negacionismo, que desonra o prop\u00f3sito, no seu fundamentalismo torpe ou obtuso; tendo sido a causa fertilizadora do passado pouco edificado e nada prof\u00edcuo da humanidade, continua, lastimavelmente, vivo e presente nos dias atuais. Resta-nos, num clamor por vida e dignidade, invocar a compaix\u00e3o de Deus aos mentores e aos seus seguidores, tendo presente o [&hellip;]<\/p>\n","protected":false},"author":6,"featured_media":55824,"comment_status":"open","ping_status":"closed","sticky":false,"template":"","format":"standard","meta":{"footnotes":""},"categories":[9],"tags":[],"class_list":["post-71313","post","type-post","status-publish","format-standard","has-post-thumbnail","hentry","category-artigos"],"_links":{"self":[{"href":"https:\/\/catolicanet.net\/wp-cnet\/wp-json\/wp\/v2\/posts\/71313","targetHints":{"allow":["GET"]}}],"collection":[{"href":"https:\/\/catolicanet.net\/wp-cnet\/wp-json\/wp\/v2\/posts"}],"about":[{"href":"https:\/\/catolicanet.net\/wp-cnet\/wp-json\/wp\/v2\/types\/post"}],"author":[{"embeddable":true,"href":"https:\/\/catolicanet.net\/wp-cnet\/wp-json\/wp\/v2\/users\/6"}],"replies":[{"embeddable":true,"href":"https:\/\/catolicanet.net\/wp-cnet\/wp-json\/wp\/v2\/comments?post=71313"}],"version-history":[{"count":1,"href":"https:\/\/catolicanet.net\/wp-cnet\/wp-json\/wp\/v2\/posts\/71313\/revisions"}],"predecessor-version":[{"id":71314,"href":"https:\/\/catolicanet.net\/wp-cnet\/wp-json\/wp\/v2\/posts\/71313\/revisions\/71314"}],"wp:featuredmedia":[{"embeddable":true,"href":"https:\/\/catolicanet.net\/wp-cnet\/wp-json\/wp\/v2\/media\/55824"}],"wp:attachment":[{"href":"https:\/\/catolicanet.net\/wp-cnet\/wp-json\/wp\/v2\/media?parent=71313"}],"wp:term":[{"taxonomy":"category","embeddable":true,"href":"https:\/\/catolicanet.net\/wp-cnet\/wp-json\/wp\/v2\/categories?post=71313"},{"taxonomy":"post_tag","embeddable":true,"href":"https:\/\/catolicanet.net\/wp-cnet\/wp-json\/wp\/v2\/tags?post=71313"}],"curies":[{"name":"wp","href":"https:\/\/api.w.org\/{rel}","templated":true}]}}