{"id":71269,"date":"2021-11-12T09:18:40","date_gmt":"2021-11-12T12:18:40","guid":{"rendered":"https:\/\/catolicanet.net\/wp-cnet\/?p=71269"},"modified":"2021-11-12T15:21:22","modified_gmt":"2021-11-12T18:21:22","slug":"e-errado-brigar-com-deus","status":"publish","type":"post","link":"https:\/\/catolicanet.net\/wp-cnet\/e-errado-brigar-com-deus\/","title":{"rendered":"\u00c9 errado brigar com Deus?"},"content":{"rendered":"<h2 class=\"subtitle\" style=\"text-align: justify;\">No momento do sofrimento, muitos discutem com Deus. At\u00e9 um dos padres mais queridos do Brasil admite que j\u00e1 brigou com Nosso Senhor<\/h2>\n<p style=\"text-align: left;\">Na can\u00e7\u00e3o \u201c<span class=\"css-ubwxwi\"><iframe loading=\"lazy\" id=\"youtube_embedded_undefined\" title=\"YouTube video player\" src=\"https:\/\/www.youtube.com\/embed\/null?enablejsapi=1&amp;origin=https%3A%2F%2Fpt.aleteia.org&amp;widgetid=1\" width=\"640\" height=\"360\" frameborder=\"0\" allowfullscreen=\"allowfullscreen\" data-mce-fragment=\"1\"><\/iframe><\/span><\/p>\n<p style=\"text-align: justify;\">\u201c, o Padre Zezinho narra uma situa\u00e7\u00e3o que, certamente j\u00e1 aconteceu com voc\u00ea. Geralmente \u00e9 assim: diante de uma dificuldade, a gente tende a duvidar de Deus, a question\u00e1-lo, a discutir com ele. O sacerdote, inclusive, dedica a m\u00fasica aos pais que j\u00e1 passaram pela imensa dor de perder um filho.<\/p>\n<p style=\"text-align: justify;\">Dizem alguns trechos da letra:<\/p>\n<div style=\"text-align: justify;\"><\/div>\n<blockquote class=\"wp-block-quote\"><p>\u201cAdmito que eu briguei com Deus porque n\u00e3o respondeu<br \/>\nQuando eu Lhe perguntei por qu\u00ea?\u201d<\/p>\n<p>\u2026<\/p>\n<p>\u201cDoeu demais e, quando d\u00f3i do jeito que doeu<br \/>\nA gente chora, grita e urra e p\u00f5e pra fora aquela dor<br \/>\nE desafia o Criador e quem se mete a defend\u00ea-lo\u201d<\/p>\n<div id=\"aleteia-welcome\"><\/div>\n<p>\u2026<\/p>\n<p>\u201cBriguei com Deus, briguei com Deus<br \/>\nE se eu briguei foi por saber que Deus ouvia\u201d<\/p><\/blockquote>\n<div class=\"wp-block-aleteia-heading3\">\n<div class=\"text\" style=\"text-align: justify;\">\n<h3>\u00c9 errado brigar com Deus?<\/h3>\n<\/div>\n<p style=\"text-align: justify;\">Somos humanos e, por isso, \u00e9 normal que tenhamos d\u00favidas e queiramos ter respostas para os nossos questionamentos. Deus sabe de tudo, at\u00e9 dos nossos sentimentos mais \u00edntimos. Ent\u00e3o, \u00e9 melhor ser sincero com ele, desabafar (sem ofend\u00ea-lo). Isso far\u00e1 com que n\u00e3o afundemos em uma crise de f\u00e9.<\/p>\n<p style=\"text-align: justify;\">\u00c9 importante encararmos as nossas d\u00favidas sem medo e sem perder a confian\u00e7a em Deus.\u00a0Quando n\u00e3o damos voz \u00e0s nossas d\u00favidas por medo de brigar com Deus ou mago\u00e1-lo, corremos o risco de acumularmos mais d\u00favidas. Isso pode nos fazer afundar em uma profunda crise de f\u00e9.<\/p>\n<p style=\"text-align: justify;\">N\u00e3o estamos, de forma alguma, dizendo que \u00e9 certo brigar com Deus. Mas se isso acontecer, saiba que ele vai perdoar, pois ele tudo perdoa.<\/p>\n<div class=\"wp-block-aleteia-heading3\">\n<div class=\"text\" style=\"text-align: justify;\">\n<h3>Brigar n\u00e3o resolve<\/h3>\n<\/div>\n<p style=\"text-align: justify;\">Geralmente n\u00f3s brigamos at\u00e9 mesmo com quem amamos. Mas isso n\u00e3o adianta nada. Uma conversa aberta, franca e sem rancores \u00e9 o melhor jeito de resolver os problemas.<\/p>\n<p style=\"text-align: justify;\">O mesmo acontece com Deus. Se tivermos intimidade com ele (e \u00e9 bom que tenhamos), podemos, respeitosamente, ter esse papo aberto. E Nosso Senhor ir\u00e1 nos mostrar os caminhos do entendimento.<\/p>\n<p style=\"text-align: justify;\">Repetindo: brigar com Deus n\u00e3o resolve nada, pois, embora nunca possamos realmente saber o motivo pelo qual ele permite que certos males ocorram, podemos ter certeza de que ele faz isso para nosso bem.<\/p>\n<p style=\"text-align: justify;\">Nem sempre queremos ouvir isso. Mas precisamos nos lembrar que o sofrimento aproxima as pessoas de Deus. Ent\u00e3o, por que n\u00e3o transformar a briga e a raiva em proximidade fecunda?<\/p>\n<div class=\"wp-block-aleteia-heading3\">\n<div class=\"text\" style=\"text-align: justify;\">\n<h3>Fazer as pazes com Deus<\/h3>\n<\/div>\n<p style=\"text-align: justify;\">Enfim, se voc\u00ea j\u00e1 brigou com Deus, n\u00e3o hesite em fazer as pazes com ele. A reconcilia\u00e7\u00e3o garantir\u00e1 a paz de esp\u00edrito de que voc\u00ea tanto precisa. Al\u00e9m disso, essa proximidade com o Criador nos restitui e garante a nossa salva\u00e7\u00e3o. Como fazer isso? Atrav\u00e9s da ora\u00e7\u00e3o, dos sacramentos e da leitura das Sagradas Escrituras.<\/p>\n<figure class=\"wp-block-pullquote\" style=\"text-align: justify;\">\n<blockquote><p>\u201cReconcilia-te, pois, com Deus e faze as pazes com ele: \u00e9 assim que te ser\u00e1 de novo dada a felicidade\u201d<\/p>\n<p><cite>(J\u00d3 22, 21)<\/cite><\/p><\/blockquote>\n<\/figure>\n<\/div>\n<\/div>\n<\/div>\n","protected":false},"excerpt":{"rendered":"<p>No momento do sofrimento, muitos discutem com Deus. At\u00e9 um dos padres mais queridos do Brasil admite que j\u00e1 brigou com Nosso Senhor Na can\u00e7\u00e3o \u201c \u201c, o Padre Zezinho narra uma situa\u00e7\u00e3o que, certamente j\u00e1 aconteceu com voc\u00ea. Geralmente \u00e9 assim: diante de uma dificuldade, a gente tende a duvidar de Deus, a question\u00e1-lo, [&hellip;]<\/p>\n","protected":false},"author":1,"featured_media":71270,"comment_status":"open","ping_status":"closed","sticky":false,"template":"","format":"standard","meta":{"footnotes":""},"categories":[4],"tags":[],"class_list":["post-71269","post","type-post","status-publish","format-standard","has-post-thumbnail","hentry","category-cotidiano"],"_links":{"self":[{"href":"https:\/\/catolicanet.net\/wp-cnet\/wp-json\/wp\/v2\/posts\/71269","targetHints":{"allow":["GET"]}}],"collection":[{"href":"https:\/\/catolicanet.net\/wp-cnet\/wp-json\/wp\/v2\/posts"}],"about":[{"href":"https:\/\/catolicanet.net\/wp-cnet\/wp-json\/wp\/v2\/types\/post"}],"author":[{"embeddable":true,"href":"https:\/\/catolicanet.net\/wp-cnet\/wp-json\/wp\/v2\/users\/1"}],"replies":[{"embeddable":true,"href":"https:\/\/catolicanet.net\/wp-cnet\/wp-json\/wp\/v2\/comments?post=71269"}],"version-history":[{"count":1,"href":"https:\/\/catolicanet.net\/wp-cnet\/wp-json\/wp\/v2\/posts\/71269\/revisions"}],"predecessor-version":[{"id":71271,"href":"https:\/\/catolicanet.net\/wp-cnet\/wp-json\/wp\/v2\/posts\/71269\/revisions\/71271"}],"wp:featuredmedia":[{"embeddable":true,"href":"https:\/\/catolicanet.net\/wp-cnet\/wp-json\/wp\/v2\/media\/71270"}],"wp:attachment":[{"href":"https:\/\/catolicanet.net\/wp-cnet\/wp-json\/wp\/v2\/media?parent=71269"}],"wp:term":[{"taxonomy":"category","embeddable":true,"href":"https:\/\/catolicanet.net\/wp-cnet\/wp-json\/wp\/v2\/categories?post=71269"},{"taxonomy":"post_tag","embeddable":true,"href":"https:\/\/catolicanet.net\/wp-cnet\/wp-json\/wp\/v2\/tags?post=71269"}],"curies":[{"name":"wp","href":"https:\/\/api.w.org\/{rel}","templated":true}]}}