{"id":71239,"date":"2021-11-12T09:17:01","date_gmt":"2021-11-12T12:17:01","guid":{"rendered":"https:\/\/catolicanet.net\/wp-cnet\/?p=71239"},"modified":"2021-11-12T13:21:40","modified_gmt":"2021-11-12T16:21:40","slug":"o-papa-seremos-julgados-por-nossa-incapacidade-de-ser-guardioes-do-mundo","status":"publish","type":"post","link":"https:\/\/catolicanet.net\/wp-cnet\/o-papa-seremos-julgados-por-nossa-incapacidade-de-ser-guardioes-do-mundo\/","title":{"rendered":"O Papa: seremos julgados por nossa incapacidade de ser guardi\u00f5es do mundo"},"content":{"rendered":"<figure class=\"article__image\" style=\"text-align: justify;\"><span class=\"didascalia_img\">Parque Natural de Chartreuse, Fran\u00e7a\u00a0<\/span><\/figure>\n<div class=\"article__meta audioInside\" data-mediatype=\"\">\n<div class=\"article__subTitle\" style=\"text-align: justify;\">Francisco volta a falar sobre a Confer\u00eancia de Glasgow que est\u00e1 prestes a terminar, relan\u00e7ando a responsabilidade moral de enfrentar o grande desafio das mudan\u00e7as clim\u00e1ticas para com as gera\u00e7\u00f5es presentes e futuras.<\/div>\n<div class=\"title__separator\" style=\"text-align: justify;\"><\/div>\n<div class=\"article__text \">\n<p style=\"text-align: justify;\"><b>Mariangela Jaguraba &#8211; Vatican News<\/b><\/p>\n<p style=\"text-align: justify;\">O Papa Francisco enviou, nesta quinta-feira (11\/11), uma carta aos cat\u00f3licos da Esc\u00f3cia por ocasi\u00e3o da Cop26, a Confer\u00eancia da ONU sobre o Clima, que se conclui na sexta-feira, 12 de novembro, em Glasgow.<\/p>\n<div style=\"text-align: justify;\">\n<div class=\"article__embed article__embed--unwrap article__embed--dark\">\n<div class=\"article__innerTitle\">Ou\u00e7a e compartilhe<\/div>\n<div>\n<!--[if lt IE 9]><script>document.createElement('audio');<\/script><![endif]-->\n<audio class=\"wp-audio-shortcode\" id=\"audio-71239-1\" preload=\"none\" style=\"width: 100%;\" controls=\"controls\"><source type=\"audio\/mpeg\" src=\"https:\/\/media.vaticannews.va\/media\/audio\/s1\/2021\/11\/11\/11\/136284625_F136284625.mp3?_=1\" \/><a href=\"https:\/\/media.vaticannews.va\/media\/audio\/s1\/2021\/11\/11\/11\/136284625_F136284625.mp3\">https:\/\/media.vaticannews.va\/media\/audio\/s1\/2021\/11\/11\/11\/136284625_F136284625.mp3<\/a><\/audio>\n<\/div>\n<\/div>\n<\/div>\n<p style=\"text-align: justify;\">O Pont\u00edfice ressalta que n\u00e3o foi poss\u00edvel participar da Cop 26 e que sente muito por isso, mas ao mesmo tempo est\u00e1 feliz porque hoje os cat\u00f3licos escoceses se unem em ora\u00e7\u00e3o pelas inten\u00e7\u00f5es do Papa e &#8220;por um resultado frut\u00edfero deste encontro, destinado a enfrentar uma das grandes quest\u00f5es morais de nosso tempo: a preserva\u00e7\u00e3o da cria\u00e7\u00e3o de Deus, que nos foi doada como um jardim para cultivar e como uma Casa comum para a nossa fam\u00edlia humana&#8221;.<\/p>\n<h2 style=\"text-align: justify;\">Deus confiou o mundo aos nossos cuidados<\/h2>\n<p style=\"text-align: justify;\">&#8220;Imploramos os dons da sabedoria e for\u00e7a de Deus para aqueles que t\u00eam a tarefa de guiar a Comunidade internacional, \u00e0 medida que procuram enfrentar este s\u00e9rio desafio com decis\u00f5es concretas inspiradas na responsabilidade para com as gera\u00e7\u00f5es presentes e futuras. O tempo est\u00e1 se esgotando. Esta oportunidade n\u00e3o deve ser desperdi\u00e7ada por medo de ter que enfrentar o julgamento de Deus por nossa incapacidade de sermos guardi\u00f5es fi\u00e9is do mundo que Ele confiou aos nossos cuidados&#8221;, ressalta Francisco na carta.<\/p>\n<p style=\"text-align: justify;\">O Papa expressa aos cat\u00f3licos da Esc\u00f3cia o seu afeto no Senhor e os incentiva &#8220;a perseverar em sua fidelidade a Deus e \u00e0 sua Igreja&#8221;. Francisco sa\u00fada e reza pelos cat\u00f3licos escoceses e &#8220;suas fam\u00edlias, pelos jovens, pelos idosos, os doentes e por aqueles que, de qualquer forma, est\u00e3o sofrendo os efeitos da pandemia&#8221;.<\/p>\n<p style=\"text-align: justify;\">&#8220;Nestes tempos dif\u00edceis, que todos os seguidores de Cristo na Esc\u00f3cia renovem seu compromisso de serem testemunhas convincentes da alegria do Evangelho e de seu poder de levar luz e esperan\u00e7a a todos os esfor\u00e7os para construir um futuro de justi\u00e7a, fraternidade e prosperidade, tanto material quanto espiritual&#8221;.<\/p>\n<p style=\"text-align: justify;\">Francisco conclui a carta, assegurando suas ora\u00e7\u00f5es pelos cat\u00f3licos escoceses, suas fam\u00edlias, suas par\u00f3quias e comunidades, e confiando-lhes \u00e0 amorosa intercess\u00e3o de Maria, M\u00e3e da Igreja.<\/p>\n<\/div>\n<\/div>\n","protected":false},"excerpt":{"rendered":"<p>Parque Natural de Chartreuse, Fran\u00e7a\u00a0 Francisco volta a falar sobre a Confer\u00eancia de Glasgow que est\u00e1 prestes a terminar, relan\u00e7ando a responsabilidade moral de enfrentar o grande desafio das mudan\u00e7as clim\u00e1ticas para com as gera\u00e7\u00f5es presentes e futuras. Mariangela Jaguraba &#8211; Vatican News O Papa Francisco enviou, nesta quinta-feira (11\/11), uma carta aos cat\u00f3licos da [&hellip;]<\/p>\n","protected":false},"author":1,"featured_media":71240,"comment_status":"open","ping_status":"closed","sticky":false,"template":"","format":"standard","meta":{"footnotes":""},"categories":[3],"tags":[],"class_list":["post-71239","post","type-post","status-publish","format-standard","has-post-thumbnail","hentry","category-vaticano"],"_links":{"self":[{"href":"https:\/\/catolicanet.net\/wp-cnet\/wp-json\/wp\/v2\/posts\/71239","targetHints":{"allow":["GET"]}}],"collection":[{"href":"https:\/\/catolicanet.net\/wp-cnet\/wp-json\/wp\/v2\/posts"}],"about":[{"href":"https:\/\/catolicanet.net\/wp-cnet\/wp-json\/wp\/v2\/types\/post"}],"author":[{"embeddable":true,"href":"https:\/\/catolicanet.net\/wp-cnet\/wp-json\/wp\/v2\/users\/1"}],"replies":[{"embeddable":true,"href":"https:\/\/catolicanet.net\/wp-cnet\/wp-json\/wp\/v2\/comments?post=71239"}],"version-history":[{"count":1,"href":"https:\/\/catolicanet.net\/wp-cnet\/wp-json\/wp\/v2\/posts\/71239\/revisions"}],"predecessor-version":[{"id":71241,"href":"https:\/\/catolicanet.net\/wp-cnet\/wp-json\/wp\/v2\/posts\/71239\/revisions\/71241"}],"wp:featuredmedia":[{"embeddable":true,"href":"https:\/\/catolicanet.net\/wp-cnet\/wp-json\/wp\/v2\/media\/71240"}],"wp:attachment":[{"href":"https:\/\/catolicanet.net\/wp-cnet\/wp-json\/wp\/v2\/media?parent=71239"}],"wp:term":[{"taxonomy":"category","embeddable":true,"href":"https:\/\/catolicanet.net\/wp-cnet\/wp-json\/wp\/v2\/categories?post=71239"},{"taxonomy":"post_tag","embeddable":true,"href":"https:\/\/catolicanet.net\/wp-cnet\/wp-json\/wp\/v2\/tags?post=71239"}],"curies":[{"name":"wp","href":"https:\/\/api.w.org\/{rel}","templated":true}]}}