{"id":71184,"date":"2021-11-06T09:36:12","date_gmt":"2021-11-06T12:36:12","guid":{"rendered":"https:\/\/catolicanet.net\/wp-cnet\/?p=71184"},"modified":"2021-11-09T14:40:14","modified_gmt":"2021-11-09T17:40:14","slug":"bem-aventurados-2","status":"publish","type":"post","link":"https:\/\/catolicanet.net\/wp-cnet\/bem-aventurados-2\/","title":{"rendered":"Bem-aventurados"},"content":{"rendered":"<p style=\"text-align: justify;\">\u00a0\u00a0\u00a0\u00a0\u00a0\u00a0\u00a0\u00a0 Com a celebra\u00e7\u00e3o da Solenidade de todos os santos no in\u00edcio de novembro, o nosso cora\u00e7\u00e3o e o nosso pensamento se voltam para muitos homens e mulheres que souberam viver uma profunda unidade com Deus. \u00a0\u00c9 um dia em que recordamos n\u00e3o apenas os santos canonizados, muitos deles j\u00e1 t\u00eam a sua festa pr\u00f3pria ao longo do ano, mas, sobretudo, os santos an\u00f4nimos e desconhecidos. Abrange todos aqueles que foram justificados pela f\u00e9 em Cristo. Recordamos aqueles que vivem para sempre diante de Deus.<\/p>\n<p style=\"text-align: justify;\">\u00a0\u00a0\u00a0\u00a0\u00a0\u00a0\u00a0\u00a0 O Mestre chama todos \u00e0 santidade sem distin\u00e7\u00e3o de idade, profiss\u00e3o, ra\u00e7a ou condi\u00e7\u00e3o social. N\u00e3o h\u00e1 seguidores de Cristo sem voca\u00e7\u00e3o crist\u00e3, sem uma chamada pessoal \u00e0 santidade. Deus nos escolheu para sermos santos e imaculados na sua presen\u00e7a, dir\u00e1 S\u00e3o Paulo aos primeiros crist\u00e3os de \u00c9feso; e para conseguirmos esta meta, \u00e9 necess\u00e1rio que nos empenhemos num esfor\u00e7o que se prolongar\u00e1 por todos os nossos dias aqui na terra: O justo justifique-se mais e o santo mais e mais se santifique.<\/p>\n<p style=\"text-align: justify;\">\u00a0\u00a0\u00a0\u00a0\u00a0\u00a0\u00a0\u00a0 Esta doutrina do chamado universal \u00e0 santidade, nos diz o Conc\u00edlio Ecum\u00eanico Vaticano II: \u201ctodos os crist\u00e3os, seja qual for sua condi\u00e7\u00e3o ou estado, s\u00e3o chamados pelo Senhor, cada um no seu caminho, \u00e0 perfei\u00e7\u00e3o da santidade pela qual \u00e9 perfeito o pr\u00f3prio Pai\u201d (Lumen Gentium, 11). Jesus convida todos os crist\u00e3os que est\u00e3o absolvidos nas suas ocupa\u00e7\u00f5es profissionais a encontr\u00e1-lo precisamente nessas ocupa\u00e7\u00f5es, realizando-as com perfei\u00e7\u00e3o humana e, ao mesmo tempo, com sentido sobrenatural: oferecendo-as a Deus, vivendo nelas a caridade e o esp\u00edrito de sacrif\u00edcio, elevando no meio delas o cora\u00e7\u00e3o a Deus.<\/p>\n<p style=\"text-align: justify;\">\u00a0\u00a0\u00a0\u00a0\u00a0\u00a0\u00a0\u00a0 A santidade-amor crescente por Deus e pelos outros pode e deve ser adquirida atrav\u00e9s das coisas todos os dias, que se repetem muitas vezes numa aparente monotonia. \u201cPara amar a Deus e servi-lo, n\u00e3o \u00e9 necess\u00e1rio fazer coisas estranhas. Cristo pede a todos os homens sem exce\u00e7\u00e3o que sejam perfeitos como seu Pai celestial \u00e9 perfeito (Mt 5, 48). Para a grande maioria dos homens, ser santo significa santificar o seu pr\u00f3prio trabalho, santificar-se no trabalho e santificar os outros com o trabalho, e assim encontrar a Deus no caminho da vida.<\/p>\n<p style=\"text-align: justify;\">\u00a0\u00a0\u00a0\u00a0\u00a0\u00a0\u00a0\u00a0 Na primeira leitura \u2013 Ap 7,2-4. 9-14 \u2013 Jo\u00e3o, o Evangelista, descreve a multid\u00e3o dos bem-aventurados, marcados com o sinal da salva\u00e7\u00e3o: O n\u00famero de cento e quarenta e quatro mil, membros do Povo Eleito e uma multid\u00e3o incont\u00e1vel, que veio da grande tribula\u00e7\u00e3o (m\u00e1rtires) do Cordeiro. O \u00a0Livro do Apocalipse \u00e9 um livro com muitos simbolismos, mas ele antecipa a vit\u00f3ria do Cordeiro que tem uma multid\u00e3o de seguidores destinados \u00e0 gl\u00f3ria. Trazem vestes brancas (sinal de divindade) e ficam de p\u00e9 diante do Cordeiro (Sinal de inoc\u00eancia). O mundo e a vida os fazem sofrer, mas ser\u00e3o gloriosos e luminosos como Jesus ressuscitado.<\/p>\n<p style=\"text-align: justify;\">Na segunda leitura \u2013 1Jo 3,1-3 \u2013 h\u00e1, tamb\u00e9m, uma grande multid\u00e3o de filhos de Deus, adotivos! E n\u00f3s somos esses filhos adotivos de nosso Deus, que trazem em seu \u00edntimo a vida divina a ser revelada no futuro quando n\u00f3s veremos a Deus como Ele \u00e9!<\/p>\n<p style=\"text-align: justify;\">No Evangelho \u2013 Mt 5,1-12a \u2013 santos s\u00e3o aqueles que viveram na terra as Bem-Aventuran\u00e7as, propostas por Jesus como forma de vida crist\u00e3. \u00c9 todo batizado que discretamente vive o mandamento de Jesus, praticando as obras de miseric\u00f3rdia, especialmente, com os mais necessitados. Como leitura evang\u00e9lica, temos o texto das bem-aventuran\u00e7as (cf. Mt 5,1-12), visando ressaltar que a sua viv\u00eancia total \u00e9 o melhor caminho para se chegar \u00e0 santidade. A pr\u00e1tica das bem-aventuran\u00e7as \u00e9 a marca e o selo dos santos descrita por Jesus, para sublinhar a din\u00e2mica da santidade.<\/p>\n<p style=\"text-align: justify;\">\u00a0\u00a0\u00a0\u00a0\u00a0\u00a0\u00a0\u00a0 Todos os santos sempre foram e s\u00e3o contemporaneamente, embora em medida diversa, pobres de esp\u00edrito, mansos, aflitos, famintos e sequiosos de justi\u00e7a, misericordiosos, puros de cora\u00e7\u00e3o, art\u00edfices de paz e perseguidos pela causa do Evangelho. E assim devemos ser tamb\u00e9m n\u00f3s. Al\u00e9m disso, na base desta p\u00e1gina evang\u00e9lica \u00e9 evidente que a bem-aventuran\u00e7a crist\u00e3, como sin\u00f4nimo de santidade, n\u00e3o est\u00e1 separada de um eventual sofrimento ou pelo menos de dificuldade.<\/p>\n<p style=\"text-align: justify;\">\u00a0\u00a0\u00a0\u00a0\u00a0\u00a0\u00a0\u00a0 Santos s\u00e3o os aflitos, que s\u00e3o impotentes diante de situa\u00e7\u00f5es dram\u00e1ticas, e n\u00e3o pretendem ter solu\u00e7\u00e3o para tudo. \u00a0H\u00e1 muitos que n\u00e3o entendem a raz\u00e3o dos sofrimentos e se revoltam contra Deus. \u00a0Jesus diz que os aflitos s\u00e3o felizes. \u00a0De fato, se souberem aceitar com resigna\u00e7\u00e3o as provas que Deus envia, se souberem sofrer com \u00e2nimo as mis\u00e9rias e dificuldades da vida, a recompensa ser\u00e1 a consola\u00e7\u00e3o de Deus.<\/p>\n<p style=\"text-align: justify;\">\u00a0\u00a0\u00a0\u00a0\u00a0\u00a0\u00a0\u00a0 Santos s\u00e3o os famintos e sedentos de justi\u00e7a, que n\u00e3o pactuam com a maldade, nem se deixam levar pela l\u00f3gica da domina\u00e7\u00e3o. \u00a0Deus mesmo haver\u00e1 de realizar seu ideal e faz\u00ea-los contemplar o reino da justi\u00e7a. Trata-se daquela justi\u00e7a interior que torna o homem agrad\u00e1vel a Deus, quando se esfor\u00e7a por cumprir sempre a vontade de Deus.\u00a0O primeiro passo para conseguir a santidade \u00e9 desej\u00e1-la. \u00a0Por isso, Jesus diz que s\u00e3o felizes os que t\u00eam fome e sede de justi\u00e7a, isto \u00e9, aqueles que realmente desejam ser santos. \u00a0Mas \u00e9 necess\u00e1rio que este desejo seja eficaz. \u00a0Isto \u00e9, que empreguemos os meios necess\u00e1rios para consegui-lo.<\/p>\n<p style=\"text-align: justify;\">\u00a0\u00a0\u00a0\u00a0\u00a0\u00a0\u00a0\u00a0 A santidade \u00e9 acess\u00edvel a todos porque Deus quer que todos os homens e mulheres sejam santos, isto \u00e9, participem da sua Vida e do seu Amor. O Pai deseja que, atrav\u00e9s da a\u00e7\u00e3o do Esp\u00edrito Santo em n\u00f3s, nos pare\u00e7amos cada vez mais com o seu Filho Jesus Cristo. Em resumo, a santidade \u00e9 o desenvolvimento da nossa filia\u00e7\u00e3o divina: <em>\u201c<\/em><em>desde agora somos filhos de Deus, mas n\u00e3o se manifestou ainda o que havemos de ser. Sabemos que quando isto se manifestar, seremos semelhantes a Deus, porquanto o veremos como ele \u00e9\u201d <\/em>(1 Jo 3,2).<\/p>\n","protected":false},"excerpt":{"rendered":"<p>\u00a0\u00a0\u00a0\u00a0\u00a0\u00a0\u00a0\u00a0 Com a celebra\u00e7\u00e3o da Solenidade de todos os santos no in\u00edcio de novembro, o nosso cora\u00e7\u00e3o e o nosso pensamento se voltam para muitos homens e mulheres que souberam viver uma profunda unidade com Deus. \u00a0\u00c9 um dia em que recordamos n\u00e3o apenas os santos canonizados, muitos deles j\u00e1 t\u00eam a sua festa pr\u00f3pria [&hellip;]<\/p>\n","protected":false},"author":5,"featured_media":55819,"comment_status":"open","ping_status":"closed","sticky":false,"template":"","format":"standard","meta":{"footnotes":""},"categories":[9],"tags":[],"class_list":["post-71184","post","type-post","status-publish","format-standard","has-post-thumbnail","hentry","category-artigos"],"_links":{"self":[{"href":"https:\/\/catolicanet.net\/wp-cnet\/wp-json\/wp\/v2\/posts\/71184","targetHints":{"allow":["GET"]}}],"collection":[{"href":"https:\/\/catolicanet.net\/wp-cnet\/wp-json\/wp\/v2\/posts"}],"about":[{"href":"https:\/\/catolicanet.net\/wp-cnet\/wp-json\/wp\/v2\/types\/post"}],"author":[{"embeddable":true,"href":"https:\/\/catolicanet.net\/wp-cnet\/wp-json\/wp\/v2\/users\/5"}],"replies":[{"embeddable":true,"href":"https:\/\/catolicanet.net\/wp-cnet\/wp-json\/wp\/v2\/comments?post=71184"}],"version-history":[{"count":1,"href":"https:\/\/catolicanet.net\/wp-cnet\/wp-json\/wp\/v2\/posts\/71184\/revisions"}],"predecessor-version":[{"id":71185,"href":"https:\/\/catolicanet.net\/wp-cnet\/wp-json\/wp\/v2\/posts\/71184\/revisions\/71185"}],"wp:featuredmedia":[{"embeddable":true,"href":"https:\/\/catolicanet.net\/wp-cnet\/wp-json\/wp\/v2\/media\/55819"}],"wp:attachment":[{"href":"https:\/\/catolicanet.net\/wp-cnet\/wp-json\/wp\/v2\/media?parent=71184"}],"wp:term":[{"taxonomy":"category","embeddable":true,"href":"https:\/\/catolicanet.net\/wp-cnet\/wp-json\/wp\/v2\/categories?post=71184"},{"taxonomy":"post_tag","embeddable":true,"href":"https:\/\/catolicanet.net\/wp-cnet\/wp-json\/wp\/v2\/tags?post=71184"}],"curies":[{"name":"wp","href":"https:\/\/api.w.org\/{rel}","templated":true}]}}