{"id":71139,"date":"2021-11-05T09:56:31","date_gmt":"2021-11-05T12:56:31","guid":{"rendered":"https:\/\/catolicanet.net\/wp-cnet\/?p=71139"},"modified":"2021-11-05T13:57:38","modified_gmt":"2021-11-05T16:57:38","slug":"como-ser-uma-pessoa-melhor-3-atitudes","status":"publish","type":"post","link":"https:\/\/catolicanet.net\/wp-cnet\/como-ser-uma-pessoa-melhor-3-atitudes\/","title":{"rendered":"Como ser uma pessoa melhor? 3 atitudes"},"content":{"rendered":"<h2 class=\"subtitle\" style=\"text-align: justify;\">Como podemos nos tornar mais parecidos com aquilo que Deus quer que sejamos?<\/h2>\n<p style=\"text-align: justify;\">OPapa Jo\u00e3o Paulo II (inspirado em Santa Catarina de Sena), no encerramento da JMJ de Roma, em 2000, disse que, se f\u00f4ssemos verdadeiramente o que dever\u00edamos ser, transformar\u00edamos o mundo.<\/p>\n<p style=\"text-align: justify;\">Ele tamb\u00e9m gostava de repetir a m\u00e1xima do poeta grego P\u00edndaro: \u201cTorna-te quem tu \u00e9s\u201d.<\/p>\n<div style=\"text-align: justify;\"><\/div>\n<p style=\"text-align: justify;\">Isso parece muito bom, mas como podemos faz\u00ea-lo?\u00a0Simplesmente doando a si mesmo, atrav\u00e9s do amor. E a quem podemos ter como modelos neste assunto? Os santos. Alex Desch\u00eanes, especialista em teologia do corpo e fundador da Ignis, uma organiza\u00e7\u00e3o canadense dedicada a aconselhar jovens em sua voca\u00e7\u00e3o, explica o porqu\u00ea.<\/p>\n<div class=\"wp-block-aleteia-heading3\">\n<div class=\"text\" style=\"text-align: justify;\">\n<h3>1. Para tornar-te quem tu \u00e9s, deixa-te transformar por Deus<\/h3>\n<\/div>\n<p style=\"text-align: justify;\">\u201cDeus \u00e9 quem nos conhece mais intimamente\u201d, diz Alex Desch\u00eanes, e quer nos revelar nossa identidade.\u00a0N\u00f3s somos seus filhos, e Ele, como nosso Pai, quer que O conhe\u00e7amos e sejamos como Ele.<\/p>\n<p style=\"text-align: justify;\">Essa proximidade vem atrav\u00e9s da ora\u00e7\u00e3o. \u201cQuanto mais converso com Deus, mais me assemelho a Ele.\u201d\u00a0Deus tem o poder de nos transformar.\u00a0\u201cPara nos tornarmos a melhor vers\u00e3o de n\u00f3s mesmos, devemos permitir que Deus nos transforme, permitir que Ele aja em n\u00f3s.\u201d Assim como os santos!<\/p>\n<div id=\"aleteia-welcome\" style=\"text-align: justify;\"><\/div>\n<p style=\"text-align: justify;\">De fato, os santos se deixaram transformar por Deus. \u201cEles s\u00e3o \u00fanicos! As pessoas que seguem os modismos s\u00e3o todas iguais!\u201d<\/p>\n<p style=\"text-align: justify;\">Deus vem para ampliar nosso cora\u00e7\u00e3o, transformar nossas feridas testemunhos de cura e alegria, a fim de nos tornar mais parecidos com Ele.\u00a0Afinal, ser santo \u00e9 tornar-se a melhor vers\u00e3o de si mesmo.<\/p>\n<div class=\"wp-block-aleteia-heading3\">\n<div class=\"text\" style=\"text-align: justify;\">\n<h3>2. Saiba e reconhe\u00e7a o teu valor<\/h3>\n<\/div>\n<p style=\"text-align: justify;\">Para\u00a0<em>me tornar\u00a0<\/em>quem eu verdadeiramente sou, primeiro preciso\u00a0<em>saber\u00a0<\/em>quem sou. Ningu\u00e9m pode tirar de n\u00f3s aquilo que somos: filhos amados do Pai.\u00a0Deus nos fez Seus filhos e n\u00f3s valemos mais do que qualquer outra coisa aos Seus olhos.<\/p>\n<p style=\"text-align: justify;\">\u00c9 bom saber que temos valor infinito aos olhos de Deus, que somos \u00fanicos e insubstitu\u00edveis. Na verdade, o que temos a oferecer e contribuir, ningu\u00e9m pode dar em nosso lugar. Madre Teresa costumava dizer:\u00a0\u201cEntrega-te inteiramente a Deus.\u00a0Deus te usar\u00e1 para realizar grandes coisas, com a condi\u00e7\u00e3o de que tu acredites muito mais no amor de Deus do que em tua fraqueza.\u201d<\/p>\n<div class=\"wp-block-aleteia-heading3\">\n<div class=\"text\" style=\"text-align: justify;\">\n<h3>3. Ame e pratique as virtudes<\/h3>\n<\/div>\n<p style=\"text-align: justify;\">O amor \u00e9 o caminho real para tornar-te quem tu \u00e9s. \u00c9 amando e praticando as virtudes que os santos se tornaram quem deveriam ser.<\/p>\n<p style=\"text-align: justify;\">As virtudes s\u00e3o como m\u00fasculos, for\u00e7as morais dentro de n\u00f3s que devem ser trabalhadas e praticadas diariamente. Todos s\u00e3o chamados a desenvolver generosidade, coragem, respeito\u2026 \u201cQuanto mais eu pratico uma virtude, mais ela se torna parte de mim e, assim, eu me torno uma pessoa melhor.\u201d<\/p>\n<p style=\"text-align: justify;\">Jesus transformou o mundo oferecendo Sua vida. Ser um dom, dar a si mesmo, significa realmente se tornar quem voc\u00ea \u00e9. \u201cVoc\u00ea se torna um dom para os outros quando ama como Deus te ama.\u201d\u00a0\u00c9 um convite ao amor, qualquer que seja sua voca\u00e7\u00e3o na vida:\u00a0no casamento, no celibato ou na vida consagrada.<\/p>\n<div class=\"wp-block-aleteia-read-also read-also\"><\/div>\n<\/div>\n<\/div>\n<\/div>\n","protected":false},"excerpt":{"rendered":"<p>Como podemos nos tornar mais parecidos com aquilo que Deus quer que sejamos? OPapa Jo\u00e3o Paulo II (inspirado em Santa Catarina de Sena), no encerramento da JMJ de Roma, em 2000, disse que, se f\u00f4ssemos verdadeiramente o que dever\u00edamos ser, transformar\u00edamos o mundo. Ele tamb\u00e9m gostava de repetir a m\u00e1xima do poeta grego P\u00edndaro: \u201cTorna-te [&hellip;]<\/p>\n","protected":false},"author":1,"featured_media":71140,"comment_status":"open","ping_status":"closed","sticky":false,"template":"","format":"standard","meta":{"footnotes":""},"categories":[4],"tags":[],"class_list":["post-71139","post","type-post","status-publish","format-standard","has-post-thumbnail","hentry","category-cotidiano"],"_links":{"self":[{"href":"https:\/\/catolicanet.net\/wp-cnet\/wp-json\/wp\/v2\/posts\/71139","targetHints":{"allow":["GET"]}}],"collection":[{"href":"https:\/\/catolicanet.net\/wp-cnet\/wp-json\/wp\/v2\/posts"}],"about":[{"href":"https:\/\/catolicanet.net\/wp-cnet\/wp-json\/wp\/v2\/types\/post"}],"author":[{"embeddable":true,"href":"https:\/\/catolicanet.net\/wp-cnet\/wp-json\/wp\/v2\/users\/1"}],"replies":[{"embeddable":true,"href":"https:\/\/catolicanet.net\/wp-cnet\/wp-json\/wp\/v2\/comments?post=71139"}],"version-history":[{"count":1,"href":"https:\/\/catolicanet.net\/wp-cnet\/wp-json\/wp\/v2\/posts\/71139\/revisions"}],"predecessor-version":[{"id":71141,"href":"https:\/\/catolicanet.net\/wp-cnet\/wp-json\/wp\/v2\/posts\/71139\/revisions\/71141"}],"wp:featuredmedia":[{"embeddable":true,"href":"https:\/\/catolicanet.net\/wp-cnet\/wp-json\/wp\/v2\/media\/71140"}],"wp:attachment":[{"href":"https:\/\/catolicanet.net\/wp-cnet\/wp-json\/wp\/v2\/media?parent=71139"}],"wp:term":[{"taxonomy":"category","embeddable":true,"href":"https:\/\/catolicanet.net\/wp-cnet\/wp-json\/wp\/v2\/categories?post=71139"},{"taxonomy":"post_tag","embeddable":true,"href":"https:\/\/catolicanet.net\/wp-cnet\/wp-json\/wp\/v2\/tags?post=71139"}],"curies":[{"name":"wp","href":"https:\/\/api.w.org\/{rel}","templated":true}]}}