{"id":71118,"date":"2021-11-05T09:38:40","date_gmt":"2021-11-05T12:38:40","guid":{"rendered":"https:\/\/catolicanet.net\/wp-cnet\/?p=71118"},"modified":"2021-11-05T13:39:55","modified_gmt":"2021-11-05T16:39:55","slug":"ceama-e-repam-escrevem-carta-aos-lideres-reunidos-na-cop26-os-pobres-sao-os-primeiros-a-pagar-a-conta","status":"publish","type":"post","link":"https:\/\/catolicanet.net\/wp-cnet\/ceama-e-repam-escrevem-carta-aos-lideres-reunidos-na-cop26-os-pobres-sao-os-primeiros-a-pagar-a-conta\/","title":{"rendered":"CEAMA e REPAM escrevem carta aos l\u00edderes reunidos na COP26: \u201cos pobres s\u00e3o os primeiros a pagar a conta\u201d"},"content":{"rendered":"<figure class=\"article__image\"><span class=\"didascalia_img\">Reuni\u00e3o de c\u00fapula da COP26\u00a0<\/span><\/figure>\n<div class=\"article__meta \" data-mediatype=\"\">\n<div class=\"article__subTitle\" style=\"text-align: justify;\">Os signat\u00e1rios da carta evidenciam que vivemos num mundo quebrado. \u201c\u00c9 preciso come\u00e7ar a agir e de forma integral, para responder a toda esta realidade infernal, ratificando o Acordo de Paris e tudo o que ele implica. Todos e todas somos parte do problema, mas tamb\u00e9m da solu\u00e7\u00e3o\u201d.<\/div>\n<div class=\"title__separator\" style=\"text-align: justify;\"><\/div>\n<div class=\"article__text \">\n<p style=\"text-align: justify;\"><b>Silvonei Jos\u00e9 \u2013 Vatican News<\/b><\/p>\n<p style=\"text-align: justify;\"><i>\u201cN\u00e3o h\u00e1 duas crises separadas, uma ambiental e outra social, e sim uma s\u00f3 e complexa crise s\u00f3cio ambiental. As linhas para a solu\u00e7\u00e3o requerem uma aproxima\u00e7\u00e3o integral para combater a pobreza, para devolver a dignidade aos exclu\u00eddos e simultaneamente para cuidar da natureza\u201d<\/i>\u00a0(Papa Francisco &#8211; \u201cLaudato Si\u201d, 139).<\/p>\n<p style=\"text-align: justify;\">Com essas palavras tem in\u00edcio a carta aos l\u00edderes dos pa\u00edses presentes na c\u00fapula da COP26 enviada pela Confer\u00eancia Eclesial da Amaz\u00f4nia \u2013 CEAMA e pela Rede Eclesial Amaz\u00f4nica \u2013 REPAM (entidades que representam a Igreja Cat\u00f3lica no territ\u00f3rio amaz\u00f4nico, formado por oito pa\u00edses e pelo territ\u00f3rio ultramarino de Guiana Francesa que constituem o bioma da Amaz\u00f4nia), na qual eles se manifestam publicamente e sem ficar em sil\u00eancio frente ao evento da COP26, no qual eles est\u00e3o presentes e participando.<\/p>\n<p style=\"text-align: justify;\">Queremos expressar-lhes \u2013 diz a carta &#8211; nosso sentimento de desconcerto e, ao mesmo tempo, de impot\u00eancia ao contemplar e experimentar o caos que vive nosso Planeta, entre outras coisas, por causa da mudan\u00e7a clim\u00e1tica e suas consequ\u00eancias catastr\u00f3ficas para a humanidade e para a casa comum, como t\u00e3o maravilhosamente o tem denominado o Papa Francisco (LS, 3).<\/p>\n<p style=\"text-align: justify;\">Os signat\u00e1rios da carta cardeal Claudio Hummes, presidente da CEAMA, padre Alfredo Ferro, secret\u00e1rio Executivo da CEAMA, cardeal Pedro Barreto, presidente da REPAM e irm\u00e3o Jo\u00e3o Gutemberg Sampaio secret\u00e1rio executivo da REPAM, afirmam que \u201ccomo homens e mulheres de boa vontade, escutamos o grito dos pobres e tamb\u00e9m o grito da Terra que geme em dores de parto (Rm 8, 22). E \u00e9 por isso que, com grande preocupa\u00e7\u00e3o, nos dirigimos a voc\u00eas nas atuais condi\u00e7\u00f5es em que vive nosso Planeta amea\u00e7ado e atormentado\u201d.<\/p>\n<p style=\"text-align: justify;\">Na carta recorda-se o que foi vivido e expressado em outubro de 2019, no S\u00ednodo da Amaz\u00f4nia: temos \u201c\u2026 uma consci\u00eancia aguda sobre a dram\u00e1tica situa\u00e7\u00e3o de destrui\u00e7\u00e3o que atinge a Amaz\u00f4nia. Isto significa a destrui\u00e7\u00e3o do territ\u00f3rio e o desaparecimento de seus habitantes, especialmente os povos ind\u00edgenas. A selva amaz\u00f4nica \u00e9 um \u2018cora\u00e7\u00e3o biol\u00f3gico\u2019 para a Terra cada vez mais amea\u00e7ada. Ela se encontra numa corrida desenfreada para a morte. Ela requer mudan\u00e7as radicais com suma urg\u00eancia e nova dire\u00e7\u00e3o que permita salv\u00e1-la. Est\u00e1 cientificamente comprovado que o desaparecimento do bioma Amaz\u00f4nico ter\u00e1 um impacto catastr\u00f3fico para o conjunto do Planeta!\u201d (Documento Final, 2).<\/p>\n<p style=\"text-align: justify;\">Afirmando que a Amaz\u00f4nia, \u00e9 um grande territ\u00f3rio de biodiversidade e de ricas culturas, sendo um lugar estrat\u00e9gico para a humanidade e para nosso Planeta, sublinham tamb\u00e9m que se encontra drasticamente afetada pela deteriora\u00e7\u00e3o ambiental e pelas consequ\u00eancias da mudan\u00e7a clim\u00e1tica, devido fundamentalmente \u00e0s emiss\u00f5es de gases de efeito estufa.<\/p>\n<p style=\"text-align: justify;\">As duas entidades enfatizam a necessidade de urgentemente lutar contra toda essa degrada\u00e7\u00e3o numa regi\u00e3o que \u201cse mostra diante do mundo com todo seu esplendor, seu drama e seu mist\u00e9rio\u201d (Querida Amaz\u00f4nia, 1). O texto evidencia ainda que a Amaz\u00f4nia \u00e9 uma regi\u00e3o amea\u00e7ada por diversos motivos: as pol\u00edticas socioambientais de governos insens\u00edveis e intransigentes, o modelo extrativista que impera, a desertifica\u00e7\u00e3o que avan\u00e7a, o uso inapropriado do solo e sua super explora\u00e7\u00e3o, o desmatamento e o desprezo de nossos bosques, as queimadas indiscriminadas e em constante aumento, a contamina\u00e7\u00e3o das \u00e1guas, al\u00e9m de muitos outros.<\/p>\n<p style=\"text-align: justify;\">Citando uma entrevista do cardeal Claudio Hummes concedida a Europa Press em 2016, o documento destaca que \u201cos pobres s\u00e3o os primeiros a pagar a conta de toda essa problem\u00e1tica ecol\u00f3gica e clim\u00e1tica, pois ter\u00e3o cada vez menos acesso \u00e0 \u00e1gua pot\u00e1vel, \u00e0 terra e ao trabalho. E tamb\u00e9m as gera\u00e7\u00f5es futuras, que talvez herdar\u00e3o um planeta degradado, desolado e pouco a pouco invi\u00e1vel para a vida, o que seria muito grave\u201d. Por isso \u2013 afirma ainda o texto da carta \u2013 \u201cnecessitamos cuidar de nossa casa comum e tomar medidas de extrema urg\u00eancia diante da viol\u00eancia que os territ\u00f3rios e os povos amaz\u00f4nicos e suas culturas sofrem. Os impactos s\u00e3o imensos e todos sofremos as consequ\u00eancias. J\u00e1 n\u00e3o valem mais panos quentes, promessas n\u00e3o cumpridas, compromissos n\u00e3o assumidos, nem medidas que n\u00e3o sejam radicais na emiss\u00e3o de gases e outras medidas complementares que ajudem a corrigir o Planeta e seus habitantes.<\/p>\n<p style=\"text-align: justify;\">Os signat\u00e1rios da carta evidenciam ainda que vivemos num mundo quebrado. \u201c\u00c9 preciso come\u00e7ar a agir e de forma integral, para responder a toda esta realidade infernal, ratificando o Acordo de Paris e tudo o que ele implica. Todos e todas somos parte do problema, mas tamb\u00e9m da solu\u00e7\u00e3o\u201d.<\/p>\n<p style=\"text-align: justify;\">Os membros da CEAMA E REPAM escrevem que os l\u00edderes mundiais t\u00eam em suas m\u00e3os a oportunidade de tomar provid\u00eancias transcendentais que revertam a grande cat\u00e1strofe que se avizinha, que em parte j\u00e1 estamos vivendo, consequ\u00eancia duma s\u00e9rie de pol\u00edticas e decis\u00f5es, tanto p\u00fablicas como privadas. \u201cN\u00e3o podemos esperar mais, queremos ter resultados palp\u00e1veis e que conduzam a mudan\u00e7as de rumo de uma vez por todas\u201d.<\/p>\n<p style=\"text-align: justify;\">Recordando que nos encontramos no risco de que o aquecimento do Planeta se eleve a 2,4\u00b0C, \u201cnecessitamos honestidade, coragem e responsabilidade, sobretudo dos pa\u00edses mais poderosos e contaminantes. Diante duma crise clim\u00e1tica n\u00e3o se pode tolerar privil\u00e9gios de alguns acima do bem comum. N\u00e3o existe o direito de manter certa comodidade diante da dor e da pobreza dos outros. Esta COP26 \u00e9 nossa \u00faltima esperan\u00e7a para parar o aquecimento global a 1,5\u00b0C\u201d.<\/p>\n<p style=\"text-align: justify;\">Enfim um apelo: \u201cesperamos que escutem a nossa s\u00faplica, bem como a de muitos povos da Amaz\u00f4nia que tradicionalmente cuidaram de seus territ\u00f3rios e hoje sentem que as op\u00e7\u00f5es tomadas a partir de seus pa\u00edses foram infrutuosas. N\u00e3o podemos perder a esperan\u00e7a! E se a perdermos, as decis\u00f5es ou op\u00e7\u00f5es que precisam ser tomadas dever\u00e3o enfrentar de forma decidida e urgente a raiz dos problemas, para que n\u00e3o aconte\u00e7a o que nos dizia o Pr\u00eamio Nobel de Literatura colombiano Gabriel Garc\u00eda M\u00e1rquez em sua novela \u201cCem anos de solid\u00e3o\u201d: \u201cAs estirpes condenadas a cem anos de solid\u00e3o n\u00e3o tinham uma segunda oportunidade sobre a Terra\u201d.<\/p>\n<\/div>\n<\/div>\n","protected":false},"excerpt":{"rendered":"<p>Reuni\u00e3o de c\u00fapula da COP26\u00a0 Os signat\u00e1rios da carta evidenciam que vivemos num mundo quebrado. \u201c\u00c9 preciso come\u00e7ar a agir e de forma integral, para responder a toda esta realidade infernal, ratificando o Acordo de Paris e tudo o que ele implica. Todos e todas somos parte do problema, mas tamb\u00e9m da solu\u00e7\u00e3o\u201d. Silvonei Jos\u00e9 [&hellip;]<\/p>\n","protected":false},"author":1,"featured_media":71119,"comment_status":"open","ping_status":"closed","sticky":false,"template":"","format":"standard","meta":{"footnotes":""},"categories":[3],"tags":[],"class_list":["post-71118","post","type-post","status-publish","format-standard","has-post-thumbnail","hentry","category-vaticano"],"_links":{"self":[{"href":"https:\/\/catolicanet.net\/wp-cnet\/wp-json\/wp\/v2\/posts\/71118","targetHints":{"allow":["GET"]}}],"collection":[{"href":"https:\/\/catolicanet.net\/wp-cnet\/wp-json\/wp\/v2\/posts"}],"about":[{"href":"https:\/\/catolicanet.net\/wp-cnet\/wp-json\/wp\/v2\/types\/post"}],"author":[{"embeddable":true,"href":"https:\/\/catolicanet.net\/wp-cnet\/wp-json\/wp\/v2\/users\/1"}],"replies":[{"embeddable":true,"href":"https:\/\/catolicanet.net\/wp-cnet\/wp-json\/wp\/v2\/comments?post=71118"}],"version-history":[{"count":1,"href":"https:\/\/catolicanet.net\/wp-cnet\/wp-json\/wp\/v2\/posts\/71118\/revisions"}],"predecessor-version":[{"id":71120,"href":"https:\/\/catolicanet.net\/wp-cnet\/wp-json\/wp\/v2\/posts\/71118\/revisions\/71120"}],"wp:featuredmedia":[{"embeddable":true,"href":"https:\/\/catolicanet.net\/wp-cnet\/wp-json\/wp\/v2\/media\/71119"}],"wp:attachment":[{"href":"https:\/\/catolicanet.net\/wp-cnet\/wp-json\/wp\/v2\/media?parent=71118"}],"wp:term":[{"taxonomy":"category","embeddable":true,"href":"https:\/\/catolicanet.net\/wp-cnet\/wp-json\/wp\/v2\/categories?post=71118"},{"taxonomy":"post_tag","embeddable":true,"href":"https:\/\/catolicanet.net\/wp-cnet\/wp-json\/wp\/v2\/tags?post=71118"}],"curies":[{"name":"wp","href":"https:\/\/api.w.org\/{rel}","templated":true}]}}