{"id":71115,"date":"2021-11-05T09:37:05","date_gmt":"2021-11-05T12:37:05","guid":{"rendered":"https:\/\/catolicanet.net\/wp-cnet\/?p=71115"},"modified":"2021-11-05T13:38:09","modified_gmt":"2021-11-05T16:38:09","slug":"radio-vaticano-60-anos-de-emissao-em-ondas-curtas-para-a-africa","status":"publish","type":"post","link":"https:\/\/catolicanet.net\/wp-cnet\/radio-vaticano-60-anos-de-emissao-em-ondas-curtas-para-a-africa\/","title":{"rendered":"Radio Vaticano: 60 anos de emiss\u00e3o em ondas curtas para a \u00c1frica"},"content":{"rendered":"<figure class=\"article__image\" style=\"text-align: justify;\"><span class=\"didascalia_img\">A primeira p\u00e1gina de L&#8217;Osservatore Romano sobre a mensagem do Papa Jo\u00e3o XXIII\u00a0<\/span><\/figure>\n<div class=\"article__meta \" data-mediatype=\"\">\n<div class=\"article__subTitle\" style=\"text-align: justify;\">A 6 de novembro de 1961 eram inauguradas, com uma r\u00e1dio-mensagem do Papa Jo\u00e3o XXIII as emiss\u00f5es em ondas curtas para a \u00c1frica.<\/div>\n<div class=\"title__separator\" style=\"text-align: justify;\"><\/div>\n<div class=\"article__text \">\n<p style=\"text-align: justify;\"><b>Vaticannews<\/b><\/p>\n<p style=\"text-align: justify;\">\u201c<i>Vener\u00e1veis irm\u00e3os e diletos filhos do Continente Africano<\/i>.\u201d Assim se dirigia o Papa Jo\u00e3o XXIII aos povos africanos, no dia em que eram inauguradas emiss\u00f5es regulares e quotidianas em \u00e1rabe, ingl\u00eas, franc\u00eas, portugu\u00eas e swahili para a \u00c1frica. Foi a 6 de novembro de 1961, h\u00e1 precisamente 60 anos. O grande Centro Transmissor da R\u00e1dio Vaticano em Santa Maria di Galeria (a cerca de 10 km do Vaticano) inaugurado em 1957, acabava de ser potencializado \u2013 gra\u00e7as a uma doa\u00e7\u00e3o dos fi\u00e9is da Arquidiocese alem\u00e3 de Col\u00f3nia &#8211; \u00a0com um novo transmissor Telefunken de 100KW para a \u00c1frica. O Papa exprimia ent\u00e3o a sua grande alegria e confiava \u00e0s ondas-radio a sua mensagem a cada uma das na\u00e7\u00f5es africanas, em rela\u00e7\u00e3o \u00e0s quais \u2013 dizia em plural majest\u00e1tico: \u201csempre nutrimos sentimentos de particular benevol\u00eancia pela vossa terra e pelos povos que a habitam, nos quais s\u00e3o depositados grandes esperan\u00e7as.\u201d<\/p>\n<p style=\"text-align: justify;\">Falando em latim, \u201co Papa Bom\u201d, como era chamado Jo\u00e3o XXIII, recordou os v\u00ednculos que o ligavam \u201c\u00e0 querida gente da \u00c1frica\u201d e que conservava com alegria no seu cora\u00e7\u00e3o. Mencionava os encontros, ainda adolescente, com personalidades sinceramente amigas e benem\u00e9ritas da \u00c1frica, a visita que efetuou em 1950 com grande admira\u00e7\u00e3o \u00e0s regi\u00f5es mar\u00edtimas da \u00c1frica setentrional, onde \u201cc\u00e9u e terra resplandecem em toda a sua beleza\u201d, e a ainda a rec\u00edproca satisfa\u00e7\u00e3o pelos numerosos encontros em Paris e Roma, v\u00e9rtice e centro da Igreja Cat\u00f3lica, com muitos africanos. E antevia, com alegria, futuros e amplos encontros dessa natureza.<\/p>\n<p style=\"text-align: justify;\">Jo\u00e3o XXIII dizia ainda que n\u00e3o o abandonava nunca a recorda\u00e7\u00e3o dos dias em que ele pr\u00f3prio conferiu a numerosos bispos da \u00c1frica a plenitude do sacerd\u00f3cio. No momento em que lhes deu, conforme o rito, o beijo de paz, teve a sensa\u00e7\u00e3o \u2013 afirmou \u2013 \u201cde abra\u00e7ar e de beijar todos os povos da \u00c1frica, isto \u00e9, v\u00f3s, repetimos, v\u00f3s, diletos filhos\u201d<b><i>.<\/i><\/b><\/p>\n<p style=\"text-align: justify;\">E foi com o \u00e2nimo cheio de recorda\u00e7\u00f5es que Jo\u00e3o XXIII se dirigiu aos africanos e, n\u00e3o obstante as dist\u00e2ncias, declarava sentir como se estivesse no meio deles para lhes exprimir de cora\u00e7\u00e3o os seus melhores votos.<\/p>\n<p style=\"text-align: justify;\">\u201cFlores\u00e7a nas vossas fam\u00edlias e nas vossas na\u00e7\u00f5es uma verdadeira e est\u00e1vel felicidade; haja nos lares a honra e a santidade e sejam custodiadas pelo v\u00ednculo do amor rec\u00edproco, consolidadas pela fidelidade, alegradas pela fecundidade; cres\u00e7am os jovens no respeito da retid\u00e3o e da justi\u00e7a, e as suas energias f\u00edsicas sejam enriquecidas com os dotes de \u00e2nimo. Que todas as classes sociais se empenhem em favorecer e promover, com assiduidade, o bem-estar do pr\u00f3prio pa\u00eds; o dom celeste da paz sorria aos vossos povos a fim de que, restabelecida por todo o lado a tranquila seguran\u00e7a, possais gozar em abund\u00e2ncia os frutos da alegria, da paz, da verdadeira liberdade.<\/p>\n<p style=\"text-align: justify;\">O Papa exortava esses seus \u201cirm\u00e3os car\u00edssimos e desejad\u00edssimos\u201d a se manterem firmes \u2013 como S\u00e3o Paulo \u2013 no Senhor e exprimia o desejo de que a paz de Deus que ultrapassa qualquer entendimento, protegesse os seus cora\u00e7\u00f5es e as suas mentes em Jesus Cristo. E conclu\u00eda:<\/p>\n<p style=\"text-align: justify;\">\u201cEste o aug\u00fario que hoje com alegria vos dirijo: acolhei-o como penhor do Nosso particular afeto. E por fim, implorando para v\u00f3s de todo o cora\u00e7\u00e3o a ajuda de Deus omnipotente, invocamos sobre cada um de v\u00f3s todo o bem e toda a felicidade. A gra\u00e7a, a miseric\u00f3rdia, a paz, as celestiais consola\u00e7\u00f5es estejam com todos v\u00f3s.\u201d<\/p>\n<p style=\"text-align: justify;\">Esta, a mensagem com que o Papa inaugurava as emiss\u00f5es em ondas curtas para a \u00c1frica h\u00e1 60 anos. Na cerim\u00f3nia de inaugura\u00e7\u00e3o participou tamb\u00e9m o Cardeal Giuseppe Frings, Arcebispo de Col\u00f3nia que benzeu o novo transmissor doado pelos fi\u00e9is da sua Diocese. Tamb\u00e9m ele dirigiu uma sauda\u00e7\u00e3o aos povos africanos. A cerim\u00f3nia concluiu-se com uma sauda\u00e7\u00e3o do ent\u00e3o Diretor da R\u00e1dio Vaticano, P. Ant\u00f3nio Stefanizzi, sacerdote jesu\u00edta, que anunciou as emiss\u00f5es regulares a que isso ia dar lugar em ondas curtas para a \u00c1frica.<\/p>\n<p style=\"text-align: justify;\">Tanto as emiss\u00f5es da R\u00e1dio Vaticano nesse dia, como o jornal do Vaticano &#8220;L&#8217;Osservatore Romano&#8221; deram grande \u00eanfase ao evento, como se v\u00ea na foto.<\/p>\n<\/div>\n<\/div>\n","protected":false},"excerpt":{"rendered":"<p>A primeira p\u00e1gina de L&#8217;Osservatore Romano sobre a mensagem do Papa Jo\u00e3o XXIII\u00a0 A 6 de novembro de 1961 eram inauguradas, com uma r\u00e1dio-mensagem do Papa Jo\u00e3o XXIII as emiss\u00f5es em ondas curtas para a \u00c1frica. Vaticannews \u201cVener\u00e1veis irm\u00e3os e diletos filhos do Continente Africano.\u201d Assim se dirigia o Papa Jo\u00e3o XXIII aos povos africanos, [&hellip;]<\/p>\n","protected":false},"author":1,"featured_media":71116,"comment_status":"open","ping_status":"closed","sticky":false,"template":"","format":"standard","meta":{"footnotes":""},"categories":[3],"tags":[],"class_list":["post-71115","post","type-post","status-publish","format-standard","has-post-thumbnail","hentry","category-vaticano"],"_links":{"self":[{"href":"https:\/\/catolicanet.net\/wp-cnet\/wp-json\/wp\/v2\/posts\/71115","targetHints":{"allow":["GET"]}}],"collection":[{"href":"https:\/\/catolicanet.net\/wp-cnet\/wp-json\/wp\/v2\/posts"}],"about":[{"href":"https:\/\/catolicanet.net\/wp-cnet\/wp-json\/wp\/v2\/types\/post"}],"author":[{"embeddable":true,"href":"https:\/\/catolicanet.net\/wp-cnet\/wp-json\/wp\/v2\/users\/1"}],"replies":[{"embeddable":true,"href":"https:\/\/catolicanet.net\/wp-cnet\/wp-json\/wp\/v2\/comments?post=71115"}],"version-history":[{"count":1,"href":"https:\/\/catolicanet.net\/wp-cnet\/wp-json\/wp\/v2\/posts\/71115\/revisions"}],"predecessor-version":[{"id":71117,"href":"https:\/\/catolicanet.net\/wp-cnet\/wp-json\/wp\/v2\/posts\/71115\/revisions\/71117"}],"wp:featuredmedia":[{"embeddable":true,"href":"https:\/\/catolicanet.net\/wp-cnet\/wp-json\/wp\/v2\/media\/71116"}],"wp:attachment":[{"href":"https:\/\/catolicanet.net\/wp-cnet\/wp-json\/wp\/v2\/media?parent=71115"}],"wp:term":[{"taxonomy":"category","embeddable":true,"href":"https:\/\/catolicanet.net\/wp-cnet\/wp-json\/wp\/v2\/categories?post=71115"},{"taxonomy":"post_tag","embeddable":true,"href":"https:\/\/catolicanet.net\/wp-cnet\/wp-json\/wp\/v2\/tags?post=71115"}],"curies":[{"name":"wp","href":"https:\/\/api.w.org\/{rel}","templated":true}]}}