{"id":71089,"date":"2021-11-04T09:40:53","date_gmt":"2021-11-04T12:40:53","guid":{"rendered":"https:\/\/catolicanet.net\/wp-cnet\/?p=71089"},"modified":"2021-11-04T17:48:08","modified_gmt":"2021-11-04T20:48:08","slug":"cnbb-e-entidades-pedem-a-justica-reuniao-sobre-prescricao-de-acoes-de-vitimas-do-rompimento-de-brumadinho","status":"publish","type":"post","link":"https:\/\/catolicanet.net\/wp-cnet\/cnbb-e-entidades-pedem-a-justica-reuniao-sobre-prescricao-de-acoes-de-vitimas-do-rompimento-de-brumadinho\/","title":{"rendered":"CNBB E ENTIDADES PEDEM \u00c0 JUSTI\u00c7A REUNI\u00c3O SOBRE PRESCRI\u00c7\u00c3O DE A\u00c7\u00d5ES DE V\u00cdTIMAS DO ROMPIMENTO DE BRUMADINHO"},"content":{"rendered":"<div class=\"elementor-element elementor-element-3a087bd2 elementor-widget elementor-widget-theme-post-content\" data-id=\"3a087bd2\" data-element_type=\"widget\" data-widget_type=\"theme-post-content.default\">\n<div class=\"elementor-widget-container\">\n<p style=\"text-align: justify;\">A poucos meses de se completarem tr\u00eas anos do desastre-crime da mineradora Vale em Brumadinho (MG), a Confer\u00eancia Nacional dos Bispos do Brasil (CNBB) e diversas entidades entregaram ao poder judici\u00e1rio e \u00e0s institui\u00e7\u00f5es de justi\u00e7a de Minas Gerais um of\u00edcio solicitando uma reuni\u00e3o para discutir o prazo prescricional das a\u00e7\u00f5es individuais ajuizadas por pessoas atingidas pelo rompimento da barragem da Mina C\u00f3rrego do Feij\u00e3o.<\/p>\n<figure id=\"attachment_33339\" class=\"wp-caption alignright\" style=\"text-align: justify;\" aria-describedby=\"caption-attachment-33339\"><img loading=\"lazy\" decoding=\"async\" class=\"wp-image-33339 size-full lazyloaded\" src=\"https:\/\/eadn-wc02-718006.nxedge.io\/cdn\/wp-content\/uploads\/2020\/03\/Brumadinho_Divulga%C3%A7%C3%A3o_Corpo-de-Bombeiros-de-Minas-Gerais.jpg\" sizes=\"auto, (max-width: 500px) 100vw, 500px\" srcset=\"https:\/\/eadn-wc02-718006.nxedge.io\/cdn\/wp-content\/uploads\/2020\/03\/Brumadinho_Divulga\u00e7\u00e3o_Corpo-de-Bombeiros-de-Minas-Gerais.jpg 500w, https:\/\/eadn-wc02-718006.nxedge.io\/cdn\/wp-content\/uploads\/2020\/03\/Brumadinho_Divulga\u00e7\u00e3o_Corpo-de-Bombeiros-de-Minas-Gerais-300x180.jpg 300w\" alt=\"\" width=\"500\" height=\"300\" data-srcset=\"https:\/\/eadn-wc02-718006.nxedge.io\/cdn\/wp-content\/uploads\/2020\/03\/Brumadinho_Divulga\u00e7\u00e3o_Corpo-de-Bombeiros-de-Minas-Gerais.jpg 500w, https:\/\/eadn-wc02-718006.nxedge.io\/cdn\/wp-content\/uploads\/2020\/03\/Brumadinho_Divulga\u00e7\u00e3o_Corpo-de-Bombeiros-de-Minas-Gerais-300x180.jpg 300w\" data-src=\"https:\/\/eadn-wc02-718006.nxedge.io\/cdn\/wp-content\/uploads\/2020\/03\/Brumadinho_Divulga\u00e7\u00e3o_Corpo-de-Bombeiros-de-Minas-Gerais.jpg\" data-sizes=\"(max-width: 500px) 100vw, 500px\" \/><figcaption id=\"caption-attachment-33339\" class=\"wp-caption-text\">Brumadinho (MG). Divulga\u00e7\u00e3o: Corpo de Bombeiros de Minas Gerais<\/figcaption><\/figure>\n<p style=\"text-align: justify;\">De maneira geral, a legisla\u00e7\u00e3o brasileira prev\u00ea o prazo m\u00e1ximo de 3 anos, a partir da ocorr\u00eancia de uma viola\u00e7\u00e3o de direito, para que seja poss\u00edvel ingressar com uma a\u00e7\u00e3o indenizat\u00f3ria. Contudo, normas espec\u00edficas e decis\u00f5es judiciais em casos semelhantes abrem a possibilidade de que esse prazo seja interrompido,\u00a0 suspenso ou considerado com base em outra norma,\u00a0 como o C\u00f3digo de Defesa do Consumidor (CDC),\u00a0 de forma a garantir maior seguran\u00e7a para a repara\u00e7\u00e3o de todos os danos causados por um crime da magnitude como o ocorrido em Brumadinho.<\/p>\n<p style=\"text-align: justify;\">Diante dessas incertezas e cruzamento de informa\u00e7\u00f5es, o of\u00edcio entregue pela CNBB busca garantir uma formaliza\u00e7\u00e3o, por parte das institui\u00e7\u00f5es de justi\u00e7a, de que o prazo para ingresso de a\u00e7\u00f5es individuais indenizat\u00f3rias n\u00e3o terminar\u00e1 no dia 25 de janeiro de 2022.<\/p>\n<p style=\"text-align: justify;\">O documento entregue \u00e9 assinado por diversas entidades que acompanham as comunidades da bacia do Paraopeba impactadas pelo crime: Associa\u00e7\u00e3o Estadual de Defesa Ambiental e Social \u2013 AEDAS; C\u00e1ritas Brasileira Regional Minas Gerais; Comiss\u00e3o de Ecologia Integral e Minera\u00e7\u00e3o da Confer\u00eancia Nacional dos Bispos do Brasil \u2013 CNBB; Instituto Guaicuy; Instituto Nenuca de Desenvolvimento Sustent\u00e1vel \u2013 INSEA; Movimento dos Atingidos por Barragens \u2013 MAB; Movimento dos Atingidos pela Minera\u00e7\u00e3o \u2013 MAM; Movimento dos Trabalhadores Rurais Sem Terra \u2013 MST; N\u00facleo de Assessoria \u00e0s Comunidades Atingidas por Barragens \u2013 NACAB; e Regi\u00e3o Episcopal Nossa Senhora do Ros\u00e1rio da Arquidiocese de Belo Horizonte \u2013 RENSER.<\/p>\n<h3 style=\"text-align: justify;\"><strong>Confira o documento na \u00edntegra:<\/strong><\/h3>\n<div style=\"text-align: justify;\"><a href=\"https:\/\/docs.google.com\/viewer?embedded=true&amp;url=https%3A%2F%2Fwww.cnbb.org.br%2Fwp-content%2Fuploads%2F2021%2F11%2F29.10.2021_OFICIO_REUNIA%CC%83OPRAZOPRESCRICIONAL.docx.pdf\">https:\/\/docs.google.com\/viewer?embedded=true&amp;url=https%3A%2F%2Fwww.cnbb.org.br%2Fwp-content%2Fuploads%2F2021%2F11%2F29.10.2021_OFICIO_REUNIA%CC%83OPRAZOPRESCRICIONAL.docx.pdf<\/a><\/div>\n<\/div>\n<\/div>\n<div style=\"text-align: justify;\"><\/div>\n","protected":false},"excerpt":{"rendered":"<p>A poucos meses de se completarem tr\u00eas anos do desastre-crime da mineradora Vale em Brumadinho (MG), a Confer\u00eancia Nacional dos Bispos do Brasil (CNBB) e diversas entidades entregaram ao poder judici\u00e1rio e \u00e0s institui\u00e7\u00f5es de justi\u00e7a de Minas Gerais um of\u00edcio solicitando uma reuni\u00e3o para discutir o prazo prescricional das a\u00e7\u00f5es individuais ajuizadas por pessoas [&hellip;]<\/p>\n","protected":false},"author":1,"featured_media":71090,"comment_status":"open","ping_status":"closed","sticky":false,"template":"","format":"standard","meta":{"footnotes":""},"categories":[7],"tags":[],"class_list":["post-71089","post","type-post","status-publish","format-standard","has-post-thumbnail","hentry","category-cnbb"],"_links":{"self":[{"href":"https:\/\/catolicanet.net\/wp-cnet\/wp-json\/wp\/v2\/posts\/71089","targetHints":{"allow":["GET"]}}],"collection":[{"href":"https:\/\/catolicanet.net\/wp-cnet\/wp-json\/wp\/v2\/posts"}],"about":[{"href":"https:\/\/catolicanet.net\/wp-cnet\/wp-json\/wp\/v2\/types\/post"}],"author":[{"embeddable":true,"href":"https:\/\/catolicanet.net\/wp-cnet\/wp-json\/wp\/v2\/users\/1"}],"replies":[{"embeddable":true,"href":"https:\/\/catolicanet.net\/wp-cnet\/wp-json\/wp\/v2\/comments?post=71089"}],"version-history":[{"count":1,"href":"https:\/\/catolicanet.net\/wp-cnet\/wp-json\/wp\/v2\/posts\/71089\/revisions"}],"predecessor-version":[{"id":71092,"href":"https:\/\/catolicanet.net\/wp-cnet\/wp-json\/wp\/v2\/posts\/71089\/revisions\/71092"}],"wp:featuredmedia":[{"embeddable":true,"href":"https:\/\/catolicanet.net\/wp-cnet\/wp-json\/wp\/v2\/media\/71090"}],"wp:attachment":[{"href":"https:\/\/catolicanet.net\/wp-cnet\/wp-json\/wp\/v2\/media?parent=71089"}],"wp:term":[{"taxonomy":"category","embeddable":true,"href":"https:\/\/catolicanet.net\/wp-cnet\/wp-json\/wp\/v2\/categories?post=71089"},{"taxonomy":"post_tag","embeddable":true,"href":"https:\/\/catolicanet.net\/wp-cnet\/wp-json\/wp\/v2\/tags?post=71089"}],"curies":[{"name":"wp","href":"https:\/\/api.w.org\/{rel}","templated":true}]}}