{"id":71006,"date":"2021-11-03T08:59:05","date_gmt":"2021-11-03T11:59:05","guid":{"rendered":"https:\/\/catolicanet.net\/wp-cnet\/?p=71006"},"modified":"2021-11-03T17:00:22","modified_gmt":"2021-11-03T20:00:22","slug":"da-cop26-a-intencao-de-zerar-desmatamento-ate-2030","status":"publish","type":"post","link":"https:\/\/catolicanet.net\/wp-cnet\/da-cop26-a-intencao-de-zerar-desmatamento-ate-2030\/","title":{"rendered":"Da COP26, a inten\u00e7\u00e3o de zerar desmatamento at\u00e9 2030"},"content":{"rendered":"<figure class=\"article__image\" style=\"text-align: justify;\"><span class=\"didascalia_img\">Vista a\u00e9rea de toras empilhadas no parque de toras da Zona Econ\u00f4mica Especial do Gab\u00e3o, em Nkok, Gab\u00e3o, 12 de outubro de 2021. (REUTERS \/ Christophe Van Der Perre)\u00a0<\/span><\/figure>\n<div class=\"article__meta \" data-mediatype=\"\">\n<div class=\"article__subTitle\" style=\"text-align: justify;\">Uma decis\u00e3o importante para proteger e restaurar os pulm\u00f5es verdes do planeta foi concordada por mais de 100 pa\u00edses, que se comprometeram em destinar para tal um montante de 19,2 bilh\u00f5es de euros. Coalition for Rainforest: agora o compromisso \u00e9 passar das declara\u00e7\u00f5es aos fatos<\/div>\n<div class=\"title__separator\" style=\"text-align: justify;\"><\/div>\n<div class=\"article__text \">\n<p style=\"text-align: justify;\"><b>Marine Henriot &#8211; Glasgow e Gabriella Ceraso &#8211; Cidade do Vaticano<\/b><\/p>\n<p style=\"text-align: justify;\">Uma declara\u00e7\u00e3o conjunta de valor hist\u00f3rico foi tomada no segundo dia de trabalhos em Glasgow e que diz respeito ao compromisso de salvaguardar o patrim\u00f4nio florestal mundial at\u00e9 2030 da explora\u00e7\u00e3o indiscriminada.<\/p>\n<p style=\"text-align: justify;\">Mais de uma centena de l\u00edderes mundiais, que lideram os pa\u00edses que det\u00e9m cerca de 86% das florestas do mundo, se comprometeram em deter o desmatamento colocando sobre a mesa a inten\u00e7\u00e3o de assumir compromissos financeiros, inclusive privados, no valor de 19,2 bilh\u00f5es de euros. O acordo tamb\u00e9m inclui a\u00e7\u00f5es conjuntas para a restaura\u00e7\u00e3o de ecossistemas severamente amea\u00e7ados pelo desmatamento e para o apoio tamb\u00e9m do ponto de vista financeiro \u00e0s comunidades ind\u00edgenas que deles fazem parte.<\/p>\n<p style=\"text-align: justify;\">Entre os signat\u00e1rios tamb\u00e9m Brasil, R\u00fassia, China, Col\u00f4mbia, Indon\u00e9sia, Austr\u00e1lia, Costa Rica. A Uni\u00e3o Europeia se comprometeu com um bilh\u00e3o e com a promessa de uma regulamenta\u00e7\u00e3o para combater o desmatamento. O presidente estadunidense Joe Biden anunciou que vai pedir ao Congresso que aloque nove bilh\u00f5es at\u00e9 2030. O primeiro-ministro brit\u00e2nico Boris Johnson definiu o acordo sobre o desmatamento como fundamental para o objetivo global de limitar o aumento da temperatura a 1,5\u00b0C, o mais ambicioso do Acordo de Paris.<\/p>\n<p style=\"text-align: justify;\">O compromisso inclui ainda o plantio de pelo menos um trilh\u00e3o de novas \u00e1rvores, tamb\u00e9m at\u00e9 2030, essenciais para a absor\u00e7\u00e3o de di\u00f3xido de carbono e para conter as mudan\u00e7as clim\u00e1ticas. Governos de 28 pa\u00edses tamb\u00e9m trabalhar\u00e3o para remover o desmatamento do com\u00e9rcio global de alimentos e outros produtos agr\u00edcolas, como \u00f3leo de palma, soja e cacau.<\/p>\n<p style=\"text-align: justify;\">Satisfa\u00e7\u00e3o mas tamb\u00e9m cautela dos observadores presentes em Glasgow. Entre eles Federica Bietta, diretora-geral da\u00a0<i>Coalition for Rainforest<\/i>, uma ONG comprometida junto aos governos, comunidades e povos tropicais para gerenciar com responsabilidade suas florestas tropicais:<\/p>\n<p style=\"text-align: justify;\"><b>Qual foi a primeira rea\u00e7\u00e3o a essas declara\u00e7\u00f5es de entendimento sobre a quest\u00e3o do desmatamento?<\/b><\/p>\n<p style=\"text-align: justify;\">Certamente, qualquer declara\u00e7\u00e3o que traga as florestas para o primeiro plano ap\u00f3s o esquecimento desses anos em que se acreditava que a tecnologia salvaria o mundo \u00e9 bem-vinda. Mas se isso \u00e9 suficiente, n\u00e3o sei. H\u00e1 anos que trabalhamos nesta quest\u00e3o e tememos que esta seja uma das tantas declara\u00e7\u00f5es, que depois n\u00e3o se concretizam. Um compromisso assumido, uma declara\u00e7\u00e3o clara, 12 bilh\u00f5es de d\u00f3lares em cima da mesa, mas sem uma orienta\u00e7\u00e3o clara sobre como us\u00e1-los, com quais mecanismos. Portanto, \u00e9 nosso dever agora trabalhar arduamente neste sentido.<\/p>\n<p style=\"text-align: justify;\"><b>De fato, estamos diante de uma declara\u00e7\u00e3o que os pa\u00edses podem assinar, mas depois n\u00e3o levar em considera\u00e7\u00e3o &#8230; \u00e9 este o temor?<\/b><\/p>\n<p style=\"text-align: justify;\">A Declara\u00e7\u00e3o de Nova York \u00e9 um precedente neste sentido: \u00e9 por isso que estamos trabalhando em mecanismos de implementa\u00e7\u00e3o, especialmente no que se refere a implementa\u00e7\u00f5es que salvem as florestas. J\u00e1 existe um artigo sobre isso no Acordo de Paris que inclui todas as florestas e se aplica aos pa\u00edses em desenvolvimento e a ideia \u00e9 que com esse mecanismo possamos realmente reduzir as emiss\u00f5es, o desmatamento e aumentar o plantio. Tamb\u00e9m \u00e9 importante uma an\u00e1lise que realizamos sobre os custos de oportunidade dos pa\u00edses. Calculamos que ser\u00e3o necess\u00e1rios mais de US$ 100 bilh\u00f5es anuais para reduzir o desmatamento global nos pr\u00f3ximos dez anos. Estamos falando de um trilh\u00e3o de d\u00f3lares. \u00c9 importante entender isso: os pa\u00edses em desenvolvimento n\u00e3o cortam a floresta por prazer, \u00e9 uma grande dificuldade, mas cortam porque tem um valor econ\u00f4mico e no momento esse valor \u00e9 perverso. Ou seja, se corta e depois plantam caf\u00e9, chocolate ou criam fazendas, ganham dinheiro e isso n\u00e3o est\u00e1 bem. \u00c9 necess\u00e1rio que o pre\u00e7o seja adequado ao valor e que convenha \u00e0s comunidades que utilizam a floresta como renda. Porque se eles tiverem uma alternativa para se manter, eles o far\u00e3o. Os meios est\u00e3o a\u00ed, foram decididos em Paris, s\u00f3 \u00e9 preciso implement\u00e1-los e dar apoio financeiro.<\/p>\n<p style=\"text-align: justify;\"><b>Por que as florestas s\u00e3o t\u00e3o importantes contra as mudan\u00e7as clim\u00e1ticas, especialmente as florestas tropicais?<\/b><\/p>\n<p style=\"text-align: justify;\">Essas florestas conseguem reter um ter\u00e7o do carbono existente. Portanto, precisamos parar o desmatamento e plantar mais. Al\u00e9m disso, essas florestas tropicais, ao contr\u00e1rio do que acontece no Ocidente, onde ao perderem suas folhas perdem a capacidade de reter di\u00f3xido de carbono, ao longo do ano mant\u00eam sua capacidade de proteger o ar que respiramos intacto. O outro objetivo, que temos globalmente, \u00e9 deter o aumento das temperaturas: caso contr\u00e1rio, j\u00e1 estamos vendo os efeitos catastr\u00f3ficos de eventos em todo o planeta. E seria cada vez pior. N\u00e3o podendo parar tudo de imediato, as extra\u00e7\u00f5es, as emiss\u00f5es, e n\u00e3o tendo experi\u00eancia suficiente com energias alternativas, o que podemos fazer agora \u00e9 parar o desmatamento e sobretudo garantir que esta a\u00e7\u00e3o seja plaus\u00edvel, uma oportunidade para quem a realiza, seja conveniente em termos de custos para aqueles que delas e com as florestas vivem.<\/p>\n<\/div>\n<\/div>\n","protected":false},"excerpt":{"rendered":"<p>Vista a\u00e9rea de toras empilhadas no parque de toras da Zona Econ\u00f4mica Especial do Gab\u00e3o, em Nkok, Gab\u00e3o, 12 de outubro de 2021. (REUTERS \/ Christophe Van Der Perre)\u00a0 Uma decis\u00e3o importante para proteger e restaurar os pulm\u00f5es verdes do planeta foi concordada por mais de 100 pa\u00edses, que se comprometeram em destinar para tal [&hellip;]<\/p>\n","protected":false},"author":1,"featured_media":71007,"comment_status":"open","ping_status":"closed","sticky":false,"template":"","format":"standard","meta":{"footnotes":""},"categories":[3],"tags":[],"class_list":["post-71006","post","type-post","status-publish","format-standard","has-post-thumbnail","hentry","category-vaticano"],"_links":{"self":[{"href":"https:\/\/catolicanet.net\/wp-cnet\/wp-json\/wp\/v2\/posts\/71006","targetHints":{"allow":["GET"]}}],"collection":[{"href":"https:\/\/catolicanet.net\/wp-cnet\/wp-json\/wp\/v2\/posts"}],"about":[{"href":"https:\/\/catolicanet.net\/wp-cnet\/wp-json\/wp\/v2\/types\/post"}],"author":[{"embeddable":true,"href":"https:\/\/catolicanet.net\/wp-cnet\/wp-json\/wp\/v2\/users\/1"}],"replies":[{"embeddable":true,"href":"https:\/\/catolicanet.net\/wp-cnet\/wp-json\/wp\/v2\/comments?post=71006"}],"version-history":[{"count":1,"href":"https:\/\/catolicanet.net\/wp-cnet\/wp-json\/wp\/v2\/posts\/71006\/revisions"}],"predecessor-version":[{"id":71008,"href":"https:\/\/catolicanet.net\/wp-cnet\/wp-json\/wp\/v2\/posts\/71006\/revisions\/71008"}],"wp:featuredmedia":[{"embeddable":true,"href":"https:\/\/catolicanet.net\/wp-cnet\/wp-json\/wp\/v2\/media\/71007"}],"wp:attachment":[{"href":"https:\/\/catolicanet.net\/wp-cnet\/wp-json\/wp\/v2\/media?parent=71006"}],"wp:term":[{"taxonomy":"category","embeddable":true,"href":"https:\/\/catolicanet.net\/wp-cnet\/wp-json\/wp\/v2\/categories?post=71006"},{"taxonomy":"post_tag","embeddable":true,"href":"https:\/\/catolicanet.net\/wp-cnet\/wp-json\/wp\/v2\/tags?post=71006"}],"curies":[{"name":"wp","href":"https:\/\/api.w.org\/{rel}","templated":true}]}}