{"id":71003,"date":"2021-11-03T08:56:09","date_gmt":"2021-11-03T11:56:09","guid":{"rendered":"https:\/\/catolicanet.net\/wp-cnet\/?p=71003"},"modified":"2021-11-03T16:57:59","modified_gmt":"2021-11-03T19:57:59","slug":"papa-os-tumulos-das-vitimas-de-guerra-clamam-por-paz","status":"publish","type":"post","link":"https:\/\/catolicanet.net\/wp-cnet\/papa-os-tumulos-das-vitimas-de-guerra-clamam-por-paz\/","title":{"rendered":"Papa: os t\u00famulos das v\u00edtimas de guerra clamam por paz"},"content":{"rendered":"<div class=\"article__subTitle\" style=\"text-align: justify;\">Antes da celebra\u00e7\u00e3o eucar\u00edstica no Cemit\u00e9rio Militar Franc\u00eas de Roma, Francisco se deteve em ora\u00e7\u00e3o diante de alguns t\u00famulos, sobre os quais depositou rosas brancas. Diante de um t\u00famulo, afirmou, n\u00e3o havia nem mesmo o nome do soldado. Mas \u201cno cora\u00e7\u00e3o de Deus est\u00e1 o nome de todos n\u00f3s. Esta \u00e9 a trag\u00e9dia da guerra&#8221;.<\/div>\n<div class=\"title__separator\" style=\"text-align: justify;\"><\/div>\n<div class=\"article__text \">\n<p style=\"text-align: justify;\"><b>Bianca Fraccalvieri \u2013 Cidade do Vaticano<\/b><\/p>\n<p style=\"text-align: justify;\">Por todos os mortos, em especial pelas v\u00edtimas da guerra e da viol\u00eancia: o Papa Francisco j\u00e1 havia anunciado a sua inten\u00e7\u00e3o de ora\u00e7\u00e3o neste Dia de Finados. E assim foi. O Pont\u00edfice deixou o Vaticano para a celebrar a missa no Cemit\u00e9rio Militar Franc\u00eas de Roma.<\/p>\n<div style=\"text-align: justify;\">\n<div class=\"article__embed article__embed--unwrap article__embed--dark\">\n<div class=\"article__innerTitle\">Ou\u00e7a a reportagem completa com a voz do Papa Francisco<\/div>\n<div>\n<!--[if lt IE 9]><script>document.createElement('audio');<\/script><![endif]-->\n<audio class=\"wp-audio-shortcode\" id=\"audio-71003-1\" preload=\"none\" style=\"width: 100%;\" controls=\"controls\"><source type=\"audio\/mpeg\" src=\"https:\/\/media.vaticannews.va\/media\/audio\/s1\/2021\/11\/02\/11\/136246621_F136246621.mp3?_=1\" \/><a href=\"https:\/\/media.vaticannews.va\/media\/audio\/s1\/2021\/11\/02\/11\/136246621_F136246621.mp3\">https:\/\/media.vaticannews.va\/media\/audio\/s1\/2021\/11\/02\/11\/136246621_F136246621.mp3<\/a><\/audio>\n<\/div>\n<\/div>\n<\/div>\n<p style=\"text-align: justify;\">Antes da celebra\u00e7\u00e3o eucar\u00edstica, Francisco se deteve em ora\u00e7\u00e3o diante de alguns t\u00famulos, sobre os quais depositou rosas brancas.<\/p>\n<p style=\"text-align: justify;\">J\u00e1 em sua homilia, a sua prega\u00e7\u00e3o se concentrou sobre dois aspectos: o nosso estar em caminho e a necessidade de paz.<\/p>\n<div style=\"text-align: justify;\">\n<div class=\"article__embed article__embed--unwrap article__embed--dark\">\n<div class=\"embed-container\"><iframe id=\"590374941\" src=\"https:\/\/www.youtube.com\/embed\/q5m3l2tYTOA?wmode=opaque&amp;rel=0&amp;autohide=1&amp;showinfo=0&amp;wmode=transparent&amp;modestbranding=1&amp;enablejsapi=1&amp;origin=https:\/\/www.vaticannews.va&amp;start=&amp;end=\" allowfullscreen=\"allowfullscreen\" data-gtm-yt-inspected-7781034_9=\"true\" data-mce-fragment=\"1\"><\/iframe><\/div>\n<div class=\"article__innerTitle\">Missa no Dia de Finados<\/div>\n<\/div>\n<\/div>\n<p style=\"text-align: justify;\">\u201cTodos n\u00f3s estamos em caminho, se quisermos fazer algo na vida\u201d, disse o Papa. N\u00e3o se trata de um passeio nem de circular por um labirinto. Neste caminhar, passamos diante de fatos hist\u00f3ricos, diante de tantas situa\u00e7\u00f5es dif\u00edceis e diante dos cemit\u00e9rios. E Francisco aconselhou: voc\u00ea que passa, pare o passo e pense em seus passos. Todos n\u00f3s daremos o \u00faltimo passo. N\u00e3o se trata de ser tr\u00e1gico, mas \u00e9 a realidade. \u201cO importante \u00e9 que o \u00faltimo passo seja em caminho. Estar a caminho para que o \u00faltimo passo seja caminhando.\u201d<\/p>\n<h2 style=\"text-align: justify;\">No cora\u00e7\u00e3o de Deus est\u00e1 o nome de todos n\u00f3s<\/h2>\n<p style=\"text-align: justify;\">O segundo aspecto \u00e9 representado pelos t\u00famulos. No caso do cemit\u00e9rio franc\u00eas, as pessoas ali enterradas morreram na guerra. &#8220;Morreram porque foram chamados a defender a p\u00e1tria, os valores, os ideais e muitas vezes defender situa\u00e7\u00f5es pol\u00edticas tristes e lament\u00e1veis. S\u00e3o as v\u00edtimas da guerra, que consome os filhos da p\u00e1tria.&#8221; O Papa citou algumas localidades da It\u00e1lia e da Fran\u00e7a onde houve combates e mortes durante as Guerras: Anzio, Redipuglia, Piave, Normandia.<\/p>\n<p style=\"text-align: justify;\">Diante de um t\u00famulo, acrescentou, n\u00e3o havia nem mesmo o nome do soldado. Mas \u201cno cora\u00e7\u00e3o de Deus est\u00e1 o nome de todos n\u00f3s&#8221;.<\/p>\n<div style=\"text-align: justify;\">\n<div class=\"article__embed article__embed--border embed_style\">\n<blockquote><p>\u201cEsta \u00e9 a trag\u00e9dia da guerra. Estou certo de que todos os foram chamados pela p\u00e1tria a defend\u00ea-la est\u00e3o com o Senhor.\u201d<\/p><\/blockquote>\n<\/div>\n<\/div>\n<p style=\"text-align: justify;\">Mas para o Papa, o importante agora \u00e9 estar a caminho lutando suficientemente para que n\u00e3o haja guerras, para que n\u00e3o existam as economias dos pa\u00edses fortificadas pela ind\u00fastria das armas. Assim, a prega\u00e7\u00e3o \u00e9 olhar os t\u00famulos. &#8220;Alguns t\u00eam nome, outros n\u00e3o. Estes t\u00famulos s\u00e3o uma mensagem de paz.&#8221; Uma mensagem para que os fabricantes de armas deixem de produzi-las.<\/p>\n<div>\n<div class=\"article__embed article__embed--border embed_style\">\n<blockquote>\n<p style=\"text-align: center;\">\u201cDeixo esses dois pensamentos. Voc\u00ea que passa, pense em seus passos e no \u00faltimo passo: que seja em paz. O segundo pensamento: estes T\u00famulos que clamam, gritam \u2018paz\u2019.\u201d<\/p>\n<\/blockquote>\n<\/div>\n<\/div>\n<\/div>\n","protected":false},"excerpt":{"rendered":"<p>Antes da celebra\u00e7\u00e3o eucar\u00edstica no Cemit\u00e9rio Militar Franc\u00eas de Roma, Francisco se deteve em ora\u00e7\u00e3o diante de alguns t\u00famulos, sobre os quais depositou rosas brancas. Diante de um t\u00famulo, afirmou, n\u00e3o havia nem mesmo o nome do soldado. Mas \u201cno cora\u00e7\u00e3o de Deus est\u00e1 o nome de todos n\u00f3s. Esta \u00e9 a trag\u00e9dia da guerra&#8221;. [&hellip;]<\/p>\n","protected":false},"author":1,"featured_media":71004,"comment_status":"open","ping_status":"closed","sticky":false,"template":"","format":"standard","meta":{"footnotes":""},"categories":[3],"tags":[],"class_list":["post-71003","post","type-post","status-publish","format-standard","has-post-thumbnail","hentry","category-vaticano"],"_links":{"self":[{"href":"https:\/\/catolicanet.net\/wp-cnet\/wp-json\/wp\/v2\/posts\/71003","targetHints":{"allow":["GET"]}}],"collection":[{"href":"https:\/\/catolicanet.net\/wp-cnet\/wp-json\/wp\/v2\/posts"}],"about":[{"href":"https:\/\/catolicanet.net\/wp-cnet\/wp-json\/wp\/v2\/types\/post"}],"author":[{"embeddable":true,"href":"https:\/\/catolicanet.net\/wp-cnet\/wp-json\/wp\/v2\/users\/1"}],"replies":[{"embeddable":true,"href":"https:\/\/catolicanet.net\/wp-cnet\/wp-json\/wp\/v2\/comments?post=71003"}],"version-history":[{"count":1,"href":"https:\/\/catolicanet.net\/wp-cnet\/wp-json\/wp\/v2\/posts\/71003\/revisions"}],"predecessor-version":[{"id":71005,"href":"https:\/\/catolicanet.net\/wp-cnet\/wp-json\/wp\/v2\/posts\/71003\/revisions\/71005"}],"wp:featuredmedia":[{"embeddable":true,"href":"https:\/\/catolicanet.net\/wp-cnet\/wp-json\/wp\/v2\/media\/71004"}],"wp:attachment":[{"href":"https:\/\/catolicanet.net\/wp-cnet\/wp-json\/wp\/v2\/media?parent=71003"}],"wp:term":[{"taxonomy":"category","embeddable":true,"href":"https:\/\/catolicanet.net\/wp-cnet\/wp-json\/wp\/v2\/categories?post=71003"},{"taxonomy":"post_tag","embeddable":true,"href":"https:\/\/catolicanet.net\/wp-cnet\/wp-json\/wp\/v2\/tags?post=71003"}],"curies":[{"name":"wp","href":"https:\/\/api.w.org\/{rel}","templated":true}]}}