{"id":70953,"date":"2021-10-26T14:16:36","date_gmt":"2021-10-26T17:16:36","guid":{"rendered":"https:\/\/catolicanet.net\/wp-cnet\/?p=70953"},"modified":"2021-10-27T14:18:59","modified_gmt":"2021-10-27T17:18:59","slug":"a-sadia-convivencia-entre-geracoes","status":"publish","type":"post","link":"https:\/\/catolicanet.net\/wp-cnet\/a-sadia-convivencia-entre-geracoes\/","title":{"rendered":"A sadia conviv\u00eancia entre gera\u00e7\u00f5es"},"content":{"rendered":"<p style=\"text-align: right; margin: 12.0pt 0cm 12.0pt 0cm;\" align=\"right\"><i><span style=\"color: black;\">* Aline Rodrigues<\/span><\/i><\/p>\n<p style=\"text-align: justify; margin: 12.0pt 0cm 12.0pt 0cm;\"><span style=\"color: black;\"><img loading=\"lazy\" decoding=\"async\" class=\" wp-image-70954 alignleft\" src=\"https:\/\/catolicanet.net\/wp-cnet\/wp-content\/uploads\/Aline-Rodrigues_Aqruivo-pessoal-2-255x300.jpg\" alt=\"\" width=\"174\" height=\"205\" srcset=\"https:\/\/catolicanet.net\/wp-cnet\/wp-content\/uploads\/Aline-Rodrigues_Aqruivo-pessoal-2-255x300.jpg 255w, https:\/\/catolicanet.net\/wp-cnet\/wp-content\/uploads\/Aline-Rodrigues_Aqruivo-pessoal-2.jpg 321w\" sizes=\"auto, (max-width: 174px) 100vw, 174px\" \/>Voc\u00ea j\u00e1 parou para pensar que muitos conflitos entre gera\u00e7\u00f5es poderiam ser minimizados, se apenas uma coisa fosse levada em considera\u00e7\u00e3o? Sim! Apenas uma coisa: a forma de ver o outro! N\u00e3o se precisa de muito para viver a harmonia t\u00e3o sonhada e desejada entre as gera\u00e7\u00f5es. Em todos os lugares \u201cesbarramos\u201d em pessoas que n\u00e3o pertencem \u00e0 nossa gera\u00e7\u00e3o. Assim acontece em casa, entre pais, filhos e av\u00f3s; no trabalho, entre as gera\u00e7\u00f5es X,Y,Z e os \u201cBaby boomers\u201d; na vizinhan\u00e7a, na igreja, no hospital. Quem nunca foi atendido por um m\u00e9dico e saiu do consult\u00f3rio dizendo que ele era ultrapassado ou inovador demais?<\/span><\/p>\n<p style=\"text-align: justify; margin: 12.0pt 0cm 12.0pt 0cm;\"><span style=\"color: black;\">Percebe que n\u00e3o tem sa\u00edda? Sempre estaremos convivendo com pessoas de gera\u00e7\u00f5es diferentes da nossa, isso \u00e9 inevit\u00e1vel.<\/span><\/p>\n<p style=\"text-align: justify; margin: 12.0pt 0cm 12.0pt 0cm;\"><span style=\"color: black;\">Diante dessa realidade e de um pa\u00eds, uma sociedade, que envelhece, \u2013 e gra\u00e7as a Deus, os idosos se tornam uma gera\u00e7\u00e3o ainda mais comum em nosso meio \u2013, n\u00e3o poder\u00edamos considerar que a forma de ver o outro \u00e9 o ponto que minimizaria muitos desses conflitos entre gera\u00e7\u00f5es?\u00a0<\/span><\/p>\n<p style=\"text-align: justify; margin: 12.0pt 0cm 12.0pt 0cm;\"><span style=\"color: black;\">Muitos desses conflitos, seja no \u00e2mbito organizacional, seja familiar, acontecem devido \u00e0 rotula\u00e7\u00e3o e ao enrijecimento no \u201ccomo lan\u00e7o o meu olhar em dire\u00e7\u00e3o ao outro\u201d, muitas vezes, cingindo ou vendando os olhos e os ouvidos para tudo o que o outro traz, pelo simples fato de prejulgar que ele seja ultrapassado ou inovador, criador ou sonhador. Na verdade, em ambas as situa\u00e7\u00f5es o que temos s\u00e3o apenas pessoas! Se passarmos a olhar o outro como uma pessoa, e a vermos que dentro da realidade dela existe uma experi\u00eancia e uma percep\u00e7\u00e3o que pode acrescentar \u00e0 nossa vida, e que assim como n\u00f3s deve ser respeitada, as rela\u00e7\u00f5es melhorariam exponencialmente.\u00a0<\/span><\/p>\n<p style=\"text-align: justify; margin: 12.0pt 0cm 12.0pt 0cm;\"><span style=\"color: black;\">Afinal de contas, n\u00e3o seria nada interessante e nem haveria tanto crescimento e consolida\u00e7\u00e3o, se no mundo existissem apenas revolucion\u00e1rios e desbravadores. Quem ficaria para contar a hist\u00f3ria e nos passar caminhos alternativos que aprenderam com experi\u00eancias mal sucedidas? Quem manteria o que foi criado e desbravado? Assim como poder\u00edamos pensar em um mundo mais \u201cest\u00e1vel\u201d, o que seria desse povo? Como os novos caminhos e horizontes se abririam, se ningu\u00e9m se lan\u00e7asse a desbravar esse caminho?<\/span><\/p>\n<p style=\"text-align: justify; margin: 12.0pt 0cm 12.0pt 0cm;\"><span style=\"color: black;\">A constru\u00e7\u00e3o de uma sociedade bem sucedida e capaz de atravessar o tempo e suas intemp\u00e9ries, depende do di\u00e1logo entre as gera\u00e7\u00f5es, dessa boa rela\u00e7\u00e3o. Sendo assim, sempre ser\u00e1 relevante ouvir as hist\u00f3rias dos mais velhos, pois eles nos mostram que temos uma hist\u00f3ria e uma trajet\u00f3ria, assim como ouvir as ideias e cria\u00e7\u00f5es dos mais jovens, que dar\u00e3o aquele brilho e encorajamento necess\u00e1rios para desbravar um novo horizonte. O di\u00e1logo entre as gera\u00e7\u00f5es \u00e9 como duas asas que, trabalhando juntas, s\u00e3o capazes de atravessar largos oceanos! <\/span><\/p>\n<p>&nbsp;<\/p>\n<p style=\"text-align: justify; margin: 12.0pt 0cm 12.0pt 0cm;\"><span style=\"color: black;\"><b><i>* Aline Rodrigues <\/i><\/b><i>\u00e9 psic\u00f3loga, especialista em sa\u00fade mental e mission\u00e1ria da Comunidade Can\u00e7\u00e3o Nova. Atua com Terapia Cognitiva Comportamental; no campo acad\u00eamico, cl\u00ednico e empresarial.<\/i><\/span><\/p>\n","protected":false},"excerpt":{"rendered":"<p>* Aline Rodrigues Voc\u00ea j\u00e1 parou para pensar que muitos conflitos entre gera\u00e7\u00f5es poderiam ser minimizados, se apenas uma coisa fosse levada em considera\u00e7\u00e3o? Sim! Apenas uma coisa: a forma de ver o outro! N\u00e3o se precisa de muito para viver a harmonia t\u00e3o sonhada e desejada entre as gera\u00e7\u00f5es. Em todos os lugares \u201cesbarramos\u201d [&hellip;]<\/p>\n","protected":false},"author":1,"featured_media":55814,"comment_status":"open","ping_status":"closed","sticky":false,"template":"","format":"standard","meta":{"footnotes":""},"categories":[9],"tags":[],"class_list":["post-70953","post","type-post","status-publish","format-standard","has-post-thumbnail","hentry","category-artigos"],"_links":{"self":[{"href":"https:\/\/catolicanet.net\/wp-cnet\/wp-json\/wp\/v2\/posts\/70953","targetHints":{"allow":["GET"]}}],"collection":[{"href":"https:\/\/catolicanet.net\/wp-cnet\/wp-json\/wp\/v2\/posts"}],"about":[{"href":"https:\/\/catolicanet.net\/wp-cnet\/wp-json\/wp\/v2\/types\/post"}],"author":[{"embeddable":true,"href":"https:\/\/catolicanet.net\/wp-cnet\/wp-json\/wp\/v2\/users\/1"}],"replies":[{"embeddable":true,"href":"https:\/\/catolicanet.net\/wp-cnet\/wp-json\/wp\/v2\/comments?post=70953"}],"version-history":[{"count":1,"href":"https:\/\/catolicanet.net\/wp-cnet\/wp-json\/wp\/v2\/posts\/70953\/revisions"}],"predecessor-version":[{"id":70955,"href":"https:\/\/catolicanet.net\/wp-cnet\/wp-json\/wp\/v2\/posts\/70953\/revisions\/70955"}],"wp:featuredmedia":[{"embeddable":true,"href":"https:\/\/catolicanet.net\/wp-cnet\/wp-json\/wp\/v2\/media\/55814"}],"wp:attachment":[{"href":"https:\/\/catolicanet.net\/wp-cnet\/wp-json\/wp\/v2\/media?parent=70953"}],"wp:term":[{"taxonomy":"category","embeddable":true,"href":"https:\/\/catolicanet.net\/wp-cnet\/wp-json\/wp\/v2\/categories?post=70953"},{"taxonomy":"post_tag","embeddable":true,"href":"https:\/\/catolicanet.net\/wp-cnet\/wp-json\/wp\/v2\/tags?post=70953"}],"curies":[{"name":"wp","href":"https:\/\/api.w.org\/{rel}","templated":true}]}}