{"id":70949,"date":"2021-10-26T10:10:08","date_gmt":"2021-10-26T13:10:08","guid":{"rendered":"https:\/\/catolicanet.net\/wp-cnet\/?p=70949"},"modified":"2021-10-27T14:12:15","modified_gmt":"2021-10-27T17:12:15","slug":"igreja-povo-de-deus","status":"publish","type":"post","link":"https:\/\/catolicanet.net\/wp-cnet\/igreja-povo-de-deus\/","title":{"rendered":"Igreja, povo de Deus"},"content":{"rendered":"<p style=\"text-align: justify;\">Levar em conta a mem\u00f3ria daqueles que n\u00e3o est\u00e3o mais conosco, que partiram, que foram atingidos pela pandemia exprime, revela e representa aquele horizonte sonhado e esperan\u00e7oso, dentro do mais profundo sentido da vida, segundo a vontade salv\u00edfica de Deus. Jamais esquecer de todas as pessoas, no an\u00fancio luminoso da vida sem ocaso, lembrando aqui das v\u00edtimas da pandemia, homenageando-as, dentro do \u00e2ngulo, ou enfoque, dos que passam pela dor da perda, n\u00e3o sendo poss\u00edvel ceder em paragens, ou em interrup\u00e7\u00f5es, tendo como garantia a esperan\u00e7a. N\u00e3o \u00e9 f\u00e1cil o an\u00fancio da esperan\u00e7a para uma realidade eclesial que n\u00e3o quer marcar presen\u00e7a no mundo do trabalho, da ci\u00eancia e da cultura, com sua aten\u00e7\u00e3o um tanto quanto voltada para tudo que \u00e9 moderno, mas no medo do <em>aggiornamento<\/em> (Igreja renovada ou rejuvenescida) de S\u00e3o Jo\u00e3o XXIII, tamb\u00e9m na pouca identifica\u00e7\u00e3o com a Igreja, povo de Deus a caminho, do Conc\u00edlio Vaticano II (1962-1965).<\/p>\n<p style=\"text-align: justify;\">Tudo por Deus e por seu santo nome, \u201contem, hoje e por toda a eternidade\u201d, ele que s\u00f3 pode ser amor, incontroverso e irrefut\u00e1vel. Da\u00ed os valores do Evangelho, imprescind\u00edveis \u00e0 realidade atual do mundo t\u00e3o diverso, no arcabou\u00e7o estrutural com seu conte\u00fado inconteste aos sinais dos tempos, a provocar em n\u00f3s e nas futuras gera\u00e7\u00f5es, em meio ao assistencialismo exacerbado, aquela utopia pacifista e libertadora, t\u00e3o cristalinamente proclamada por Dom Helder C\u00e2mara (1909-1999), pedindo licen\u00e7a para o denominar, no seu pacto proclamado pela reconcilia\u00e7\u00e3o humana, de \u201cpequeno grande\u201d, aluno brilhante que foi do Semin\u00e1rio da Prainha, em Fortaleza-CE.<\/p>\n<p style=\"text-align: justify;\">Dom Helder bem que ajuda, quando se concebe uma Igreja parada, est\u00e1tica ou intimista, de crist\u00e3os batizados, dos que mais gostam da ora\u00e7\u00e3o, da adora\u00e7\u00e3o, e n\u00e3o dispensam os sacramentos, com pouca incid\u00eancia na vida concreta do mundo da sociedade. Tamb\u00e9m ao se imaginar, no saudosismo nost\u00e1lgico, numa Igreja mais inclinada ao sagrado de outrora, longe de todo e qualquer compromisso social e transformador, estando ela de m\u00e3os dadas com as autoridades. Uma Igreja que percebe o dem\u00f4nio e dele quer se distanciar, quer ver facilmente seus filhos convertidos, sim, separada por quil\u00f4metros e quil\u00f4metros, no compromisso com as estruturas reais do mundo.<\/p>\n<p style=\"text-align: justify;\">Como Dom Helder C\u00e2mara honra e engrandece nosso bravo povo brasileiro! Como referencial, que nos ajude, no sentido de antever o que nos \u00e9 reservado, sem jamais perder de vista a ansiada e almejada esperan\u00e7a futura, des\u00edgnio e intento das mulheres e dos homens de boa vontade. Que a Igreja seja sens\u00edvel e inclusiva, na op\u00e7\u00e3o pelos menos afortunados e empobrecidos, aquela mesma que n\u00e3o quer fugir do mundo, mesmo com tra\u00e7os burocr\u00e1ticos e estruturais, sendo uma comunidade de f\u00e9 viva e l\u00facida, no renovado ardor mission\u00e1rio. Assim seja!<\/p>\n","protected":false},"excerpt":{"rendered":"<p>Levar em conta a mem\u00f3ria daqueles que n\u00e3o est\u00e3o mais conosco, que partiram, que foram atingidos pela pandemia exprime, revela e representa aquele horizonte sonhado e esperan\u00e7oso, dentro do mais profundo sentido da vida, segundo a vontade salv\u00edfica de Deus. Jamais esquecer de todas as pessoas, no an\u00fancio luminoso da vida sem ocaso, lembrando aqui [&hellip;]<\/p>\n","protected":false},"author":6,"featured_media":55824,"comment_status":"open","ping_status":"closed","sticky":false,"template":"","format":"standard","meta":{"footnotes":""},"categories":[9],"tags":[],"class_list":["post-70949","post","type-post","status-publish","format-standard","has-post-thumbnail","hentry","category-artigos"],"_links":{"self":[{"href":"https:\/\/catolicanet.net\/wp-cnet\/wp-json\/wp\/v2\/posts\/70949","targetHints":{"allow":["GET"]}}],"collection":[{"href":"https:\/\/catolicanet.net\/wp-cnet\/wp-json\/wp\/v2\/posts"}],"about":[{"href":"https:\/\/catolicanet.net\/wp-cnet\/wp-json\/wp\/v2\/types\/post"}],"author":[{"embeddable":true,"href":"https:\/\/catolicanet.net\/wp-cnet\/wp-json\/wp\/v2\/users\/6"}],"replies":[{"embeddable":true,"href":"https:\/\/catolicanet.net\/wp-cnet\/wp-json\/wp\/v2\/comments?post=70949"}],"version-history":[{"count":1,"href":"https:\/\/catolicanet.net\/wp-cnet\/wp-json\/wp\/v2\/posts\/70949\/revisions"}],"predecessor-version":[{"id":70950,"href":"https:\/\/catolicanet.net\/wp-cnet\/wp-json\/wp\/v2\/posts\/70949\/revisions\/70950"}],"wp:featuredmedia":[{"embeddable":true,"href":"https:\/\/catolicanet.net\/wp-cnet\/wp-json\/wp\/v2\/media\/55824"}],"wp:attachment":[{"href":"https:\/\/catolicanet.net\/wp-cnet\/wp-json\/wp\/v2\/media?parent=70949"}],"wp:term":[{"taxonomy":"category","embeddable":true,"href":"https:\/\/catolicanet.net\/wp-cnet\/wp-json\/wp\/v2\/categories?post=70949"},{"taxonomy":"post_tag","embeddable":true,"href":"https:\/\/catolicanet.net\/wp-cnet\/wp-json\/wp\/v2\/tags?post=70949"}],"curies":[{"name":"wp","href":"https:\/\/api.w.org\/{rel}","templated":true}]}}