{"id":70947,"date":"2021-10-25T09:05:17","date_gmt":"2021-10-25T12:05:17","guid":{"rendered":"https:\/\/catolicanet.net\/wp-cnet\/?p=70947"},"modified":"2021-10-27T14:09:39","modified_gmt":"2021-10-27T17:09:39","slug":"o-amor-de-deus-e-aos-irmaos","status":"publish","type":"post","link":"https:\/\/catolicanet.net\/wp-cnet\/o-amor-de-deus-e-aos-irmaos\/","title":{"rendered":"O amor de Deus e aos irm\u00e3os!"},"content":{"rendered":"<p style=\"text-align: justify;\">A liturgia do 31\u00b0 Domingo do Tempo Comum diz-nos que o amor est\u00e1 no centro da experi\u00eancia crist\u00e3. O caminho da f\u00e9 que, dia a dia, somos convidados a percorrer, resume-se no amor Deus e no amor aos irm\u00e3os &#8211; duas vertentes que n\u00e3o se excluem, antes se complementam mutuamente.<\/p>\n<p style=\"text-align: justify;\">Somos convidados a expressar nosso amor incondicional a Deus, de quem nos aproximamos por meio de seu Filho. O Pai nos ama e quer que o amemos, amando nossos irm\u00e3os e irm\u00e3s. Neste dia da juventude, rezemos pelos jovens, chamados a ser testemunhas da esperan\u00e7a em meio a tanta dor e sofrimento, causados pelas consequ\u00eancias da pandemia da COVID-19.<\/p>\n<p style=\"text-align: justify;\">A primeira leitura(Dt 6,2-6) apresenta-nos o in\u00edcio do \u201cShema&#8217; Israel\u201d \u2013 a solene proclama\u00e7\u00e3o de f\u00e9 que todo o israelita devia fazer diariamente. \u00c9 uma afirma\u00e7\u00e3o da unicidade de Deus e um convite a amar a Deus com todo o cora\u00e7\u00e3o, com toda a alma e com todas as for\u00e7as. Ouvir e amar o Senhor: s\u00e3o dois imperativos muito fortes no Livro do Deuteron\u00f4mio. O povo que se prepara para entrar na terra prometida n\u00e3o pode faz\u00ea-lo sem estar disposto a cumprir os mandamentos. Associado a esses dois verbos est\u00e3o outros como recordar e temer. Somente assim se lembrar\u00e3o do Deus misericordioso que os livrou da escravid\u00e3o do Egito e os conduziu para um erra boa. Essa mem\u00f3ria dever\u00e1 encher os cora\u00e7\u00f5es do povo de alegria, a fim de que vivam na santidade diante do seu libertador. \u00c9 por isso que o temor do Senhor \u00e9 o princ\u00edpio da sabedoria, como afirma Prov\u00e9rbios(9, 10).<\/p>\n<p style=\"text-align: justify;\">O Evangelho(Mc 12,28-34) diz-nos, de forma clara e inquestion\u00e1vel, que toda a experi\u00eancia de f\u00e9 do disc\u00edpulo de Jesus se resume no amor \u2013 \u00a0amor a Deus e amor aos irm\u00e3os. Os dois mandamentos n\u00e3o podem separar-se: \u201camar a Deus\u201d \u00e9 cumprir a sua vontade e estabelecer com os irm\u00e3os rela\u00e7\u00f5es de amor, de solidariedade, de partilha, de servi\u00e7o, at\u00e9 ao dom total da vida. Tudo o resto \u00e9 explica\u00e7\u00e3o, desenvolvimento, aplica\u00e7\u00e3o \u00e0 vida pr\u00e1tica dessas duas coordenadas fundamentais da vida crist\u00e3. A Palavra do Senhor \u00e0quele que lhe pergunta sobre quem \u00e9 o pr\u00f3ximo \u00e9 iluminadora para a nossa vida. Jesus ensina que n\u00e3o se pode amar a Deus sem amar o pr\u00f3ximo e isso vale como medida para se entender a for\u00e7a dessa proximidade.<\/p>\n<p style=\"text-align: justify;\">Quem ama n\u00e3o se permite insensibilidade e frieza. O mundo, por vezes, faz jogo sujo para nos anestesiar diante de realidade que nos pedem atitude. O amor n\u00e3o tolera in\u00e9rcia do outro humilhado na pr\u00f3pria carne por ser pobre, migrante, encarcerado ou diferente.<\/p>\n<p style=\"text-align: justify;\">A segunda leitura(Hb 7,23-28) apresenta-nos Jesus Cristo como o sumo-sacerdote que veio ao mundo para cumprir o projeto salvador do Pai e para oferecer a sua vida em doa\u00e7\u00e3o de amor aos homens. Cristo, com a sua obedi\u00eancia ao Pai e com a sua entrega em favor dos homens, diz-nos qual a melhor forma de expressarmos o nosso amor a Deus. Jesus \u00e9 o \u00fanico e perfeito sacerdote da Nova Alian\u00e7a. Vivendo na presen\u00e7a de Deus, exerce a fun\u00e7\u00e3o de mediador entre n\u00f3s e Deus, dispensando a necessidade de outros mediadores. A santidade plena de Cristo torna perfeita a oferenda que Ele fez de si mesmo ao Pai, de uma vez para sempre.<\/p>\n<p style=\"text-align: justify;\">A prova de nosso amor a Deus est\u00e1 no pr\u00f3ximo. N\u00e3o h\u00e1 como provar que amamos a Deus se n\u00e3o amamos as pessoas. N\u00e3o h\u00e1 outros mandamentos maiores do que amar a Deus e ao pr\u00f3ximo como a si mesmo. Tratam-se de dois amores que dispensam holocaustos e sacrif\u00edcios. Que possamos aprender hoje, agradecendo a Deus pelo m\u00eas das miss\u00f5es, que possamos buscar no Senhor a for\u00e7a para que aprendamos a amar sempre mais e realizar nossa miss\u00e3o com cora\u00e7\u00e3o sincero e sempre voltado para Deus.<\/p>\n","protected":false},"excerpt":{"rendered":"<p>A liturgia do 31\u00b0 Domingo do Tempo Comum diz-nos que o amor est\u00e1 no centro da experi\u00eancia crist\u00e3. O caminho da f\u00e9 que, dia a dia, somos convidados a percorrer, resume-se no amor Deus e no amor aos irm\u00e3os &#8211; duas vertentes que n\u00e3o se excluem, antes se complementam mutuamente. Somos convidados a expressar nosso [&hellip;]<\/p>\n","protected":false},"author":10,"featured_media":55817,"comment_status":"open","ping_status":"closed","sticky":false,"template":"","format":"standard","meta":{"footnotes":""},"categories":[9],"tags":[],"class_list":["post-70947","post","type-post","status-publish","format-standard","has-post-thumbnail","hentry","category-artigos"],"_links":{"self":[{"href":"https:\/\/catolicanet.net\/wp-cnet\/wp-json\/wp\/v2\/posts\/70947","targetHints":{"allow":["GET"]}}],"collection":[{"href":"https:\/\/catolicanet.net\/wp-cnet\/wp-json\/wp\/v2\/posts"}],"about":[{"href":"https:\/\/catolicanet.net\/wp-cnet\/wp-json\/wp\/v2\/types\/post"}],"author":[{"embeddable":true,"href":"https:\/\/catolicanet.net\/wp-cnet\/wp-json\/wp\/v2\/users\/10"}],"replies":[{"embeddable":true,"href":"https:\/\/catolicanet.net\/wp-cnet\/wp-json\/wp\/v2\/comments?post=70947"}],"version-history":[{"count":1,"href":"https:\/\/catolicanet.net\/wp-cnet\/wp-json\/wp\/v2\/posts\/70947\/revisions"}],"predecessor-version":[{"id":70948,"href":"https:\/\/catolicanet.net\/wp-cnet\/wp-json\/wp\/v2\/posts\/70947\/revisions\/70948"}],"wp:featuredmedia":[{"embeddable":true,"href":"https:\/\/catolicanet.net\/wp-cnet\/wp-json\/wp\/v2\/media\/55817"}],"wp:attachment":[{"href":"https:\/\/catolicanet.net\/wp-cnet\/wp-json\/wp\/v2\/media?parent=70947"}],"wp:term":[{"taxonomy":"category","embeddable":true,"href":"https:\/\/catolicanet.net\/wp-cnet\/wp-json\/wp\/v2\/categories?post=70947"},{"taxonomy":"post_tag","embeddable":true,"href":"https:\/\/catolicanet.net\/wp-cnet\/wp-json\/wp\/v2\/tags?post=70947"}],"curies":[{"name":"wp","href":"https:\/\/api.w.org\/{rel}","templated":true}]}}