{"id":70915,"date":"2021-10-27T09:04:16","date_gmt":"2021-10-27T12:04:16","guid":{"rendered":"https:\/\/catolicanet.net\/wp-cnet\/?p=70915"},"modified":"2021-10-27T13:06:08","modified_gmt":"2021-10-27T16:06:08","slug":"iniciada-no-vaticano-a-terceira-dose-da-vacina-contra-a-covid-19","status":"publish","type":"post","link":"https:\/\/catolicanet.net\/wp-cnet\/iniciada-no-vaticano-a-terceira-dose-da-vacina-contra-a-covid-19\/","title":{"rendered":"Iniciada no Vaticano a terceira dose da vacina contra a Covid-19"},"content":{"rendered":"<div class=\"article__subTitle\" style=\"text-align: justify;\">A administra\u00e7\u00e3o da terceira dose come\u00e7ou em outubro e, como nas doses anteriores, \u00e9 dada prioridade \u00e0s pessoas de maior risco e aos idosos. Desde o dia 1\u00ba de outubro, para entrar em todo o territ\u00f3rio do Vaticano e em edif\u00edcios extraterritoriais na It\u00e1lia \u00e9 obrigat\u00f3ria a posse do Certificado de Vacina\u00e7\u00e3o Covid-19 (Green Pass)<\/div>\n<div class=\"title__separator\" style=\"text-align: justify;\"><\/div>\n<div class=\"article__text \">\n<p style=\"text-align: justify;\"><b>Raimundo de Lima &#8211; Vatican News<\/b><\/p>\n<div style=\"text-align: justify;\">\n<div class=\"article__embed article__embed--unwrap article__embed--dark\">\n<div class=\"article__innerTitle\">Ou\u00e7a a reportagem e compartilhe!<\/div>\n<div>\n<!--[if lt IE 9]><script>document.createElement('audio');<\/script><![endif]-->\n<audio class=\"wp-audio-shortcode\" id=\"audio-70915-1\" preload=\"none\" style=\"width: 100%;\" controls=\"controls\"><source type=\"audio\/mpeg\" src=\"https:\/\/media.vaticannews.va\/media\/audio\/s1\/2021\/10\/27\/17\/136237489_F136237489.mp3?_=1\" \/><a href=\"https:\/\/media.vaticannews.va\/media\/audio\/s1\/2021\/10\/27\/17\/136237489_F136237489.mp3\">https:\/\/media.vaticannews.va\/media\/audio\/s1\/2021\/10\/27\/17\/136237489_F136237489.mp3<\/a><\/audio>\n<\/div>\n<\/div>\n<\/div>\n<p style=\"text-align: justify;\">O diretor da Sala de Imprensa da Santa S\u00e9, Matteo Bruni, afirmou esta quarta-feira (27\/10) &#8211; em resposta aos jornalistas &#8211; que &#8220;na segunda quinzena de outubro, a Dire\u00e7\u00e3o de Sa\u00fade e Higiene do Estado da Cidade do Vaticano come\u00e7ou a administrar a terceira dose da vacina contra a Covid-19, dando prioridade aos maiores de 60 anos e \u00e0s pessoas com fragilidades&#8221;.<\/p>\n<h2 style=\"text-align: justify;\">Campanha de vacina\u00e7\u00e3o iniciada em janeiro de 2021<\/h2>\n<p style=\"text-align: justify;\">A campanha de vacina\u00e7\u00e3o contra a pandemia do coronav\u00edrus come\u00e7ou em 13 de janeiro de 2021. Na ocasi\u00e3o, foi dada prioridade ao pessoal da sa\u00fade e seguran\u00e7a p\u00fablica, aos idosos e \u00e0queles em contato frequente com o p\u00fablico. Em seguida, a vacina\u00e7\u00e3o, realizada no \u00e1trio da Sala Paulo VI, no Vaticano, foi estendida a todos os cidad\u00e3os do pequeno Estado, aos funcion\u00e1rios e pensionistas, bem como aos familiares que recebem assist\u00eancia do FAS (Fundo de Assist\u00eancia de Sa\u00fade). A campanha foi realizada baseada na voluntariedade, mas desde o dia 1\u00ba de outubro, para entrar em todo o territ\u00f3rio do Vaticano e em edif\u00edcios extraterritoriais na It\u00e1lia \u00e9 obrigat\u00f3ria a posse do Certificado de Vacina\u00e7\u00e3o Covid-19 (Green Pass).<\/p>\n<h2 style=\"text-align: justify;\">Vacinados tamb\u00e9m 1200 pobres e moradores de rua<\/h2>\n<p style=\"text-align: justify;\">Gra\u00e7as \u00e0 vontade do Papa Francisco e ao esfor\u00e7o da Esmolaria Apost\u00f3lica, a partir de mar\u00e7o de 2021, 1200 pobres e moradores de rua alojados no dormit\u00f3rio das Mission\u00e1rias da Caridade de San Gregorio al Celio e em outras instala\u00e7\u00f5es romanas tamb\u00e9m foram vacinados no Vaticano contra o coronav\u00edrus. A maioria deles tinha entre 40 e 50 anos de idade e sofria de diferentes patologias.<\/p>\n<\/div>\n","protected":false},"excerpt":{"rendered":"<p>A administra\u00e7\u00e3o da terceira dose come\u00e7ou em outubro e, como nas doses anteriores, \u00e9 dada prioridade \u00e0s pessoas de maior risco e aos idosos. Desde o dia 1\u00ba de outubro, para entrar em todo o territ\u00f3rio do Vaticano e em edif\u00edcios extraterritoriais na It\u00e1lia \u00e9 obrigat\u00f3ria a posse do Certificado de Vacina\u00e7\u00e3o Covid-19 (Green Pass) [&hellip;]<\/p>\n","protected":false},"author":1,"featured_media":70916,"comment_status":"open","ping_status":"closed","sticky":false,"template":"","format":"standard","meta":{"footnotes":""},"categories":[3],"tags":[],"class_list":["post-70915","post","type-post","status-publish","format-standard","has-post-thumbnail","hentry","category-vaticano"],"_links":{"self":[{"href":"https:\/\/catolicanet.net\/wp-cnet\/wp-json\/wp\/v2\/posts\/70915","targetHints":{"allow":["GET"]}}],"collection":[{"href":"https:\/\/catolicanet.net\/wp-cnet\/wp-json\/wp\/v2\/posts"}],"about":[{"href":"https:\/\/catolicanet.net\/wp-cnet\/wp-json\/wp\/v2\/types\/post"}],"author":[{"embeddable":true,"href":"https:\/\/catolicanet.net\/wp-cnet\/wp-json\/wp\/v2\/users\/1"}],"replies":[{"embeddable":true,"href":"https:\/\/catolicanet.net\/wp-cnet\/wp-json\/wp\/v2\/comments?post=70915"}],"version-history":[{"count":1,"href":"https:\/\/catolicanet.net\/wp-cnet\/wp-json\/wp\/v2\/posts\/70915\/revisions"}],"predecessor-version":[{"id":70917,"href":"https:\/\/catolicanet.net\/wp-cnet\/wp-json\/wp\/v2\/posts\/70915\/revisions\/70917"}],"wp:featuredmedia":[{"embeddable":true,"href":"https:\/\/catolicanet.net\/wp-cnet\/wp-json\/wp\/v2\/media\/70916"}],"wp:attachment":[{"href":"https:\/\/catolicanet.net\/wp-cnet\/wp-json\/wp\/v2\/media?parent=70915"}],"wp:term":[{"taxonomy":"category","embeddable":true,"href":"https:\/\/catolicanet.net\/wp-cnet\/wp-json\/wp\/v2\/categories?post=70915"},{"taxonomy":"post_tag","embeddable":true,"href":"https:\/\/catolicanet.net\/wp-cnet\/wp-json\/wp\/v2\/tags?post=70915"}],"curies":[{"name":"wp","href":"https:\/\/api.w.org\/{rel}","templated":true}]}}