{"id":70896,"date":"2021-10-26T10:01:45","date_gmt":"2021-10-26T13:01:45","guid":{"rendered":"https:\/\/catolicanet.net\/wp-cnet\/?p=70896"},"modified":"2021-10-26T14:03:22","modified_gmt":"2021-10-26T17:03:22","slug":"carlo-acutis-amava-o-brasil-e-admirava-pele-revela-mae-do-beato","status":"publish","type":"post","link":"https:\/\/catolicanet.net\/wp-cnet\/carlo-acutis-amava-o-brasil-e-admirava-pele-revela-mae-do-beato\/","title":{"rendered":"Carlo Acutis amava o Brasil e admirava Pel\u00e9, revela m\u00e3e do beato"},"content":{"rendered":"<h2 class=\"subtitle\" style=\"text-align: justify;\">Em entrevista exclusiva \u00e0 Aleteia, m\u00e3e de Carlo Acutis diz que pretende fazer uma peregrina\u00e7\u00e3o a Aparecida e tenta responder por que o milagre que levou o filho dela \u00e0 beatifica\u00e7\u00e3o aconteceu no Brasil<\/h2>\n<p style=\"text-align: justify;\">Carlo Acutis tem uma forte liga\u00e7\u00e3o com o Brasil. O\u00a0<a href=\"https:\/\/pt.aleteia.org\/2020\/10\/07\/familia-brasileira-atribui-milagre-de-cura-de-um-garoto-a-carlo-acutis\/\" target=\"_self\" rel=\"noopener\">milagre aceito pelo Vaticano<\/a>\u00a0no processo de beatifica\u00e7\u00e3o do jovem aconteceu em terras brasileiras, em Campo Grande (MS).<\/p>\n<p style=\"text-align: justify;\">Al\u00e9m disso, Carlo Acutis morreu no dia 12 de outubro de 2006, dia de Nossa Senhora Aparecida, padroeira do Brasil.<\/p>\n<p style=\"text-align: justify;\">H\u00e1 outros detalhes que mostram a\u00a0<a href=\"https:\/\/pt.aleteia.org\/2021\/10\/11\/carlo-acutis-e-aparecida-mais-do-que-uma-data-liturgica-em-comum\/\" target=\"_self\" rel=\"noopener\">forte liga\u00e7\u00e3o entre o \u201cbeato millenial\u201d e os brasileiros<\/a>. Mas qual o motivo desta conex\u00e3o, j\u00e1 que o jovem nunca visitou o pa\u00eds?<\/p>\n<p style=\"text-align: justify;\">Em entrevista exclusiva \u00e0 Aleteia, Antonia Salzano, a m\u00e3e de Carlo Acutis tenta encontrar essa resposta. E mais: ela revela que o filho admirava um grande jogador brasileiro e revela que pretende fazer uma peregrina\u00e7\u00e3o a Aparecida.<\/p>\n<p style=\"text-align: justify;\">Assista \u00e0\u00a0<a href=\"https:\/\/youtu.be\/FW0rd2s_SyA\" target=\"_blank\" rel=\"noopener\">mensagem especial<\/a>\u00a0que ela enviou aos devotos brasileiros de Carlo Acutis.<\/p>\n<figure class=\"wp-block-embed is-type-video is-provider-youtube wp-block-embed-youtube wp-embed-aspect-16-9 wp-has-aspect-ratio\" style=\"text-align: justify;\">\n<div class=\"wp-block-embed__wrapper\"><span class=\"embed-youtube css-1ywgfld\"><span class=\"css-l900hf\"><iframe loading=\"lazy\" class=\"frontity-lazy-iframe youtube-player css-107tt68\" src=\"https:\/\/www.youtube.com\/embed\/FW0rd2s_SyA?version=3&amp;rel=1&amp;showsearch=0&amp;showinfo=1&amp;iv_load_policy=1&amp;fs=1&amp;hl=pt-PT&amp;autohide=2&amp;wmode=transparent\" width=\"720\" height=\"405\" data-mce-fragment=\"1\"><\/iframe><\/span><\/span><\/div>\n<\/figure>\n<div class=\"wp-block-aleteia-heading3\">\n<div class=\"text\" style=\"text-align: justify;\">\n<h3>Santidade revelada<\/h3>\n<\/div>\n<div id=\"aleteia-welcome\" style=\"text-align: justify;\"><\/div>\n<p style=\"text-align: justify;\">Em outra parte da entrevista concedida com exclusividade para a Aleteia, Antonia Salzano fala sobre como era Carlo Acutis em sua intimidade e como era conviver com ele.\u00a0<a href=\"https:\/\/www.youtube.com\/watch?v=kOBmM-1CqJo\" target=\"_blank\" rel=\"noopener\">Assista<\/a>:<\/p>\n<figure class=\"wp-block-embed is-type-video is-provider-youtube wp-block-embed-youtube wp-embed-aspect-16-9 wp-has-aspect-ratio\">\n<div class=\"wp-block-embed__wrapper\" style=\"text-align: justify;\"><span class=\"embed-youtube css-1ywgfld\"><span class=\"css-l900hf\"><iframe loading=\"lazy\" class=\"frontity-lazy-iframe youtube-player css-107tt68\" src=\"https:\/\/www.youtube.com\/embed\/kOBmM-1CqJo?version=3&amp;rel=1&amp;showsearch=0&amp;showinfo=1&amp;iv_load_policy=1&amp;fs=1&amp;hl=pt-PT&amp;autohide=2&amp;wmode=transparent\" width=\"720\" height=\"405\" data-mce-fragment=\"1\"><\/iframe><\/span><\/span><\/div>\n<\/figure>\n<\/div>\n","protected":false},"excerpt":{"rendered":"<p>Em entrevista exclusiva \u00e0 Aleteia, m\u00e3e de Carlo Acutis diz que pretende fazer uma peregrina\u00e7\u00e3o a Aparecida e tenta responder por que o milagre que levou o filho dela \u00e0 beatifica\u00e7\u00e3o aconteceu no Brasil Carlo Acutis tem uma forte liga\u00e7\u00e3o com o Brasil. O\u00a0milagre aceito pelo Vaticano\u00a0no processo de beatifica\u00e7\u00e3o do jovem aconteceu em terras [&hellip;]<\/p>\n","protected":false},"author":1,"featured_media":70897,"comment_status":"open","ping_status":"closed","sticky":false,"template":"","format":"standard","meta":{"footnotes":""},"categories":[4],"tags":[],"class_list":["post-70896","post","type-post","status-publish","format-standard","has-post-thumbnail","hentry","category-cotidiano"],"_links":{"self":[{"href":"https:\/\/catolicanet.net\/wp-cnet\/wp-json\/wp\/v2\/posts\/70896","targetHints":{"allow":["GET"]}}],"collection":[{"href":"https:\/\/catolicanet.net\/wp-cnet\/wp-json\/wp\/v2\/posts"}],"about":[{"href":"https:\/\/catolicanet.net\/wp-cnet\/wp-json\/wp\/v2\/types\/post"}],"author":[{"embeddable":true,"href":"https:\/\/catolicanet.net\/wp-cnet\/wp-json\/wp\/v2\/users\/1"}],"replies":[{"embeddable":true,"href":"https:\/\/catolicanet.net\/wp-cnet\/wp-json\/wp\/v2\/comments?post=70896"}],"version-history":[{"count":1,"href":"https:\/\/catolicanet.net\/wp-cnet\/wp-json\/wp\/v2\/posts\/70896\/revisions"}],"predecessor-version":[{"id":70898,"href":"https:\/\/catolicanet.net\/wp-cnet\/wp-json\/wp\/v2\/posts\/70896\/revisions\/70898"}],"wp:featuredmedia":[{"embeddable":true,"href":"https:\/\/catolicanet.net\/wp-cnet\/wp-json\/wp\/v2\/media\/70897"}],"wp:attachment":[{"href":"https:\/\/catolicanet.net\/wp-cnet\/wp-json\/wp\/v2\/media?parent=70896"}],"wp:term":[{"taxonomy":"category","embeddable":true,"href":"https:\/\/catolicanet.net\/wp-cnet\/wp-json\/wp\/v2\/categories?post=70896"},{"taxonomy":"post_tag","embeddable":true,"href":"https:\/\/catolicanet.net\/wp-cnet\/wp-json\/wp\/v2\/tags?post=70896"}],"curies":[{"name":"wp","href":"https:\/\/api.w.org\/{rel}","templated":true}]}}