{"id":70813,"date":"2021-10-21T09:09:07","date_gmt":"2021-10-21T12:09:07","guid":{"rendered":"https:\/\/catolicanet.net\/wp-cnet\/?p=70813"},"modified":"2021-10-21T16:10:24","modified_gmt":"2021-10-21T19:10:24","slug":"ha-mais-catolicos-no-mundo-menos-na-europa","status":"publish","type":"post","link":"https:\/\/catolicanet.net\/wp-cnet\/ha-mais-catolicos-no-mundo-menos-na-europa\/","title":{"rendered":"H\u00e1 mais cat\u00f3licos no mundo, menos na Europa"},"content":{"rendered":"<p style=\"text-align: justify;\">O n\u00famero total de padres no mundo aumentou de acordo com os dados do Anu\u00e1rio Estat\u00edstico da\u00a0Igreja, atualizado em 31 de dezembro de 2019 e divulgado pela Ag\u00eancia Fides nesta quinta-feira, por ocasi\u00e3o do Dia Mundial das Miss\u00f5es que se realizar\u00e1 no pr\u00f3ximo domingo, 24 de outubro.<\/p>\n<p style=\"text-align: justify;\">O n\u00famero de cat\u00f3licos e de seminaristas em todo o mundo tamb\u00e9m aumentou. Os continentes que tiveram o maior crescimento de batizados, assim como de padres e seminaristas, foram \u00c1frica, \u00c1sia e Oceania.<\/p>\n<p style=\"text-align: justify;\">Na Europa, o n\u00famero de leigos, padres e seminaristas est\u00e1 diminuindo. Na Am\u00e9rica, embora o n\u00famero de batizados tenha aumentado, o n\u00famero de padres e seminaristas diminuiu.<\/p>\n<p style=\"text-align: justify;\">Existem 414.336 padres no mundo. No Anu\u00e1rio Estat\u00edstico atualizado em 2016, eram 414.969 padres, em 2017 o n\u00famero havia diminu\u00eddo para 414.582, e em 2018 diminuiu ainda mais para 414.065 padres em todo o mundo. Embora tenha crescido, o n\u00famero de padres ainda \u00e9 inferior ao de 2016.<\/p>\n<p style=\"text-align: justify;\">H\u00e1 grandes diferen\u00e7as geogr\u00e1ficas. Na Europa, o n\u00famero de padres registrou \u201cuma diminui\u00e7\u00e3o consider\u00e1vel\u201d, com 2.675 padres a menos. Na Am\u00e9rica tamb\u00e9m houve uma redu\u00e7\u00e3o, embora mais moderada, 104 padres a menos. A \u00c1frica experimentou um aumento no n\u00famero de sacerdotes com mais 1.391 padres. A \u00c1sia registrou 823 ministros a mais e a Oceania 48 novos padres.<\/p>\n<p style=\"text-align: justify;\">Em rela\u00e7\u00e3o \u00e0 distin\u00e7\u00e3o entre padres diocesanos e padres religiosos, os n\u00fameros tamb\u00e9m s\u00e3o desiguais. Os diocesanos aumentaram em 64 em todo o mundo, atingindo o n\u00famero de 281.874 padres.<\/p>\n<p style=\"text-align: justify;\">Por outro lado, h\u00e1 menos 581 padres religiosos, chegando ao n\u00famero de 132.191 padres.<\/p>\n<p style=\"text-align: justify;\">As voca\u00e7\u00f5es dos aspirantes ao sacerd\u00f3cio tamb\u00e9m est\u00e3o aumentando. O n\u00famero de seminaristas maiores, diocesanos e religiosos, cresceu com 552 novos candidatos. O n\u00famero total \u00e9 de 115.880.<\/p>\n<p style=\"text-align: justify;\">O crescimento das voca\u00e7\u00f5es se registrou na \u00c1frica (964 a mais), na \u00c1sia (354 a mais) e na Oceania (52 a mais). No entanto, diminuem na Europa (696 a menos) e na Am\u00e9rica (122 a menos).<\/p>\n<p style=\"text-align: justify;\">O n\u00famero de cat\u00f3licos em todo o mundo aumentou. Houve 15.410.000 novos batizados, totalizando 1.344.403.000 o n\u00famero de cat\u00f3licos em todo o mundo. O n\u00famero de cat\u00f3licos cresceu em todos os continentes, exceto na Europa, onde h\u00e1 menos 292 mil batizados.<\/p>\n<p style=\"text-align: justify;\">O n\u00famero de cat\u00f3licos cresce mais na \u00c1frica, onde os batizados aumentaram em 8.302.000; seguido pela Am\u00e9rica com 5.373.000 novos batizados, \u00c1sia com 1.909.000 novos cat\u00f3licos e Oceania com 118 mil novos cat\u00f3licos.<\/p>\n<p style=\"text-align: justify;\">H\u00e1 menos 12\u00a0bispos, totalizando 5.377 bispos em todo o mundo. Aumentaram 6 bispos diocesanos, totalizando 4.122 e h\u00e1 menos 18 bispos religiosos, sendo 1.255 no total.<\/p>\n<p style=\"text-align: justify;\">Com rela\u00e7\u00e3o aos di\u00e1conos permanentes, seu n\u00famero continua crescendo. No Anu\u00e1rio Estat\u00edstico atualizado em dezembro de 2019, foram registrados 610 novos di\u00e1conos permanentes, chegando a 47.504 em todo o mundo. Destes, 691 s\u00e3o religiosos, todos os outros s\u00e3o diocesanos.<\/p>\n<p style=\"text-align: justify;\">No entanto, os dados s\u00e3o mais preocupantes no que diz respeito aos religiosos n\u00e3o sacerdotes e religiosas. Pelo sexto ano consecutivo, o n\u00famero de religiosos n\u00e3o sacerdotes diminuiu; os n\u00fameros mais recentes indicam que agora existem 594 religiosos a menos.<\/p>\n<p style=\"text-align: justify;\">No caso das freiras, s\u00e3o 7.249 a menos. At\u00e9 o momento, o n\u00famero de mulheres consagradas no mundo \u00e9 641.661.<\/p>\n<p style=\"text-align: justify;\">Os dados do Anu\u00e1rio Estat\u00edstico da Igreja tamb\u00e9m revelam que as circunscri\u00e7\u00f5es eclesi\u00e1sticas aumentaram em 8 novas circunscri\u00e7\u00f5es em rela\u00e7\u00e3o ao ano anterior, chegando a 3.025 em todo o mundo. 5 foram criadas na Am\u00e9rica, 2 na \u00c1sia e 1 na Europa.<\/p>\n<p style=\"text-align: justify;\">Existem 2.916 esta\u00e7\u00f5es mission\u00e1rias com um padre residente em todo o mundo, 257 a mais do que no estudo anterior. H\u00e1 mais 179 na \u00c1frica, 139 a mais na \u00c1sia, mais 10 na Oceania e 71 a menos na Am\u00e9rica.<\/p>\n<p style=\"text-align: justify;\">Tamb\u00e9m registra um aumento global no n\u00famero de mission\u00e1rios leigos com 20.388 novos membros, totalizando 376.188. Em contraste, os catequistas diminu\u00edram para 3.076.624, com 43.697 membros a menos.<\/p>\n","protected":false},"excerpt":{"rendered":"<p>O n\u00famero total de padres no mundo aumentou de acordo com os dados do Anu\u00e1rio Estat\u00edstico da\u00a0Igreja, atualizado em 31 de dezembro de 2019 e divulgado pela Ag\u00eancia Fides nesta quinta-feira, por ocasi\u00e3o do Dia Mundial das Miss\u00f5es que se realizar\u00e1 no pr\u00f3ximo domingo, 24 de outubro. O n\u00famero de cat\u00f3licos e de seminaristas em [&hellip;]<\/p>\n","protected":false},"author":1,"featured_media":70814,"comment_status":"open","ping_status":"closed","sticky":false,"template":"","format":"standard","meta":{"footnotes":""},"categories":[4],"tags":[],"class_list":["post-70813","post","type-post","status-publish","format-standard","has-post-thumbnail","hentry","category-cotidiano"],"_links":{"self":[{"href":"https:\/\/catolicanet.net\/wp-cnet\/wp-json\/wp\/v2\/posts\/70813","targetHints":{"allow":["GET"]}}],"collection":[{"href":"https:\/\/catolicanet.net\/wp-cnet\/wp-json\/wp\/v2\/posts"}],"about":[{"href":"https:\/\/catolicanet.net\/wp-cnet\/wp-json\/wp\/v2\/types\/post"}],"author":[{"embeddable":true,"href":"https:\/\/catolicanet.net\/wp-cnet\/wp-json\/wp\/v2\/users\/1"}],"replies":[{"embeddable":true,"href":"https:\/\/catolicanet.net\/wp-cnet\/wp-json\/wp\/v2\/comments?post=70813"}],"version-history":[{"count":1,"href":"https:\/\/catolicanet.net\/wp-cnet\/wp-json\/wp\/v2\/posts\/70813\/revisions"}],"predecessor-version":[{"id":70815,"href":"https:\/\/catolicanet.net\/wp-cnet\/wp-json\/wp\/v2\/posts\/70813\/revisions\/70815"}],"wp:featuredmedia":[{"embeddable":true,"href":"https:\/\/catolicanet.net\/wp-cnet\/wp-json\/wp\/v2\/media\/70814"}],"wp:attachment":[{"href":"https:\/\/catolicanet.net\/wp-cnet\/wp-json\/wp\/v2\/media?parent=70813"}],"wp:term":[{"taxonomy":"category","embeddable":true,"href":"https:\/\/catolicanet.net\/wp-cnet\/wp-json\/wp\/v2\/categories?post=70813"},{"taxonomy":"post_tag","embeddable":true,"href":"https:\/\/catolicanet.net\/wp-cnet\/wp-json\/wp\/v2\/tags?post=70813"}],"curies":[{"name":"wp","href":"https:\/\/api.w.org\/{rel}","templated":true}]}}