{"id":70790,"date":"2021-10-20T15:04:57","date_gmt":"2021-10-20T18:04:57","guid":{"rendered":"https:\/\/catolicanet.net\/wp-cnet\/?p=70790"},"modified":"2021-10-20T15:04:57","modified_gmt":"2021-10-20T18:04:57","slug":"patria-amada-sim","status":"publish","type":"post","link":"https:\/\/catolicanet.net\/wp-cnet\/patria-amada-sim\/","title":{"rendered":"P\u00e1tria amada, sim!"},"content":{"rendered":"<p style=\"text-align: justify;\">A miss\u00e3o dos seguidores de Jesus de Nazar\u00e9 \u00e9 de anunciar a vida diante do discurso recheado das marcas odiosas do negacionismo, da insensibilidade e da indiferen\u00e7a. \u00c9 comum e natural, mesmo por parte de membros da Igreja Cat\u00f3lica, indicar a sa\u00edda no referido \u00f3dio e na viol\u00eancia, no sentido da edifica\u00e7\u00e3o do Brasil verdadeiramente pr\u00f3spero e democr\u00e1tico. Mais do que nunca, percebe-se a urg\u00eancia de se anunciar os valores do Evangelho na sua plenitude. Anunciar, sim, denunciando tudo o que contraria, numa realidade que parece mergulhar no nefasto autoritarismo, na ignor\u00e2ncia e no flagelo: o pecado.<\/p>\n<p style=\"text-align: justify;\">O momento clama por uma Igreja verdadeiramente pascal, evidentemente na for\u00e7a m\u00edstica da profecia, no an\u00fancio da gra\u00e7a compassiva e esperan\u00e7osa, a da convers\u00e3o do cora\u00e7\u00e3o, tamb\u00e9m que se chegue \u00e0 convers\u00e3o das estruturas, segundo a vontade salv\u00edfica do nosso bom Deus, no que assegurou Dom Orlando Brandes: \u201cPara ser p\u00e1tria amada n\u00e3o pode ser p\u00e1tria armada. Para ser p\u00e1tria armada seja uma p\u00e1tria sem \u00f3dio. Para ser p\u00e1tria amada, uma rep\u00fablica sem mentira e sem fake news. P\u00e1tria amada sem corrup\u00e7\u00e3o. E p\u00e1tria amada com fraternidade. Todos os irm\u00e3os construindo a grande fam\u00edlia brasileira\u201d.<\/p>\n<p style=\"text-align: justify;\">N\u00e3o esquecer, nesse contexto, a condena\u00e7\u00e3o das armas pelos \u00faltimos papas, como na palavra de S\u00e3o Paulo VI: \u201cSe v\u00f3s quereis ser irm\u00e3os, deixai cair as armas das vossas m\u00e3os. N\u00e3o se pode amar com armas ofensivas nas m\u00e3os\u201d. Os art\u00edfices da evangeliza\u00e7\u00e3o, como servidores da verdade e da justi\u00e7a, encorajados pelo amor, em evangelizar nos nossos dias, pressup\u00f5em o amor fraterno, no qual deveria encontrar a sua concretude, sempre maior e crescente, naqueles que s\u00e3o os destinat\u00e1rios da miss\u00e3o evangelizadora.<\/p>\n<p style=\"text-align: justify;\">Como \u00e9 indispens\u00e1vel a robusta energia do ap\u00f3stolo Paulo! Ele assim escreve a respeito dos que est\u00e3o para acolher sua sublime mensagem, mas num ambiente favor\u00e1vel e na caridade: \u201cPela viva afei\u00e7\u00e3o que sentimos por v\u00f3s, desej\u00e1vamos comunicar-vos, n\u00e3o s\u00f3 a Boa-Nova de Deus, mas tamb\u00e9m nossa pr\u00f3pria vida, t\u00e3o caras vos t\u00ednheis tornado para n\u00f3s\u201d (cf. 1 Tes 1, 8). Eis o nosso maior desafio: o de vivenciar o Evangelho de Jesus, num n\u00e3o ao negacionismo fundamentalista, na cultura das armas e do violento \u00f3dio.<\/p>\n<p style=\"text-align: justify;\">Fica patente o convite \u00e0 convers\u00e3o do cora\u00e7\u00e3o, na alegria de sempre mais se redescobrir o amor verdadeiro, de nos inspirarmos na mesma profecia do arcebispo de Aparecida, todos voltados para a M\u00e3e de Deus, no milagre daquele vinho bom, sem o qual a festa se acabaria, indicador do vinho novo, do novo vigor no desempenho animador auspicioso, sempre mais unidos \u00e0 Igreja, na compreens\u00e3o do minist\u00e9rio da Santa M\u00e3e de Deus. Assim seja!<\/p>\n","protected":false},"excerpt":{"rendered":"<p>A miss\u00e3o dos seguidores de Jesus de Nazar\u00e9 \u00e9 de anunciar a vida diante do discurso recheado das marcas odiosas do negacionismo, da insensibilidade e da indiferen\u00e7a. \u00c9 comum e natural, mesmo por parte de membros da Igreja Cat\u00f3lica, indicar a sa\u00edda no referido \u00f3dio e na viol\u00eancia, no sentido da edifica\u00e7\u00e3o do Brasil verdadeiramente [&hellip;]<\/p>\n","protected":false},"author":6,"featured_media":55824,"comment_status":"open","ping_status":"closed","sticky":false,"template":"","format":"standard","meta":{"footnotes":""},"categories":[9],"tags":[],"class_list":["post-70790","post","type-post","status-publish","format-standard","has-post-thumbnail","hentry","category-artigos"],"_links":{"self":[{"href":"https:\/\/catolicanet.net\/wp-cnet\/wp-json\/wp\/v2\/posts\/70790","targetHints":{"allow":["GET"]}}],"collection":[{"href":"https:\/\/catolicanet.net\/wp-cnet\/wp-json\/wp\/v2\/posts"}],"about":[{"href":"https:\/\/catolicanet.net\/wp-cnet\/wp-json\/wp\/v2\/types\/post"}],"author":[{"embeddable":true,"href":"https:\/\/catolicanet.net\/wp-cnet\/wp-json\/wp\/v2\/users\/6"}],"replies":[{"embeddable":true,"href":"https:\/\/catolicanet.net\/wp-cnet\/wp-json\/wp\/v2\/comments?post=70790"}],"version-history":[{"count":1,"href":"https:\/\/catolicanet.net\/wp-cnet\/wp-json\/wp\/v2\/posts\/70790\/revisions"}],"predecessor-version":[{"id":70791,"href":"https:\/\/catolicanet.net\/wp-cnet\/wp-json\/wp\/v2\/posts\/70790\/revisions\/70791"}],"wp:featuredmedia":[{"embeddable":true,"href":"https:\/\/catolicanet.net\/wp-cnet\/wp-json\/wp\/v2\/media\/55824"}],"wp:attachment":[{"href":"https:\/\/catolicanet.net\/wp-cnet\/wp-json\/wp\/v2\/media?parent=70790"}],"wp:term":[{"taxonomy":"category","embeddable":true,"href":"https:\/\/catolicanet.net\/wp-cnet\/wp-json\/wp\/v2\/categories?post=70790"},{"taxonomy":"post_tag","embeddable":true,"href":"https:\/\/catolicanet.net\/wp-cnet\/wp-json\/wp\/v2\/tags?post=70790"}],"curies":[{"name":"wp","href":"https:\/\/api.w.org\/{rel}","templated":true}]}}