{"id":70787,"date":"2021-10-20T09:59:19","date_gmt":"2021-10-20T12:59:19","guid":{"rendered":"https:\/\/catolicanet.net\/wp-cnet\/?p=70787"},"modified":"2021-10-20T15:00:16","modified_gmt":"2021-10-20T18:00:16","slug":"ja-estamos-prontos-para-voltar-a-normalidade","status":"publish","type":"post","link":"https:\/\/catolicanet.net\/wp-cnet\/ja-estamos-prontos-para-voltar-a-normalidade\/","title":{"rendered":"J\u00e1 estamos prontos para voltar \u00e0 normalidade?"},"content":{"rendered":"<h2 class=\"subtitle\" style=\"text-align: justify;\">Com 73,4% da popula\u00e7\u00e3o vacinada com ao menos uma dose e imin\u00eancia da retirada das restri\u00e7\u00f5es, fobia social e medo de sair de casa ainda devem fazer muita gente evitar de sair<\/h2>\n<p style=\"text-align: justify;\">Apandemia nos provou que, al\u00e9m de tudo, somos seres sociais, e que precisamos estar pr\u00f3ximos daqueles que nos s\u00e3o queridos para nos sentirmos bem. Apesar de todas as telas e videochamadas que substitu\u00edram os encontros no \u00faltimo ano e sete meses, nossas vidas nunca mais foram as mesmas. Agora que 73,4% da popula\u00e7\u00e3o total e mais de 90% da popula\u00e7\u00e3o adulta est\u00e1 vacinada com ao menos a primeira dose da vacina, estamos prontos para retomar a vida como ela era?<\/p>\n<p style=\"text-align: justify;\">O Governo do Estado de S\u00e3o Paulo (Brasil) anunciou para 1\u00ba de novembro mais uma etapa no plano de retomada, a autoriza\u00e7\u00e3o para a realiza\u00e7\u00e3o de shows com plateia em p\u00e9. Ainda que com controle sanit\u00e1rio e uso de m\u00e1scara, para muita gente ainda parece um sonho distante. Especialistas afirmam que essa \u00e9 uma sensa\u00e7\u00e3o normal, j\u00e1 que um cen\u00e1rio de pandemia e mais de 600 mil mortes mostrou a todos n\u00f3s o qu\u00e3o fr\u00e1gil \u00e9 a vida.<\/p>\n<div class=\"wp-block-aleteia-heading3\">\n<div class=\"text\" style=\"text-align: justify;\">\n<h3><strong>Transi\u00e7\u00e3o gradual<\/strong><\/h3>\n<\/div>\n<p style=\"text-align: justify;\">De modo que muitos de n\u00f3s talvez ainda estejamos com medo de nos infectar ou de infectar pessoas dos grupos de risco, o que \u00e9 perfeitamente compreens\u00edvel. Outros tantos, que j\u00e1 tinham um perfil mais reservado e se isolaram de vez na quarentena, ou at\u00e9 mesmo indiv\u00edduos com predisposi\u00e7\u00e3o \u00e0 fobia social, devem permanecer sem sair de casa. Portanto, a retomada deve continuar sendo aos poucos e nem todos ter\u00e3o aquele grande reencontro, como dos finais de novela.<\/p>\n<p style=\"text-align: justify;\">Infectologistas e epidemiologistas ainda evitam fazer previs\u00f5es quanto ao fim da pandemia, embora ainda estejamos distantes da meta de 70% da popula\u00e7\u00e3o com as duas doses da vacina, o que traria mais tranquilidade a qualquer retomada. Mas no cen\u00e1rio atual, de queda consistente no n\u00famero de mortes e no n\u00famero de casos, em vez de mergulhar, ainda \u00e9 necess\u00e1rio entrar na piscina aos poucos, de prefer\u00eancia pela escadinha.<\/p>\n<div class=\"wp-block-aleteia-heading3\">\n<div class=\"text\" style=\"text-align: justify;\">\n<h3><strong>O pior pode ter ficado para tr\u00e1s\u00a0<\/strong><\/h3>\n<\/div>\n<p style=\"text-align: justify;\">A recomenda\u00e7\u00e3o \u00e9 retomar aos poucos, evitando se expor ao v\u00edrus sem necessidade, de acordo com o qu\u00e3o confort\u00e1vel cada um se sinta, sempre atento \u00e0s recomenda\u00e7\u00f5es m\u00e9dicas. E usando m\u00e1scara enquanto ainda for necess\u00e1rio.<\/p>\n<p style=\"text-align: justify;\">Estamos no momento mais promissor desde o in\u00edcio da pandemia. Se n\u00e3o surgir nenhuma variante mais poderosa e as vacinas mantiverem a imuniza\u00e7\u00e3o a longo prazo, o pior talvez j\u00e1 tenha passado. Portanto, para seguirmos em frente, precisamos ir devagar. E sempre.<\/p>\n<\/div>\n<\/div>\n","protected":false},"excerpt":{"rendered":"<p>Com 73,4% da popula\u00e7\u00e3o vacinada com ao menos uma dose e imin\u00eancia da retirada das restri\u00e7\u00f5es, fobia social e medo de sair de casa ainda devem fazer muita gente evitar de sair Apandemia nos provou que, al\u00e9m de tudo, somos seres sociais, e que precisamos estar pr\u00f3ximos daqueles que nos s\u00e3o queridos para nos sentirmos [&hellip;]<\/p>\n","protected":false},"author":1,"featured_media":70788,"comment_status":"open","ping_status":"closed","sticky":false,"template":"","format":"standard","meta":{"footnotes":""},"categories":[4],"tags":[],"class_list":["post-70787","post","type-post","status-publish","format-standard","has-post-thumbnail","hentry","category-cotidiano"],"_links":{"self":[{"href":"https:\/\/catolicanet.net\/wp-cnet\/wp-json\/wp\/v2\/posts\/70787","targetHints":{"allow":["GET"]}}],"collection":[{"href":"https:\/\/catolicanet.net\/wp-cnet\/wp-json\/wp\/v2\/posts"}],"about":[{"href":"https:\/\/catolicanet.net\/wp-cnet\/wp-json\/wp\/v2\/types\/post"}],"author":[{"embeddable":true,"href":"https:\/\/catolicanet.net\/wp-cnet\/wp-json\/wp\/v2\/users\/1"}],"replies":[{"embeddable":true,"href":"https:\/\/catolicanet.net\/wp-cnet\/wp-json\/wp\/v2\/comments?post=70787"}],"version-history":[{"count":1,"href":"https:\/\/catolicanet.net\/wp-cnet\/wp-json\/wp\/v2\/posts\/70787\/revisions"}],"predecessor-version":[{"id":70789,"href":"https:\/\/catolicanet.net\/wp-cnet\/wp-json\/wp\/v2\/posts\/70787\/revisions\/70789"}],"wp:featuredmedia":[{"embeddable":true,"href":"https:\/\/catolicanet.net\/wp-cnet\/wp-json\/wp\/v2\/media\/70788"}],"wp:attachment":[{"href":"https:\/\/catolicanet.net\/wp-cnet\/wp-json\/wp\/v2\/media?parent=70787"}],"wp:term":[{"taxonomy":"category","embeddable":true,"href":"https:\/\/catolicanet.net\/wp-cnet\/wp-json\/wp\/v2\/categories?post=70787"},{"taxonomy":"post_tag","embeddable":true,"href":"https:\/\/catolicanet.net\/wp-cnet\/wp-json\/wp\/v2\/tags?post=70787"}],"curies":[{"name":"wp","href":"https:\/\/api.w.org\/{rel}","templated":true}]}}