{"id":70768,"date":"2021-10-20T09:21:34","date_gmt":"2021-10-20T12:21:34","guid":{"rendered":"https:\/\/catolicanet.net\/wp-cnet\/?p=70768"},"modified":"2021-10-20T14:24:12","modified_gmt":"2021-10-20T17:24:12","slug":"a-igreja-particular-e-uma-comunidade-missionaria-e-tema-da-live-missionaria-desta-sexta-feira-22-as-19h","status":"publish","type":"post","link":"https:\/\/catolicanet.net\/wp-cnet\/a-igreja-particular-e-uma-comunidade-missionaria-e-tema-da-live-missionaria-desta-sexta-feira-22-as-19h\/","title":{"rendered":"\u201cA IGREJA PARTICULAR \u00c9 UMA COMUNIDADE MISSION\u00c1RIA\u201d \u00c9 TEMA DA LIVE MISSION\u00c1RIA DESTA SEXTA-FEIRA (22), \u00c0S 19H"},"content":{"rendered":"<div class=\"elementor-element elementor-element-3a087bd2 elementor-widget elementor-widget-theme-post-content\" data-id=\"3a087bd2\" data-element_type=\"widget\" data-widget_type=\"theme-post-content.default\">\n<div class=\"elementor-widget-container\">\n<p style=\"text-align: justify;\">Nesta sexta-feira, dia 22 de outubro, \u00e0s 19h, a Comiss\u00e3o Episcopal Pastoral para A\u00e7\u00e3o Mission\u00e1ria e Coopera\u00e7\u00e3o Intereclesial da Confer\u00eancia nacional dos bispos do Brasil (CNBB), realiza a Live Missior\u00e1ria:\u00a0<em><strong>\u201cA Igreja Particular \u00e9 uma comunidade mission\u00e1ria\u201d<\/strong><\/em>.<\/p>\n<p style=\"text-align: justify;\">O assessor da Comiss\u00e3o Episcopal Pastoral para A\u00e7\u00e3o Mission\u00e1ria e Coopera\u00e7\u00e3o Intereclesial da CNBB, padre\u00a0 Daniel Luz Rocchetti explica que a live<\/p>\n<p style=\"text-align: justify;\">A live faz parte da Campanha Mission\u00e1ria 2021 traz como tema:\u00a0<em><strong>\u201cJesus Cristo \u00e9 miss\u00e3o\u201d<\/strong><\/em>\u00a0e a inspira\u00e7\u00e3o b\u00edblica\u00a0<em><strong>\u201cN\u00e3o podemos deixar de falar sobre o que vimos e ouvimos\u201d<\/strong><\/em>\u00a0(At 4,20).<\/p>\n<p style=\"text-align: justify;\">Realizada sempre no m\u00eas de outubro desde 1972, a Campanha Mission\u00e1ria \u00e9 organizada pelas Pontif\u00edcias Obras Mission\u00e1rias (POM) em colabora\u00e7\u00e3o Comiss\u00e3o Episcopal Pastoral para a A\u00e7\u00e3o Mission\u00e1ria e Coopera\u00e7\u00e3o Intereclesial da Confer\u00eancia Nacional dos Bispos do Brasil (CNBB), e outros organismos que comp\u00f5em o Conselho Mission\u00e1rio Nacional (COMINA).<\/p>\n<h5 style=\"text-align: justify;\"><strong>Participantes da live:<\/strong><\/h5>\n<ul style=\"text-align: justify;\">\n<li>O bispo auxiliar da arquidiocese do Rio de Janeiro (RJ) e secret\u00e1rio-geral da CNBB, dom Joel Portella Amado.<\/li>\n<li>Os assessores da Comiss\u00e3o para Anima\u00e7\u00e3o Mission\u00e1ria e Coopera\u00e7\u00e3o Intereclesial da CNBB, padre Daniel Luz Rocchetti e a irm\u00e3 Sandra Regina Amado.<\/li>\n<\/ul>\n<h5 style=\"text-align: justify;\">Programa\u00e7\u00e3o:<\/h5>\n<ul style=\"text-align: justify;\">\n<li><strong>26 de outubro<\/strong><br \/>\n19h \u2013 Live Mission\u00e1ria:\u00a0<strong>\u201cO Compromisso prof\u00e9tico-social assumido pela Igreja Mission\u00e1ria\u201d<\/strong><br \/>\nParticipam: Padre Ant\u00f4nio Lopes de Lima, padre Dario Bossi, padre Daniel Luz Rocchetti e irm\u00e3 Sandra Regina Amado<\/li>\n<li><strong>29 de outubro<\/strong><br \/>\n19h \u2013 Live Mission\u00e1ria:\u00a0<strong>\u201cExplorando e conhecendo os Projetos mission\u00e1rios das Igrejas Irm\u00e3s e Ad Gentes\u201d<\/strong><br \/>\nParticipam: Irm\u00e3 Dirce Gomes da Silva, padre Tiago \u00c1vila Camargo, dom Odelir Jos\u00e9 Magri, padre Daniel Luz Rocchetti e irm\u00e3 Sandra Regina Amado<\/li>\n<\/ul>\n<h5 style=\"text-align: justify;\">Coleta Mission\u00e1ria<\/h5>\n<p style=\"text-align: justify;\">Neste final de semana, dias 23 e 24 de outubro, a Igreja do Brasil realiza a Coleta Mission\u00e1ria durante as celebra\u00e7\u00f5es em todas as dioceses. As contribui\u00e7\u00f5es arrecadadas beneficiam centenas de projetos para milhares de pessoas ligadas a institui\u00e7\u00f5es mantidas nos pa\u00edses mais pobres do mundo, atrav\u00e9s do Fundo Mundial de Solidariedade.<\/p>\n<p style=\"text-align: justify;\"><img loading=\"lazy\" decoding=\"async\" class=\"wp-image-858205 alignright lazyloaded\" src=\"https:\/\/eadn-wc02-718006.nxedge.io\/cdn\/wp-content\/uploads\/2021\/10\/Pix-coleta-missionaria.jpg\" sizes=\"auto, (max-width: 342px) 100vw, 342px\" srcset=\"https:\/\/eadn-wc02-718006.nxedge.io\/cdn\/wp-content\/uploads\/2021\/10\/Pix-coleta-missionaria.jpg 768w, https:\/\/eadn-wc02-718006.nxedge.io\/cdn\/wp-content\/uploads\/2021\/10\/Pix-coleta-missionaria-300x300.jpg 300w, https:\/\/eadn-wc02-718006.nxedge.io\/cdn\/wp-content\/uploads\/2021\/10\/Pix-coleta-missionaria-150x150.jpg 150w, https:\/\/eadn-wc02-718006.nxedge.io\/cdn\/wp-content\/uploads\/2021\/10\/Pix-coleta-missionaria-500x500.jpg 500w\" alt=\"\" width=\"342\" height=\"342\" data-srcset=\"https:\/\/eadn-wc02-718006.nxedge.io\/cdn\/wp-content\/uploads\/2021\/10\/Pix-coleta-missionaria.jpg 768w, https:\/\/eadn-wc02-718006.nxedge.io\/cdn\/wp-content\/uploads\/2021\/10\/Pix-coleta-missionaria-300x300.jpg 300w, https:\/\/eadn-wc02-718006.nxedge.io\/cdn\/wp-content\/uploads\/2021\/10\/Pix-coleta-missionaria-150x150.jpg 150w, https:\/\/eadn-wc02-718006.nxedge.io\/cdn\/wp-content\/uploads\/2021\/10\/Pix-coleta-missionaria-500x500.jpg 500w\" data-src=\"https:\/\/eadn-wc02-718006.nxedge.io\/cdn\/wp-content\/uploads\/2021\/10\/Pix-coleta-missionaria.jpg\" data-sizes=\"(max-width: 342px) 100vw, 342px\" \/>A ajuda material pode ser feita atrav\u00e9s dos envelopes distribu\u00eddos nas par\u00f3quias durante o m\u00eas mission\u00e1rio. A coleta mission\u00e1ria \u00e9 uma forma de lembrarmos da import\u00e2ncia de nossa participa\u00e7\u00e3o com a miss\u00e3o no mundo.<\/p>\n<p style=\"text-align: justify;\">Neste ano, para aqueles que desejarem fazer a sua doa\u00e7\u00e3o sem sair de casa, as POM disponibilizam a transfer\u00eancia por PIX, tornando mais f\u00e1cil o acesso.<\/p>\n<p style=\"text-align: justify;\">As ofertas devem ser integralmente enviadas \u00e0s POM que as repassam ao Fundo Universal de Solidariedade, em Roma, para apoiar projetos mission\u00e1rios em todo o mundo. A coleta mission\u00e1ria \u00e9 uma forma de lembrarmos da import\u00e2ncia de nossa participa\u00e7\u00e3o com a miss\u00e3o no mundo.<\/p>\n<p style=\"text-align: justify;\">A chave pix \u00e9 o email:\u00a0<a href=\"mailto:pom@pom.org.br\">pom@pom.org.br<\/a><\/p>\n<p style=\"text-align: justify;\">Saiba mais:\u00a0<a href=\"https:\/\/www.pom.org.br\/coleta-missionaria-sera-realizada-neste-final-de-semana-nas-dioceses-de-todos-os-paises\/\" target=\"_blank\" rel=\"noopener\">www.pom.org.br<\/a><\/p>\n<\/div>\n<\/div>\n","protected":false},"excerpt":{"rendered":"<p>Nesta sexta-feira, dia 22 de outubro, \u00e0s 19h, a Comiss\u00e3o Episcopal Pastoral para A\u00e7\u00e3o Mission\u00e1ria e Coopera\u00e7\u00e3o Intereclesial da Confer\u00eancia nacional dos bispos do Brasil (CNBB), realiza a Live Missior\u00e1ria:\u00a0\u201cA Igreja Particular \u00e9 uma comunidade mission\u00e1ria\u201d. O assessor da Comiss\u00e3o Episcopal Pastoral para A\u00e7\u00e3o Mission\u00e1ria e Coopera\u00e7\u00e3o Intereclesial da CNBB, padre\u00a0 Daniel Luz Rocchetti explica [&hellip;]<\/p>\n","protected":false},"author":1,"featured_media":70769,"comment_status":"open","ping_status":"closed","sticky":false,"template":"","format":"standard","meta":{"footnotes":""},"categories":[7],"tags":[],"class_list":["post-70768","post","type-post","status-publish","format-standard","has-post-thumbnail","hentry","category-cnbb"],"_links":{"self":[{"href":"https:\/\/catolicanet.net\/wp-cnet\/wp-json\/wp\/v2\/posts\/70768","targetHints":{"allow":["GET"]}}],"collection":[{"href":"https:\/\/catolicanet.net\/wp-cnet\/wp-json\/wp\/v2\/posts"}],"about":[{"href":"https:\/\/catolicanet.net\/wp-cnet\/wp-json\/wp\/v2\/types\/post"}],"author":[{"embeddable":true,"href":"https:\/\/catolicanet.net\/wp-cnet\/wp-json\/wp\/v2\/users\/1"}],"replies":[{"embeddable":true,"href":"https:\/\/catolicanet.net\/wp-cnet\/wp-json\/wp\/v2\/comments?post=70768"}],"version-history":[{"count":1,"href":"https:\/\/catolicanet.net\/wp-cnet\/wp-json\/wp\/v2\/posts\/70768\/revisions"}],"predecessor-version":[{"id":70770,"href":"https:\/\/catolicanet.net\/wp-cnet\/wp-json\/wp\/v2\/posts\/70768\/revisions\/70770"}],"wp:featuredmedia":[{"embeddable":true,"href":"https:\/\/catolicanet.net\/wp-cnet\/wp-json\/wp\/v2\/media\/70769"}],"wp:attachment":[{"href":"https:\/\/catolicanet.net\/wp-cnet\/wp-json\/wp\/v2\/media?parent=70768"}],"wp:term":[{"taxonomy":"category","embeddable":true,"href":"https:\/\/catolicanet.net\/wp-cnet\/wp-json\/wp\/v2\/categories?post=70768"},{"taxonomy":"post_tag","embeddable":true,"href":"https:\/\/catolicanet.net\/wp-cnet\/wp-json\/wp\/v2\/tags?post=70768"}],"curies":[{"name":"wp","href":"https:\/\/api.w.org\/{rel}","templated":true}]}}