{"id":70765,"date":"2021-10-20T09:19:08","date_gmt":"2021-10-20T12:19:08","guid":{"rendered":"https:\/\/catolicanet.net\/wp-cnet\/?p=70765"},"modified":"2021-10-20T14:20:42","modified_gmt":"2021-10-20T17:20:42","slug":"cerimonia-dos-premios-de-comunicacao-sera-transmitida-nesta-quarta-feira-por-emissoras-de-inspiracao-catolica-e-redes-sociais-da-cnbb","status":"publish","type":"post","link":"https:\/\/catolicanet.net\/wp-cnet\/cerimonia-dos-premios-de-comunicacao-sera-transmitida-nesta-quarta-feira-por-emissoras-de-inspiracao-catolica-e-redes-sociais-da-cnbb\/","title":{"rendered":"CERIM\u00d4NIA DOS PR\u00caMIOS DE COMUNICA\u00c7\u00c3O SER\u00c1 TRANSMITIDA, NESTA QUARTA-FEIRA, POR EMISSORAS DE INSPIRA\u00c7\u00c3O CAT\u00d3LICA E REDES SOCIAIS DA CNBB"},"content":{"rendered":"<div class=\"elementor-element elementor-element-3a087bd2 elementor-widget elementor-widget-theme-post-content\" data-id=\"3a087bd2\" data-element_type=\"widget\" data-widget_type=\"theme-post-content.default\">\n<div class=\"elementor-widget-container\">\n<p style=\"text-align: justify;\">A cerim\u00f4nia de entrega dos trof\u00e9us aos ganhadores da 53\u00aa edi\u00e7\u00e3o dos Pr\u00eamios de Comunica\u00e7\u00e3o da Confer\u00eancia Nacional dos Bispos do Brasil (CNBB) acontecer\u00e1, de modo remoto, devido aos limites impostos pela pandemia. Os 45 finalistas participar\u00e3o, de forma virtual, de um programa de televis\u00e3o din\u00e2mico, com produ\u00e7\u00e3o coordenada pela TV Pai Eterno. O an\u00fancio dos 15 ganhadores ser\u00e1 feito na mesma ocasi\u00e3o.<\/p>\n<p style=\"text-align: justify;\">O programa com a cerim\u00f4nia de entrega dos pr\u00eamios al\u00e9m de ser exibido nas emissoras de inspira\u00e7\u00e3o cat\u00f3lica, na quarta-feira, 20 de outubro, tamb\u00e9m contar\u00e1 com a transmiss\u00e3o nas redes sociais da CNBB:\u00a0<a href=\"https:\/\/www.youtube.com\/c\/CNBBNacional\/videos\" target=\"_blank\" rel=\"noopener\">Youtube<\/a>\u00a0e\u00a0<a href=\"https:\/\/www.facebook.com\/cnbbnacional\/\" target=\"_blank\" rel=\"noopener\">Facebook, a partir das 21h<\/a>. A atra\u00e7\u00e3o contar\u00e1 tamb\u00e9m com show da cantora Ziza Fernandes.<\/p>\n<h3 style=\"text-align: justify;\"><strong>Confira os hor\u00e1rios e dias de transmiss\u00e3o em cada emissora de inspira\u00e7\u00e3o cat\u00f3lica:<\/strong><\/h3>\n<p style=\"text-align: justify;\">\n<h3 style=\"text-align: justify;\">20 de outubro \u2013 das 21h \u00e0s 22h30<\/h3>\n<p style=\"text-align: justify;\">TV PAI ETERNO;<br \/>\nTV APARECIDA;<br \/>\nTV IMACULADA;<br \/>\nTV REDE S\u00c9CULO 21;<br \/>\nTV HORIZONTE.<\/p>\n<h3 style=\"text-align: justify;\">20 de outubro \u2013 das 23h \u00e0s 00h30<\/h3>\n<p style=\"text-align: justify;\">TV CAN\u00c7\u00c3O NOVA<\/p>\n<h3 style=\"text-align: justify;\">\u00a020 de outubro \u2013 das 22h30 \u00e0s 00h<\/h3>\n<p style=\"text-align: justify;\">REDE NAZAR\u00c9<\/p>\n<h3 style=\"text-align: justify;\">23 de outubro \u2013 das 20h \u00e0s 21h30<\/h3>\n<p style=\"text-align: justify;\">TV EVANGELIZAR<\/p>\n<h3 style=\"text-align: justify;\">Exibe apenas principais momentos no dia 23 de outubro, das 20h \u00e0s 21h<\/h3>\n<p style=\"text-align: justify;\">REDE VIDA<\/p>\n<div class=\"ast-oembed-container\">\n<div>\n<div>\n<p><iframe loading=\"lazy\" title=\"Pr\u00eamios de Comunica\u00e7\u00e3o CNBB | 2019-2021\" width=\"696\" height=\"392\" src=\"https:\/\/www.youtube.com\/embed\/7eDO8XEzLNY?feature=oembed\" frameborder=\"0\" allow=\"accelerometer; autoplay; clipboard-write; encrypted-media; gyroscope; picture-in-picture\" allowfullscreen><\/iframe><\/p>\n<\/div>\n<\/div>\n<\/div>\n<\/div>\n<\/div>\n","protected":false},"excerpt":{"rendered":"<p>A cerim\u00f4nia de entrega dos trof\u00e9us aos ganhadores da 53\u00aa edi\u00e7\u00e3o dos Pr\u00eamios de Comunica\u00e7\u00e3o da Confer\u00eancia Nacional dos Bispos do Brasil (CNBB) acontecer\u00e1, de modo remoto, devido aos limites impostos pela pandemia. Os 45 finalistas participar\u00e3o, de forma virtual, de um programa de televis\u00e3o din\u00e2mico, com produ\u00e7\u00e3o coordenada pela TV Pai Eterno. O an\u00fancio [&hellip;]<\/p>\n","protected":false},"author":1,"featured_media":70766,"comment_status":"open","ping_status":"closed","sticky":false,"template":"","format":"standard","meta":{"footnotes":""},"categories":[7],"tags":[],"class_list":["post-70765","post","type-post","status-publish","format-standard","has-post-thumbnail","hentry","category-cnbb"],"_links":{"self":[{"href":"https:\/\/catolicanet.net\/wp-cnet\/wp-json\/wp\/v2\/posts\/70765","targetHints":{"allow":["GET"]}}],"collection":[{"href":"https:\/\/catolicanet.net\/wp-cnet\/wp-json\/wp\/v2\/posts"}],"about":[{"href":"https:\/\/catolicanet.net\/wp-cnet\/wp-json\/wp\/v2\/types\/post"}],"author":[{"embeddable":true,"href":"https:\/\/catolicanet.net\/wp-cnet\/wp-json\/wp\/v2\/users\/1"}],"replies":[{"embeddable":true,"href":"https:\/\/catolicanet.net\/wp-cnet\/wp-json\/wp\/v2\/comments?post=70765"}],"version-history":[{"count":1,"href":"https:\/\/catolicanet.net\/wp-cnet\/wp-json\/wp\/v2\/posts\/70765\/revisions"}],"predecessor-version":[{"id":70767,"href":"https:\/\/catolicanet.net\/wp-cnet\/wp-json\/wp\/v2\/posts\/70765\/revisions\/70767"}],"wp:featuredmedia":[{"embeddable":true,"href":"https:\/\/catolicanet.net\/wp-cnet\/wp-json\/wp\/v2\/media\/70766"}],"wp:attachment":[{"href":"https:\/\/catolicanet.net\/wp-cnet\/wp-json\/wp\/v2\/media?parent=70765"}],"wp:term":[{"taxonomy":"category","embeddable":true,"href":"https:\/\/catolicanet.net\/wp-cnet\/wp-json\/wp\/v2\/categories?post=70765"},{"taxonomy":"post_tag","embeddable":true,"href":"https:\/\/catolicanet.net\/wp-cnet\/wp-json\/wp\/v2\/tags?post=70765"}],"curies":[{"name":"wp","href":"https:\/\/api.w.org\/{rel}","templated":true}]}}