{"id":70756,"date":"2021-10-20T09:02:08","date_gmt":"2021-10-20T12:02:08","guid":{"rendered":"https:\/\/catolicanet.net\/wp-cnet\/?p=70756"},"modified":"2021-10-20T14:04:19","modified_gmt":"2021-10-20T17:04:19","slug":"congregacao-para-os-bispos-em-estudo-estatutos-para-a-conferencia-amazonica","status":"publish","type":"post","link":"https:\/\/catolicanet.net\/wp-cnet\/congregacao-para-os-bispos-em-estudo-estatutos-para-a-conferencia-amazonica\/","title":{"rendered":"Congrega\u00e7\u00e3o para os Bispos: em estudo estatutos para a Confer\u00eancia Amaz\u00f4nica"},"content":{"rendered":"<figure class=\"article__image\" style=\"text-align: justify;\"><span class=\"didascalia_img\">S\u00ednodo sobre a Amaz\u00f4nia\u00a0<\/span><\/figure>\n<div class=\"article__meta \" data-mediatype=\"\">\n<div class=\"article__subTitle\" style=\"text-align: justify;\">Uma nota do Dicast\u00e9rio anuncia a ere\u00e7\u00e3o can\u00f4nica, pelo Papa Francisco, do novo organismo eclesial que ter\u00e1 a tarefa de favorecer o esp\u00edrito sinodal na Igreja da regi\u00e3o amaz\u00f4nica e incentivar a incultura\u00e7\u00e3o da f\u00e9.<\/div>\n<div class=\"title__separator\" style=\"text-align: justify;\"><\/div>\n<div class=\"article__text \">\n<p style=\"text-align: justify;\">VATICAN NEWS<\/p>\n<p style=\"text-align: justify;\">No\u00a0<a href=\"http:\/\/secretariat.synod.va\/content\/sinodoamazonico\/pt.html\" target=\"_blank\" rel=\"external noopener\">Documento Final<\/a>\u00a0do Simp\u00f3sio sobre a Amaz\u00f4nia, no n\u00famero 115, foi proposta a cria\u00e7\u00e3o de um &#8220;organismo episcopal permanente e representativo para promover a sinodalidade na regi\u00e3o amaz\u00f4nica&#8221;, um organismo eclesial, portanto, para a promo\u00e7\u00e3o da sinodalidade na regi\u00e3o.<\/p>\n<p style=\"text-align: justify;\">Nesta quarta-feira (20) uma nota da Congrega\u00e7\u00e3o para os Bispos informa que &#8220;durante uma Assembleia, realizada de 26 a 29 de junho de 2020, os prelados interessados decidiram pedir \u00e0 Santa S\u00e9 a ere\u00e7\u00e3o permanente da Confer\u00eancia Eclesial da Amaz\u00f4nia&#8221;. &#8220;Bem disposto a favorecer tal iniciativa&#8221;, continua a nota, &#8220;o Papa Francisco instruiu a Congrega\u00e7\u00e3o para os Bispos a seguir e acompanhar de perto o processo, emprestando toda ajuda para dar ao \u00f3rg\u00e3o uma fisionomia adequada&#8221;.<\/p>\n<h2 style=\"text-align: justify;\"><b>Francisco instituiu a Confer\u00eancia em 9 de outubro<\/b><\/h2>\n<p style=\"text-align: justify;\">O texto tamb\u00e9m informa que na audi\u00eancia de 9 de outubro concedida ao Prefeito da Congrega\u00e7\u00e3o dos Bispos, o Papa instituiu canonicamente a Confer\u00eancia Eclesial da Amaz\u00f4nia &#8220;como pessoa jur\u00eddica p\u00fablica eclesi\u00e1stica, dando-lhe a finalidade de promover a a\u00e7\u00e3o pastoral comum das circunscri\u00e7\u00f5es eclesi\u00e1sticas da Amaz\u00f4nia e de incentivar uma maior incultura\u00e7\u00e3o da f\u00e9 no referido territ\u00f3rio&#8221;. Por fim, a nota especifica que os Estatutos do novo corpo eclesial &#8220;ser\u00e3o submetidos ao Santo Padre para a necess\u00e1ria aprova\u00e7\u00e3o no final de seu estudo&#8221;.<\/p>\n<\/div>\n<\/div>\n","protected":false},"excerpt":{"rendered":"<p>S\u00ednodo sobre a Amaz\u00f4nia\u00a0 Uma nota do Dicast\u00e9rio anuncia a ere\u00e7\u00e3o can\u00f4nica, pelo Papa Francisco, do novo organismo eclesial que ter\u00e1 a tarefa de favorecer o esp\u00edrito sinodal na Igreja da regi\u00e3o amaz\u00f4nica e incentivar a incultura\u00e7\u00e3o da f\u00e9. VATICAN NEWS No\u00a0Documento Final\u00a0do Simp\u00f3sio sobre a Amaz\u00f4nia, no n\u00famero 115, foi proposta a cria\u00e7\u00e3o de [&hellip;]<\/p>\n","protected":false},"author":1,"featured_media":70757,"comment_status":"open","ping_status":"closed","sticky":false,"template":"","format":"standard","meta":{"footnotes":""},"categories":[3],"tags":[],"class_list":["post-70756","post","type-post","status-publish","format-standard","has-post-thumbnail","hentry","category-vaticano"],"_links":{"self":[{"href":"https:\/\/catolicanet.net\/wp-cnet\/wp-json\/wp\/v2\/posts\/70756","targetHints":{"allow":["GET"]}}],"collection":[{"href":"https:\/\/catolicanet.net\/wp-cnet\/wp-json\/wp\/v2\/posts"}],"about":[{"href":"https:\/\/catolicanet.net\/wp-cnet\/wp-json\/wp\/v2\/types\/post"}],"author":[{"embeddable":true,"href":"https:\/\/catolicanet.net\/wp-cnet\/wp-json\/wp\/v2\/users\/1"}],"replies":[{"embeddable":true,"href":"https:\/\/catolicanet.net\/wp-cnet\/wp-json\/wp\/v2\/comments?post=70756"}],"version-history":[{"count":1,"href":"https:\/\/catolicanet.net\/wp-cnet\/wp-json\/wp\/v2\/posts\/70756\/revisions"}],"predecessor-version":[{"id":70758,"href":"https:\/\/catolicanet.net\/wp-cnet\/wp-json\/wp\/v2\/posts\/70756\/revisions\/70758"}],"wp:featuredmedia":[{"embeddable":true,"href":"https:\/\/catolicanet.net\/wp-cnet\/wp-json\/wp\/v2\/media\/70757"}],"wp:attachment":[{"href":"https:\/\/catolicanet.net\/wp-cnet\/wp-json\/wp\/v2\/media?parent=70756"}],"wp:term":[{"taxonomy":"category","embeddable":true,"href":"https:\/\/catolicanet.net\/wp-cnet\/wp-json\/wp\/v2\/categories?post=70756"},{"taxonomy":"post_tag","embeddable":true,"href":"https:\/\/catolicanet.net\/wp-cnet\/wp-json\/wp\/v2\/tags?post=70756"}],"curies":[{"name":"wp","href":"https:\/\/api.w.org\/{rel}","templated":true}]}}