{"id":70746,"date":"2021-10-19T13:05:36","date_gmt":"2021-10-19T16:05:36","guid":{"rendered":"https:\/\/catolicanet.net\/wp-cnet\/?p=70746"},"modified":"2021-10-19T13:05:36","modified_gmt":"2021-10-19T16:05:36","slug":"sao-frei-galvao-homem-de-paz-e-caridade","status":"publish","type":"post","link":"https:\/\/catolicanet.net\/wp-cnet\/sao-frei-galvao-homem-de-paz-e-caridade\/","title":{"rendered":"S\u00e3o Frei Galv\u00e3o, \u2018Homem de paz e caridade\u2019"},"content":{"rendered":"<p style=\"margin: 0cm; margin-bottom: .0001pt; text-align: right;\" align=\"right\"><i><span style=\"color: black;\">*Jos\u00e9 Expedito<\/span><\/i><\/p>\n<p style=\"margin: 6.0pt 0cm .0001pt 0cm;\">\n<p style=\"margin: 0cm; margin-bottom: .0001pt; text-align: justify;\"><span style=\"color: black;\"><img loading=\"lazy\" decoding=\"async\" class=\" wp-image-70747 alignleft\" src=\"https:\/\/catolicanet.net\/wp-cnet\/wp-content\/uploads\/Jose-Expedito-Arquivo-pessoal-300x300.jpg\" alt=\"\" width=\"198\" height=\"198\" srcset=\"https:\/\/catolicanet.net\/wp-cnet\/wp-content\/uploads\/Jose-Expedito-Arquivo-pessoal-300x300.jpg 300w, https:\/\/catolicanet.net\/wp-cnet\/wp-content\/uploads\/Jose-Expedito-Arquivo-pessoal-1024x1024.jpg 1024w, https:\/\/catolicanet.net\/wp-cnet\/wp-content\/uploads\/Jose-Expedito-Arquivo-pessoal-150x150.jpg 150w, https:\/\/catolicanet.net\/wp-cnet\/wp-content\/uploads\/Jose-Expedito-Arquivo-pessoal-768x768.jpg 768w, https:\/\/catolicanet.net\/wp-cnet\/wp-content\/uploads\/Jose-Expedito-Arquivo-pessoal-600x600.jpg 600w, https:\/\/catolicanet.net\/wp-cnet\/wp-content\/uploads\/Jose-Expedito-Arquivo-pessoal-1536x1536.jpg 1536w, https:\/\/catolicanet.net\/wp-cnet\/wp-content\/uploads\/Jose-Expedito-Arquivo-pessoal-696x696.jpg 696w, https:\/\/catolicanet.net\/wp-cnet\/wp-content\/uploads\/Jose-Expedito-Arquivo-pessoal-1068x1068.jpg 1068w, https:\/\/catolicanet.net\/wp-cnet\/wp-content\/uploads\/Jose-Expedito-Arquivo-pessoal-420x420.jpg 420w, https:\/\/catolicanet.net\/wp-cnet\/wp-content\/uploads\/Jose-Expedito-Arquivo-pessoal.jpg 1880w\" sizes=\"auto, (max-width: 198px) 100vw, 198px\" \/>A Igreja celebra, em 25 de outubro, a Festa de Santo Ant\u00f4nio de Sant\u2019Anna Galv\u00e3o, que na devo\u00e7\u00e3o popular \u00e9 conhecido como \u201cS\u00e3o Frei Galv\u00e3o\u201d. Desde a sua canoniza\u00e7\u00e3o em 11 de maio de 2007, pelo ent\u00e3o Papa Bento XVI, \u00e9 tradi\u00e7\u00e3o em Guaratinguet\u00e1 (SP), terra natal do primeiro santo brasileiro, a Novena, de 16\u00a0 a 24 de outubro, em prepara\u00e7\u00e3o para a Festa, no Santu\u00e1rio dedicado ao santo.<\/span><\/p>\n<p style=\"margin: 0cm; margin-bottom: .0001pt; text-align: justify;\">\n<p style=\"margin: 0cm; margin-bottom: .0001pt; text-align: justify;\"><span style=\"color: black;\">Como fiel, cidad\u00e3o de Guaratinguet\u00e1 e jornalista, acompanho e participo dessa devo\u00e7\u00e3o cheia hist\u00f3rias de f\u00e9, de vidas transformadas pelas virtudes que lhe deram a fama de santidade. Durante o processo de canoniza\u00e7\u00e3o de Frei Galv\u00e3o, Irm\u00e3 C\u00e9lia Cadorin, postuladora da sua causa, ressaltou como exemplo, dentre os documentos anexados, uma ata contempor\u00e2nea ao Santo, da C\u00e2mara de S\u00e3o Paulo, que diz: &#8220;Este homem \u00e9 precios\u00edssimo a toda esta cidade e vila da Capitania de S\u00e3o Paulo. \u00c9 um homem religioso e de prudente conselho. Todos acodem a fazer-lhe pedidos. \u00c9 um homem de paz e caridade&#8221;.<\/span><\/p>\n<p style=\"margin: 0cm; margin-bottom: .0001pt; text-align: justify;\">\n<p style=\"margin: 0cm; margin-bottom: .0001pt; text-align: justify;\"><span style=\"color: black;\">Al\u00e9m dos muitos milagres a ele atribu\u00eddos atrav\u00e9s das p\u00edlulas de papel arroz com uma breve ora\u00e7\u00e3o a Nossa Senhora, Frei Galv\u00e3o \u00e9 lembrado como um santo mission\u00e1rio franciscano, um santo para os nossos dias, que nos inspira a uma vida plena de virtudes e espiritualidade.<\/span><\/p>\n<p style=\"margin: 0cm; margin-bottom: .0001pt; text-align: justify;\">\n<p style=\"margin: 0cm; margin-bottom: .0001pt; text-align: justify;\"><span style=\"color: black;\">O primeiro santo brasileiro, na sua vida sacerdotal e mission\u00e1ria, abriu-se inteiramente ao Esp\u00edrito Santo, para que pudesse amar e servir \u00e0s pessoas mais necessitadas, enfermas, e especialmente, \u00e0s m\u00e3es em dificuldades no trabalho de parto.<\/span><\/p>\n<p style=\"margin: 0cm; margin-bottom: .0001pt; text-align: justify;\">\n<p style=\"margin: 0cm; margin-bottom: .0001pt; text-align: justify;\"><span style=\"color: black;\">Ele n\u00e3o colocou reservas nem barreiras para a a\u00e7\u00e3o do Esp\u00edrito em sua vida. Encarnou com muito ardor a mensagem que Francisco de Assis deixou aos seus seguidores: \u201cPreguem o Evangelho sempre\u2026 Se for necess\u00e1rio, usem as palavras\u201d.<\/span><\/p>\n<p style=\"margin: 0cm; margin-bottom: .0001pt; text-align: justify;\">\n<p style=\"margin: 0cm; margin-bottom: .0001pt; text-align: justify;\"><span style=\"color: black;\">Neste ano, a festa dedicada ao santo tem uma motiva\u00e7\u00e3o muito especial: ser\u00e1 a primeira sob a administra\u00e7\u00e3o e coordena\u00e7\u00e3o pastoral dos frades da Prov\u00edncia Franciscana da Imaculada Concei\u00e7\u00e3o do Brasil, com sede em S\u00e3o Paulo (SP). As festividades marcam tamb\u00e9m o in\u00edcio das obras do novo templo, com sistema vi\u00e1rio pavimentado e a implanta\u00e7\u00e3o do Parque Ambiental \u201cLaudato S\u00ec\u201d \u2013 uma \u00e1rea de 20 mil metros quadrados de reflorestamento, onde foram plantadas milhares de mudas de \u00e1rvores de esp\u00e9cies da Mata Atl\u00e2ntica.<\/span><\/p>\n<p style=\"margin: 0cm; margin-bottom: .0001pt; text-align: justify;\">\n<p style=\"margin: 0cm; margin-bottom: .0001pt; text-align: justify;\"><span style=\"color: black;\">Com o tema: \u201cFrei Galv\u00e3o e a Espiritualidade Franciscana, as ra\u00edzes da vida do primeiro santo brasileiro\u201d, os fi\u00e9is est\u00e3o sendo convidados a revisitar essa espiritualidade que impulsionou Frei Galv\u00e3o na viv\u00eancia do Evangelho, conforme seu pai fundador S\u00e3o Francisco de Assis, Patrono da Ecologia.<\/span><\/p>\n<p style=\"margin: 0cm; margin-bottom: .0001pt; text-align: justify;\">\n<p style=\"margin: 0cm; margin-bottom: .0001pt; text-align: justify;\"><span style=\"color: black;\">Concluo com a ora\u00e7\u00e3o a Frei Galv\u00e3o, tradicionalmente, rezada no final de cada dia da novena:<br \/>\n\u201cS\u00e3o Frei Galv\u00e3o, Deus fez em ti maravilhas e atrav\u00e9s de ti anunciou o Evangelho do amor, do acolhimento e da miseric\u00f3rdia para com os mais fracos e sofredores. Com o cora\u00e7\u00e3o agradecido por t\u00e3o grande Dom \u00e0 na\u00e7\u00e3o brasileira, n\u00f3s te pedimos: intercede por n\u00f3s junto a Deus para que possamos vivenciar na comunidade eclesial, os valores evang\u00e9licos que de modo t\u00e3o her\u00f3ico viveste. D\u00e1-nos a coragem e perseveran\u00e7a na f\u00e9 e abertura ao Esp\u00edrito Santo Deus, para que possamos ser sal da terra e luz do mundo. Am\u00e9m!\u201d <\/span><\/p>\n<p>&nbsp;<\/p>\n<p style=\"margin: 0cm; margin-bottom: .0001pt; text-align: justify;\"><span style=\"color: black;\"><b><i>*Jos\u00e9 Expedito da Silva<\/i><\/b><i> \u00e9 jornalista e apresentador do Jornal Caf\u00e9 da Manh\u00e3, pela R\u00e1dio Can\u00e7\u00e3o Nova.<\/i><\/span><\/p>\n","protected":false},"excerpt":{"rendered":"<p>*Jos\u00e9 Expedito A Igreja celebra, em 25 de outubro, a Festa de Santo Ant\u00f4nio de Sant\u2019Anna Galv\u00e3o, que na devo\u00e7\u00e3o popular \u00e9 conhecido como \u201cS\u00e3o Frei Galv\u00e3o\u201d. Desde a sua canoniza\u00e7\u00e3o em 11 de maio de 2007, pelo ent\u00e3o Papa Bento XVI, \u00e9 tradi\u00e7\u00e3o em Guaratinguet\u00e1 (SP), terra natal do primeiro santo brasileiro, a Novena, [&hellip;]<\/p>\n","protected":false},"author":1,"featured_media":55814,"comment_status":"open","ping_status":"closed","sticky":false,"template":"","format":"standard","meta":{"footnotes":""},"categories":[13],"tags":[],"class_list":["post-70746","post","type-post","status-publish","format-standard","has-post-thumbnail","hentry","category-featured"],"_links":{"self":[{"href":"https:\/\/catolicanet.net\/wp-cnet\/wp-json\/wp\/v2\/posts\/70746","targetHints":{"allow":["GET"]}}],"collection":[{"href":"https:\/\/catolicanet.net\/wp-cnet\/wp-json\/wp\/v2\/posts"}],"about":[{"href":"https:\/\/catolicanet.net\/wp-cnet\/wp-json\/wp\/v2\/types\/post"}],"author":[{"embeddable":true,"href":"https:\/\/catolicanet.net\/wp-cnet\/wp-json\/wp\/v2\/users\/1"}],"replies":[{"embeddable":true,"href":"https:\/\/catolicanet.net\/wp-cnet\/wp-json\/wp\/v2\/comments?post=70746"}],"version-history":[{"count":1,"href":"https:\/\/catolicanet.net\/wp-cnet\/wp-json\/wp\/v2\/posts\/70746\/revisions"}],"predecessor-version":[{"id":70748,"href":"https:\/\/catolicanet.net\/wp-cnet\/wp-json\/wp\/v2\/posts\/70746\/revisions\/70748"}],"wp:featuredmedia":[{"embeddable":true,"href":"https:\/\/catolicanet.net\/wp-cnet\/wp-json\/wp\/v2\/media\/55814"}],"wp:attachment":[{"href":"https:\/\/catolicanet.net\/wp-cnet\/wp-json\/wp\/v2\/media?parent=70746"}],"wp:term":[{"taxonomy":"category","embeddable":true,"href":"https:\/\/catolicanet.net\/wp-cnet\/wp-json\/wp\/v2\/categories?post=70746"},{"taxonomy":"post_tag","embeddable":true,"href":"https:\/\/catolicanet.net\/wp-cnet\/wp-json\/wp\/v2\/tags?post=70746"}],"curies":[{"name":"wp","href":"https:\/\/api.w.org\/{rel}","templated":true}]}}