{"id":70723,"date":"2021-10-19T09:29:31","date_gmt":"2021-10-19T12:29:31","guid":{"rendered":"https:\/\/catolicanet.net\/wp-cnet\/?p=70723"},"modified":"2021-10-19T12:40:06","modified_gmt":"2021-10-19T15:40:06","slug":"conheca-alguns-dos-finalistas-da-53a-edicao-dos-premios-de-comunicacao-da-cnbb","status":"publish","type":"post","link":"https:\/\/catolicanet.net\/wp-cnet\/conheca-alguns-dos-finalistas-da-53a-edicao-dos-premios-de-comunicacao-da-cnbb\/","title":{"rendered":"CONHE\u00c7A ALGUNS DOS FINALISTAS DA 53\u00aa EDI\u00c7\u00c3O DOS PR\u00caMIOS DE COMUNICA\u00c7\u00c3O DA CNBB"},"content":{"rendered":"<p style=\"text-align: justify;\">S\u00e3o 45 os finalistas da 53\u00aa edi\u00e7\u00e3o dos Pr\u00eamios de Comunica\u00e7\u00e3o da Confer\u00eancia Nacional dos Bispos do Brasil (CNBB) que participar\u00e3o,\u00a0<a href=\"https:\/\/www.cnbb.org.br\/tvs-de-inspiracao-catolica-irao-transmitir-cerimonia-de-entrega-dos-premios-de-comunicacao-da-cnbb\/\">de forma virtual, de um programa de televis\u00e3o din\u00e2mico, com produ\u00e7\u00e3o coordenada pela TV Pai Eterno<\/a>. O programa ser\u00e1 transmitido pelas emissoras de televis\u00e3o de inspira\u00e7\u00e3o cat\u00f3lica no dia 20 de outubro, quarta-feira. Na ocasi\u00e3o, ser\u00e1 feito o an\u00fancio dos 15 ganhadores da edi\u00e7\u00e3o.<\/p>\n<p style=\"text-align: justify;\">Conhe\u00e7a alguns dos finalistas:<\/p>\n<p style=\"text-align: justify;\"><strong>Coral dos Canarinhos \u2013<\/strong>\u00a0O Coral dos Canarinhos de Petr\u00f3polis \u00e9 um dos finalistas dos Pr\u00eamios de Comunica\u00e7\u00e3o. O coro mais antigo do pa\u00eds foi um dos escolhidos na categoria \u201cIniciativas em Redes Sociais\u201d, referente ao pr\u00eamio Dom Luciano Mendes de Almeida, com o Especial dos 78 anos do Coral dos Canarinhos de Petr\u00f3polis, que foi exibido pela TvFranciscanos da Prov\u00edncia da Imaculada Concei\u00e7\u00e3o do Brasil, em 15 de agosto de 2020.<\/p>\n<p style=\"text-align: justify;\">Em entrevista ao portal Di\u00e1rio de Petr\u00f3polis, frei Marcos Antonio de Andrade, presidente do Instituto dos Meninos Cantores (IMCP), n\u00e3o escondeu a alegria e o entusiasmo com a indica\u00e7\u00e3o. \u201cPela primeira vez somos indicados ao pr\u00eamio da CNBB em uma hist\u00f3ria de quase 80 anos de coro\u201d, frisou. \u201cSem d\u00favida, \u00e9 uma marco na hist\u00f3ria de evangeliza\u00e7\u00e3o dos frades menores franciscanos junto ao coral e indica que, mesmo em tempos de pandemia, onde tudo \u00e9 t\u00e3o incerto e desafiador, estamos trilhando o caminho certo\u201d, revelou.<\/p>\n<figure id=\"attachment_858045\" class=\"wp-caption aligncenter\" style=\"text-align: justify;\" aria-describedby=\"caption-attachment-858045\"><img loading=\"lazy\" decoding=\"async\" class=\"wp-image-858045 lazyloaded\" src=\"https:\/\/eadn-wc02-718006.nxedge.io\/cdn\/wp-content\/uploads\/2021\/10\/Coral-dos-Canarinhos.jpg\" sizes=\"auto, (max-width: 520px) 100vw, 520px\" srcset=\"https:\/\/eadn-wc02-718006.nxedge.io\/cdn\/wp-content\/uploads\/2021\/10\/Coral-dos-Canarinhos.jpg 654w, https:\/\/eadn-wc02-718006.nxedge.io\/cdn\/wp-content\/uploads\/2021\/10\/Coral-dos-Canarinhos-300x175.jpg 300w, https:\/\/eadn-wc02-718006.nxedge.io\/cdn\/wp-content\/uploads\/2021\/10\/Coral-dos-Canarinhos-500x291.jpg 500w\" alt=\"\" width=\"520\" height=\"303\" data-srcset=\"https:\/\/eadn-wc02-718006.nxedge.io\/cdn\/wp-content\/uploads\/2021\/10\/Coral-dos-Canarinhos.jpg 654w, https:\/\/eadn-wc02-718006.nxedge.io\/cdn\/wp-content\/uploads\/2021\/10\/Coral-dos-Canarinhos-300x175.jpg 300w, https:\/\/eadn-wc02-718006.nxedge.io\/cdn\/wp-content\/uploads\/2021\/10\/Coral-dos-Canarinhos-500x291.jpg 500w\" data-src=\"https:\/\/eadn-wc02-718006.nxedge.io\/cdn\/wp-content\/uploads\/2021\/10\/Coral-dos-Canarinhos.jpg\" data-sizes=\"(max-width: 520px) 100vw, 520px\" \/><figcaption id=\"caption-attachment-858045\" class=\"wp-caption-text\">Coral dos Canarinhos<\/figcaption><\/figure>\n<p style=\"text-align: justify;\">Para o regente do Coral dos Canarinhos, Marco Aur\u00e9lio Lischt, ser indicado a um pr\u00eamio \u00e9 sempre motivo de reconhecimento do trabalho, \u201cprincipalmente neste per\u00edodo dif\u00edcil em que estamos passando, mantendo nossos ensaios on-line e tamb\u00e9m outras aulas de m\u00fasica. Estamos muito lisonjeados\u201d, frisou.<\/p>\n<p style=\"text-align: justify;\">O Coral dos Canarinhos de Petr\u00f3polis \u00e9 um grupo que tem em sua primeira miss\u00e3o o servi\u00e7o \u00e0 Igreja Cat\u00f3lica. \u201cTermos esse reconhecimento pela CNBB \u00e9 motivo de muita satisfa\u00e7\u00e3o e orgulho de sermos m\u00fasicos sacros em um pa\u00eds onde h\u00e1 tantas dificuldades. Creio que somos mais \u00a0do que um coro de meninos e jovens. Somos uma institui\u00e7\u00e3o que educa e forma bons cidad\u00e3os, abrindo caminhos para que as novas gera\u00e7\u00f5es tenham melhores oportunidades na vida\u201d, destacou.<\/p>\n<figure id=\"attachment_858042\" class=\"wp-caption alignleft\" style=\"text-align: justify;\" aria-describedby=\"caption-attachment-858042\"><img loading=\"lazy\" decoding=\"async\" class=\"wp-image-858042 size-full lazyloaded\" src=\"https:\/\/eadn-wc02-718006.nxedge.io\/cdn\/wp-content\/uploads\/2021\/10\/Euipe-Serie.jpeg\" alt=\"\" width=\"138\" height=\"300\" data-src=\"https:\/\/eadn-wc02-718006.nxedge.io\/cdn\/wp-content\/uploads\/2021\/10\/Euipe-Serie.jpeg\" \/><figcaption id=\"caption-attachment-858042\" class=\"wp-caption-text\">Equipe de produ\u00e7\u00e3o da s\u00e9rie<\/figcaption><\/figure>\n<p style=\"text-align: justify;\"><strong>S\u00e9rie Meu Voto Importa \u2013<\/strong>\u00a0Produzida pelas assessorias de imprensa da CNBB, regional Sul 4, e da diocese de Joinville (SC), a s\u00e9rie com quatro v\u00eddeos no formato de anima\u00e7\u00e3o foi\u00a0 inspirada nas \u2018Orienta\u00e7\u00f5es dos bispos catarinenses para as elei\u00e7\u00f5es municipais de 2020\u2019. Os quatro v\u00eddeos concorrem na categoria Redes Sociais do Pr\u00eamio Dom Luciano Mendes de Almeida. Assinam a autoria e produ\u00e7\u00e3o: Carolina Oliveira (diocese de Joinville), Eduardo Schmitz (diocese de Joinville), Franklin Machado (CNBB Sul 4) e Tatiana Sabatke (diocese de Joinville).<\/p>\n<p style=\"text-align: justify;\">Assista e conhe\u00e7a os v\u00eddeos em uma playlist no canal do Youtube da CNBB Sul 4<a href=\"https:\/\/www.youtube.com\/playlist?list=PLFIQzdBoY0PE1ulY8pgPlqO6BAaUBeLjN\" target=\"_blank\" rel=\"noopener\">\u00a0(clicando aqui)<\/a>.<\/p>\n<figure id=\"attachment_858043\" class=\"wp-caption alignright\" style=\"text-align: justify;\" aria-describedby=\"caption-attachment-858043\"><img loading=\"lazy\" decoding=\"async\" class=\"wp-image-858043 size-full lazyloaded\" src=\"https:\/\/eadn-wc02-718006.nxedge.io\/cdn\/wp-content\/uploads\/2021\/10\/Angela-Bastos.jpg\" alt=\"\" width=\"150\" height=\"150\" data-src=\"https:\/\/eadn-wc02-718006.nxedge.io\/cdn\/wp-content\/uploads\/2021\/10\/Angela-Bastos.jpg\" \/><figcaption id=\"caption-attachment-858043\" class=\"wp-caption-text\">\u00c2ngela Bastos. Cr\u00e9dito: Acervo Pessoal\/\u00c2ngela Bastos<\/figcaption><\/figure>\n<p style=\"text-align: justify;\"><strong>O coronav\u00edrus e as veias abertas da Am\u00e9rica Latina \u2013\u00a0<\/strong>A mat\u00e9ria publicada no jornal Di\u00e1rio Catarinense do Grupo NSC Comunica\u00e7\u00e3o com o t\u00edtulo \u201cPandemia: O coronav\u00edrus e as veias abertas da Am\u00e9rica Latina\u201d foi escrita pela jornalista \u00c2ngela Bastos e concorre na categoria revista do Pr\u00eamio Dom Helder C\u00e2mara.<\/p>\n<p style=\"text-align: justify;\">Na reportagem, jornalistas latino-americanos contam a situa\u00e7\u00e3o em seus pa\u00edses de combate ao Covid-19. Para ler na \u00edntegra (<a href=\"https:\/\/www.nsctotal.com.br\/noticias\/pandemia-o-coronavirus-e-as-veias-abertas-da-america-latina#_=_\" target=\"_blank\" rel=\"noopener\">clique aqui<\/a>).<\/p>\n<p style=\"text-align: justify;\">A jornalista\u00a0\u00c2ngela Bastos\u00a0j\u00e1 foi finalista dos Pr\u00eamios de Comunica\u00e7\u00e3o da CNBB. Em 2018 foi a vencedora, tamb\u00e9m do Pr\u00eamio Dom Helder de Barros C\u00e2mara, com a reportagem \u201cSozinhas \u2013 A hist\u00f3ria das mulheres que sofrem viol\u00eancia no campo\u201d.<\/p>\n<figure id=\"attachment_858044\" class=\"wp-caption alignleft\" style=\"text-align: justify;\" aria-describedby=\"caption-attachment-858044\"><img loading=\"lazy\" decoding=\"async\" class=\"wp-image-858044 size-full lazyloaded\" src=\"https:\/\/eadn-wc02-718006.nxedge.io\/cdn\/wp-content\/uploads\/2021\/10\/Gustavo.jpg\" alt=\"\" width=\"150\" height=\"150\" data-src=\"https:\/\/eadn-wc02-718006.nxedge.io\/cdn\/wp-content\/uploads\/2021\/10\/Gustavo.jpg\" \/><figcaption id=\"caption-attachment-858044\" class=\"wp-caption-text\">Gustavo Huguenin. Cr\u00e9dito: Acervo Pessoal\/Gustavo Huguenin<\/figcaption><\/figure>\n<p style=\"text-align: justify;\"><strong>Online com os santos \u2013\u00a0<\/strong>Concorrendo na categoria aplicativos do Pr\u00eamio Dom Luciano Mendes de Almeida est\u00e1 o \u2018Online com os santos\u2019 do projeto Tuitando com Deus. O aplicativo tem o intuito de oferecer um encontro virtual com mais de 100 santos de todo o mundo. Entre os envolvidos com o planejamento do aplicativo est\u00e1\u00a0Gustavo Huguenin, morador de Florian\u00f3polis (SC).<\/p>\n<p style=\"text-align: justify;\">Gustavo \u00e9 o coordenador de comunica\u00e7\u00e3o do projeto al\u00e9m de ser respons\u00e1vel pela cria\u00e7\u00e3o das ilustra\u00e7\u00f5es e v\u00eddeos animados dos santos. Saiba mais sobre o aplicativo (<a href=\"https:\/\/www.onlinewithsaints.com\/pt-pt\" target=\"_blank\" rel=\"noopener\">clicando aqui<\/a>).<\/p>\n<p style=\"text-align: justify;\"><strong>Relat\u00f3rio do SJMR \u2013\u00a0<\/strong>O Relat\u00f3rio anual (2020) do Servi\u00e7o Jesu\u00edta a Migrantes e Refugiados \u00e9 um dos tr\u00eas finalistas dos Pr\u00eamios, na categoria Revista.<\/p>\n<p style=\"text-align: justify;\">O documento apresenta dados, informa\u00e7\u00f5es, recortes dos atendimentos e um detalhamento dos projetos e a\u00e7\u00f5es que foram desenvolvidos, no \u00faltimo ano, nos cinco escrit\u00f3rios do SJMR no pa\u00eds: Bras\u00edlia (DF), Belo Horizonte (MG), Boa Vista (RR), Manaus (AM) e Porto Alegre (RS). Aacesse o\u00a0<a href=\"https:\/\/sjmrbrasil.org\/wp-content\/uploads\/2020\/09\/livro-relatorio-anual-sjmr-2020-web.pdf\" target=\"_blank\" rel=\"noopener\">relat\u00f3rio<\/a>.<\/p>\n<figure id=\"attachment_858046\" class=\"wp-caption alignright\" style=\"text-align: justify;\" aria-describedby=\"caption-attachment-858046\"><img loading=\"lazy\" decoding=\"async\" class=\"wp-image-858046 lazyloaded\" src=\"https:\/\/eadn-wc02-718006.nxedge.io\/cdn\/wp-content\/uploads\/2021\/10\/Virginia.jpeg\" sizes=\"auto, (max-width: 361px) 100vw, 361px\" srcset=\"https:\/\/eadn-wc02-718006.nxedge.io\/cdn\/wp-content\/uploads\/2021\/10\/Virginia.jpeg 640w, https:\/\/eadn-wc02-718006.nxedge.io\/cdn\/wp-content\/uploads\/2021\/10\/Virginia-300x225.jpeg 300w, https:\/\/eadn-wc02-718006.nxedge.io\/cdn\/wp-content\/uploads\/2021\/10\/Virginia-500x375.jpeg 500w\" alt=\"\" width=\"361\" height=\"271\" data-srcset=\"https:\/\/eadn-wc02-718006.nxedge.io\/cdn\/wp-content\/uploads\/2021\/10\/Virginia.jpeg 640w, https:\/\/eadn-wc02-718006.nxedge.io\/cdn\/wp-content\/uploads\/2021\/10\/Virginia-300x225.jpeg 300w, https:\/\/eadn-wc02-718006.nxedge.io\/cdn\/wp-content\/uploads\/2021\/10\/Virginia-500x375.jpeg 500w\" data-src=\"https:\/\/eadn-wc02-718006.nxedge.io\/cdn\/wp-content\/uploads\/2021\/10\/Virginia.jpeg\" data-sizes=\"(max-width: 361px) 100vw, 361px\" \/><figcaption id=\"caption-attachment-858046\" class=\"wp-caption-text\">Virg\u00ednia Diniz<\/figcaption><\/figure>\n<p style=\"text-align: justify;\"><strong>Catolicismo midi\u00e1tico, juventude e testemunho: uma an\u00e1lise do Programa PHN da TV Can\u00e7\u00e3o Nova \u2013<\/strong>\u00a0A estudante Virgin\u00eda Diniz, egressa do curso de Comunica\u00e7\u00e3o Social da Universidade Federal do Maranh\u00e3o (UFMA) \u00e9 uma das tr\u00eas finalistas, na categoria Papa Francisco. O trabalho \u00e9 resultado de pesquisas que a autora desenvolve desde 2009, com o TCC apresentado \u00e0 UFMA e cujos desdobramentos seguiram no Grupo de Pesquisa em Audiovisual na Converg\u00eancia (G-PEAC), at\u00e9 o mestrado.<\/p>\n<p style=\"text-align: justify;\">Membro do movimento Renova\u00e7\u00e3o Carism\u00e1tica Cat\u00f3lica (RCC), ex-integrante da Comiss\u00e3o Nacional de Comunica\u00e7\u00e3o da RCC Brasil (2016-2021) e atualmente respons\u00e1vel pela Comunica\u00e7\u00e3o no Centro de Estudos Renova\u00e7\u00e3o no Esp\u00edrito (CERNE), institui\u00e7\u00e3o de estudos teol\u00f3gicos sobre Pneumatologia, Virginia foi convidada, em 2020, a colaborar com o site\u00a0<a class=\"external-link\" title=\"\" href=\"https:\/\/midiareligiaoesociedade.com.br\/\" target=\"_blank\" rel=\"noopener\" data-tippreview-enabled=\"false\" data-tippreview-image=\"\" data-tippreview-title=\"\" data-tippreview-=\"\">M\u00eddia, Religi\u00e3o e Sociedade<\/a>\u00a0e atualmente \u00e9 doutoranda na Unisinos, onde possui um projeto de tese sobre Midiatiza\u00e7\u00e3o do Catolicismo em per\u00edodos de distanciamento social, em virtude da Covid-19 no regional Nordeste V da CNBB.<\/p>\n<p style=\"text-align: justify;\">\u201cSinto-me feliz em estar entre os finalistas de um pr\u00eamio t\u00e3o importante para a Comunica\u00e7\u00e3o na Igreja do Brasil e da Am\u00e9rica Latina. Significa muito mais do que um t\u00edtulo ou uma premia\u00e7\u00e3o simplesmente, mas alimenta nossa vontade de colaborar com a ci\u00eancia e o bem comum atrav\u00e9s do nosso empenho intelectual e de nossa f\u00e9. Divido a honra de estar entre as finalistas, junto com a amiga Andreia Gripp e com o pesquisador Marco Tulio, respons\u00e1vel pelo site M\u00eddia, Sociedade e Religi\u00e3o, que concorre com sua tese onde estudou a Midiatiza\u00e7\u00e3o entre os peregrinos no Caminho de S\u00e3o Tiago de Compostela\u201d, afirmou Virg\u00ednia Diniz.<\/p>\n<pre>Com informa\u00e7\u00f5es do regional Sul 4 e Di\u00e1rio de Petr\u00f3polis<\/pre>\n","protected":false},"excerpt":{"rendered":"<p>S\u00e3o 45 os finalistas da 53\u00aa edi\u00e7\u00e3o dos Pr\u00eamios de Comunica\u00e7\u00e3o da Confer\u00eancia Nacional dos Bispos do Brasil (CNBB) que participar\u00e3o,\u00a0de forma virtual, de um programa de televis\u00e3o din\u00e2mico, com produ\u00e7\u00e3o coordenada pela TV Pai Eterno. O programa ser\u00e1 transmitido pelas emissoras de televis\u00e3o de inspira\u00e7\u00e3o cat\u00f3lica no dia 20 de outubro, quarta-feira. Na ocasi\u00e3o, [&hellip;]<\/p>\n","protected":false},"author":1,"featured_media":70724,"comment_status":"open","ping_status":"closed","sticky":false,"template":"","format":"standard","meta":{"footnotes":""},"categories":[7],"tags":[],"class_list":["post-70723","post","type-post","status-publish","format-standard","has-post-thumbnail","hentry","category-cnbb"],"_links":{"self":[{"href":"https:\/\/catolicanet.net\/wp-cnet\/wp-json\/wp\/v2\/posts\/70723","targetHints":{"allow":["GET"]}}],"collection":[{"href":"https:\/\/catolicanet.net\/wp-cnet\/wp-json\/wp\/v2\/posts"}],"about":[{"href":"https:\/\/catolicanet.net\/wp-cnet\/wp-json\/wp\/v2\/types\/post"}],"author":[{"embeddable":true,"href":"https:\/\/catolicanet.net\/wp-cnet\/wp-json\/wp\/v2\/users\/1"}],"replies":[{"embeddable":true,"href":"https:\/\/catolicanet.net\/wp-cnet\/wp-json\/wp\/v2\/comments?post=70723"}],"version-history":[{"count":1,"href":"https:\/\/catolicanet.net\/wp-cnet\/wp-json\/wp\/v2\/posts\/70723\/revisions"}],"predecessor-version":[{"id":70725,"href":"https:\/\/catolicanet.net\/wp-cnet\/wp-json\/wp\/v2\/posts\/70723\/revisions\/70725"}],"wp:featuredmedia":[{"embeddable":true,"href":"https:\/\/catolicanet.net\/wp-cnet\/wp-json\/wp\/v2\/media\/70724"}],"wp:attachment":[{"href":"https:\/\/catolicanet.net\/wp-cnet\/wp-json\/wp\/v2\/media?parent=70723"}],"wp:term":[{"taxonomy":"category","embeddable":true,"href":"https:\/\/catolicanet.net\/wp-cnet\/wp-json\/wp\/v2\/categories?post=70723"},{"taxonomy":"post_tag","embeddable":true,"href":"https:\/\/catolicanet.net\/wp-cnet\/wp-json\/wp\/v2\/tags?post=70723"}],"curies":[{"name":"wp","href":"https:\/\/api.w.org\/{rel}","templated":true}]}}