{"id":70720,"date":"2021-10-19T09:27:22","date_gmt":"2021-10-19T12:27:22","guid":{"rendered":"https:\/\/catolicanet.net\/wp-cnet\/?p=70720"},"modified":"2021-10-19T12:28:39","modified_gmt":"2021-10-19T15:28:39","slug":"grupo-de-assessores-da-cnbb-aprofunda-o-processo-do-sinodo-2023-tendo-em-vista-sua-missao-pastoral","status":"publish","type":"post","link":"https:\/\/catolicanet.net\/wp-cnet\/grupo-de-assessores-da-cnbb-aprofunda-o-processo-do-sinodo-2023-tendo-em-vista-sua-missao-pastoral\/","title":{"rendered":"GRUPO DE ASSESSORES DA CNBB APROFUNDA O PROCESSO DO S\u00cdNODO 2023 TENDO EM VISTA SUA MISS\u00c3O PASTORAL"},"content":{"rendered":"<div class=\"elementor-element elementor-element-3a087bd2 elementor-widget elementor-widget-theme-post-content\" data-id=\"3a087bd2\" data-element_type=\"widget\" data-widget_type=\"theme-post-content.default\">\n<div class=\"elementor-widget-container\">\n<p style=\"text-align: justify;\">Os assessores das Comiss\u00f5es Episcopais Pastorais da Confer\u00eancia Nacional dos Bispos do Brasil (CNBB) se reuniram na manh\u00e3 desta ter\u00e7a-feira, 19 de outubro, virtualmente, para mais uma reuni\u00e3o ordin\u00e1ria. O encontro contou ainda com a presen\u00e7a das secret\u00e1rias e secret\u00e1rios executivos dos 19 Regionais da CNBB.<\/p>\n<p style=\"text-align: justify;\">Tratou-se, segundo o secret\u00e1rio adjunto de Pastoral da CNBB, padre Marcus Barbosa Guimar\u00e3es, de um encontro com car\u00e1ter mais de estudo do Grupo de Assessores com o foco na reflex\u00e3o sobre a XVI Assembleia Geral do S\u00ednodo dos Bispos e no Documento Preparat\u00f3rio e do Vade mecum para o S\u00ednodo 2023, cujo tema: \u201cPor uma Igreja Sinodal: comunh\u00e3o, participa\u00e7\u00e3o e miss\u00e3o\u201d.<\/p>\n<p style=\"text-align: justify;\">O grupo mesmo se desafiou a estudar os documentos a partir de algumas perguntas orientadoras ao inv\u00e9s de convidar um especialista no assunto. Os participantes foram motivados a refletir sobre a seguintes perguntas: Segundo sua compreens\u00e3o, quais seriam as tr\u00eas principais ideias constantes do Documento Preparat\u00f3rio? Por que voc\u00ea destaca esses aspectos? O que h\u00e1 neles de t\u00e3o importante? Quais os aspectos de conte\u00fado que merecem nossa aten\u00e7\u00e3o para que a reflex\u00e3o avance? Quais s\u00e3o os pontos controversos, n\u00e3o un\u00edvocos, pouco claros, sobre os quais precisamos dedicar mais aten\u00e7\u00e3o?\u00a0Que indica\u00e7\u00f5es podemos recolher para a nossa miss\u00e3o como Equipe de Anima\u00e7\u00e3o Nacional?<\/p>\n<h3 style=\"text-align: justify;\">Sintonia com a caminhada a Igreja<\/h3>\n<p style=\"text-align: justify;\">De acordo com o padre Marcus conhecer bem o conte\u00fado e a proposta do S\u00ednodo 2023 \u00e9 fundamental para a miss\u00e3o dos assessores e assessoras das comiss\u00f5es episcopais de pastoral da CNBB. \u201cHoje procuramos nos debru\u00e7ar, com profundidade, no Documento Preparat\u00f3rio e no Vade mecum Ecum\u00eanico do S\u00ednodo 2023 para estarmos numa maior sintonia com a caminhada da Igreja e oferecermos nossos frutos de comunh\u00e3o, participa\u00e7\u00e3o e miss\u00e3o para uma Igreja Sinodal\u201d, disse.<\/p>\n<p style=\"text-align: justify;\">Segundo o assessor da Comiss\u00e3o Episcopal Pastoral para os Minist\u00e9rios Ordenados e a Vida Consagrada da CNBB, padre Juarez Albino Destro, reuni\u00f5es formativas e de partilha de estudos s\u00e3o fundamentais para que os diversos servi\u00e7os dos assessores, de diferentes comiss\u00f5es e organismos, sejam realizados \u201cem conjunto\u201d, interligados, garantindo maior efici\u00eancia na evangeliza\u00e7\u00e3o como um todo. \u201cEstas reuni\u00f5es fortalecem a miss\u00e3o e, ao mesmo tempo, os pr\u00f3prios assessores, cientes de que\u00a0 formamos um time\u201d, avaliou.<\/p>\n<p style=\"text-align: justify;\">A assessora da Comiss\u00e3o Episcopal Pastoral para a A\u00e7\u00e3o Mission\u00e1ria e Coopera\u00e7\u00e3o Intereclesial da CNBB, irm\u00e3 Sandra Regina Amada destacou o car\u00e1ter especial desta reuni\u00e3o com a inclus\u00e3o dos secret\u00e1rios-executivos dos 19 regionais da CNBB e de alguns coordenadores de pastorais de dioceses para o estudo do processo sinodal.\u00a0\u201c\u00c9 sempre bom ouvir e partilhar das contribui\u00e7\u00f5es sobre a reflex\u00e3o do processo sinodal nas v\u00e1rias regi\u00f5es da Igreja do Brasil dentro do processo sinodal que a Igreja universal j\u00e1 iniciou\u201d, avaliou.<\/p>\n<blockquote><p>A religiosa avalia que os documentos preparat\u00f3rios refor\u00e7am o S\u00ednodo como um processo participativo, um caminho sinodal que \u00e9 parte constitutiva da identidade da Igreja. \u201cO S\u00ednodo \u00e9 um grande evento eclesial mission\u00e1rio na hist\u00f3ria da Igreja aberto \u00e0 condu\u00e7\u00e3o pela a\u00e7\u00e3o do Esp\u00edrito Santo que aponta para uma necessidade vital de abertura e escuta\u201d, disse.<\/p><\/blockquote>\n<p style=\"text-align: justify;\">Para a irm\u00e3 Sandra, as palavras que resumem este evento sinodal a partir da miss\u00e3o s\u00e3o proximidade, sensibilidade e convers\u00e3o. \u201cO caminho Sinodal para ser relevante exige inclus\u00e3o de todas as inst\u00e2ncias da vida eclesial e da sociedade em geral. Ent\u00e3o o estilo sinodal deve ser compreendido e assumido por toda a Igreja em sa\u00edda para que realmente seja relevante no hoje da nossa humanidade\u201d, aponta.<\/p>\n<p style=\"text-align: justify;\"><img loading=\"lazy\" decoding=\"async\" class=\"aligncenter size-full wp-image-858112 lazyloaded\" src=\"https:\/\/eadn-wc02-718006.nxedge.io\/cdn\/wp-content\/uploads\/2021\/10\/Reuniao-GA-outubr-2021.jpg\" sizes=\"auto, (max-width: 940px) 100vw, 940px\" srcset=\"https:\/\/eadn-wc02-718006.nxedge.io\/cdn\/wp-content\/uploads\/2021\/10\/Reuniao-GA-outubr-2021.jpg 940w, https:\/\/eadn-wc02-718006.nxedge.io\/cdn\/wp-content\/uploads\/2021\/10\/Reuniao-GA-outubr-2021-300x176.jpg 300w, https:\/\/eadn-wc02-718006.nxedge.io\/cdn\/wp-content\/uploads\/2021\/10\/Reuniao-GA-outubr-2021-768x451.jpg 768w, https:\/\/eadn-wc02-718006.nxedge.io\/cdn\/wp-content\/uploads\/2021\/10\/Reuniao-GA-outubr-2021-500x294.jpg 500w\" alt=\"\" width=\"940\" height=\"552\" data-srcset=\"https:\/\/eadn-wc02-718006.nxedge.io\/cdn\/wp-content\/uploads\/2021\/10\/Reuniao-GA-outubr-2021.jpg 940w, https:\/\/eadn-wc02-718006.nxedge.io\/cdn\/wp-content\/uploads\/2021\/10\/Reuniao-GA-outubr-2021-300x176.jpg 300w, https:\/\/eadn-wc02-718006.nxedge.io\/cdn\/wp-content\/uploads\/2021\/10\/Reuniao-GA-outubr-2021-768x451.jpg 768w, https:\/\/eadn-wc02-718006.nxedge.io\/cdn\/wp-content\/uploads\/2021\/10\/Reuniao-GA-outubr-2021-500x294.jpg 500w\" data-src=\"https:\/\/eadn-wc02-718006.nxedge.io\/cdn\/wp-content\/uploads\/2021\/10\/Reuniao-GA-outubr-2021.jpg\" data-sizes=\"(max-width: 940px) 100vw, 940px\" \/><\/p>\n<\/div>\n<\/div>\n","protected":false},"excerpt":{"rendered":"<p>Os assessores das Comiss\u00f5es Episcopais Pastorais da Confer\u00eancia Nacional dos Bispos do Brasil (CNBB) se reuniram na manh\u00e3 desta ter\u00e7a-feira, 19 de outubro, virtualmente, para mais uma reuni\u00e3o ordin\u00e1ria. O encontro contou ainda com a presen\u00e7a das secret\u00e1rias e secret\u00e1rios executivos dos 19 Regionais da CNBB. Tratou-se, segundo o secret\u00e1rio adjunto de Pastoral da CNBB, [&hellip;]<\/p>\n","protected":false},"author":1,"featured_media":70721,"comment_status":"open","ping_status":"closed","sticky":false,"template":"","format":"standard","meta":{"footnotes":""},"categories":[7,13],"tags":[],"class_list":["post-70720","post","type-post","status-publish","format-standard","has-post-thumbnail","hentry","category-cnbb","category-featured"],"_links":{"self":[{"href":"https:\/\/catolicanet.net\/wp-cnet\/wp-json\/wp\/v2\/posts\/70720","targetHints":{"allow":["GET"]}}],"collection":[{"href":"https:\/\/catolicanet.net\/wp-cnet\/wp-json\/wp\/v2\/posts"}],"about":[{"href":"https:\/\/catolicanet.net\/wp-cnet\/wp-json\/wp\/v2\/types\/post"}],"author":[{"embeddable":true,"href":"https:\/\/catolicanet.net\/wp-cnet\/wp-json\/wp\/v2\/users\/1"}],"replies":[{"embeddable":true,"href":"https:\/\/catolicanet.net\/wp-cnet\/wp-json\/wp\/v2\/comments?post=70720"}],"version-history":[{"count":1,"href":"https:\/\/catolicanet.net\/wp-cnet\/wp-json\/wp\/v2\/posts\/70720\/revisions"}],"predecessor-version":[{"id":70722,"href":"https:\/\/catolicanet.net\/wp-cnet\/wp-json\/wp\/v2\/posts\/70720\/revisions\/70722"}],"wp:featuredmedia":[{"embeddable":true,"href":"https:\/\/catolicanet.net\/wp-cnet\/wp-json\/wp\/v2\/media\/70721"}],"wp:attachment":[{"href":"https:\/\/catolicanet.net\/wp-cnet\/wp-json\/wp\/v2\/media?parent=70720"}],"wp:term":[{"taxonomy":"category","embeddable":true,"href":"https:\/\/catolicanet.net\/wp-cnet\/wp-json\/wp\/v2\/categories?post=70720"},{"taxonomy":"post_tag","embeddable":true,"href":"https:\/\/catolicanet.net\/wp-cnet\/wp-json\/wp\/v2\/tags?post=70720"}],"curies":[{"name":"wp","href":"https:\/\/api.w.org\/{rel}","templated":true}]}}