{"id":70707,"date":"2021-10-19T09:03:45","date_gmt":"2021-10-19T12:03:45","guid":{"rendered":"https:\/\/catolicanet.net\/wp-cnet\/?p=70707"},"modified":"2021-10-19T12:10:57","modified_gmt":"2021-10-19T15:10:57","slug":"oscar-prada-sinodo-abrir-a-mente-para-deixar-que-as-novas-ideias-sejam-realizadas","status":"publish","type":"post","link":"https:\/\/catolicanet.net\/wp-cnet\/oscar-prada-sinodo-abrir-a-mente-para-deixar-que-as-novas-ideias-sejam-realizadas\/","title":{"rendered":"Oscar Prada, S\u00ednodo: abrir a mente para deixar que as novas ideias sejam realizadas"},"content":{"rendered":"<div class=\"article__subTitle\" style=\"text-align: justify;\">Convidado para participar da Comiss\u00e3o dos Meios de Comunica\u00e7\u00e3o do S\u00ednodo dos Bispos que est\u00e1 iniciando, Oscar Elizalde Prada, assessor do centro para a comunica\u00e7\u00e3o do CELAM, Conselho Episcopal Latino-americano falando \u00e0 R\u00e1dio Vaticano \u2013 Vatican News.<\/div>\n<div class=\"title__separator\" style=\"text-align: justify;\"><\/div>\n<div class=\"article__text \">\n<p style=\"text-align: justify;\"><b>Silvonei Jos\u00e9 \u2013 Vatican News<\/b><\/p>\n<p style=\"text-align: justify;\"><b>Oscar<\/b>\u00a0Elizalde\u00a0<b>Prada<\/b>, assessor do centro para a comunica\u00e7\u00e3o do CELAM, Conselho Episcopal Latino-americano falando \u00e0 R\u00e1dio Vaticano \u2013 Vatican News, disse que \u201cuma primeira grande aprendizagem que conseguimos nestes dias da abertura do S\u00ednodo foi o convite que o Papa Francisco fez na missa de abertura do S\u00ednodo, no dia 10 de outubro. Ele falou de tr\u00eas grandes elementos fundamentais para o processo sinodal\u201d. Uma a quest\u00e3o do encontro, &#8211; disse ele -, a Igreja que quer fazer a arte do encontro esta convidada a fortalecer todas as media\u00e7\u00f5es que ajudem o encontro. Depois, salientou, a import\u00e2ncia da escuta, \u201ca escuta entre todos n\u00f3s como povo de Deus, mas tamb\u00e9m a escuta do que o Esp\u00edrito est\u00e1 pedindo para a Igreja de hoje\u201d. E uma terceira grande insist\u00eancia do Papa tem sido a quest\u00e3o do dissernimento, dissernir comunitariamente, quais s\u00e3o os novos caminhos que a Igreja tem que percorrer.<\/p>\n<div style=\"text-align: justify;\">\n<div class=\"article__embed article__embed--unwrap article__embed--dark\">\n<div class=\"article__innerTitle\">Ou\u00e7a e compartilhe<\/div>\n<\/div>\n<\/div>\n<p style=\"text-align: justify;\">O Papa tamb\u00e9m falou no primeiro dia, no ato de inaugura\u00e7\u00e3o, s\u00e1bado 9 de outubro, &#8211; destacou ainda Oscar \u2013 \u201cele falou de tr\u00eas riscos, tr\u00eas situa\u00e7\u00f5es que podem colocar em perigo o caminho sinodal. De um lado o risco do formalismo, ou seja deixar todas as a\u00e7\u00f5es do S\u00ednodo como uma situa\u00e7\u00e3o social de reuni\u00f5es, mas que n\u00e3o v\u00e3o al\u00e9m disso. Outro grande risco \u00e9 a quest\u00e3o do intelectualismo, ou seja, falar do S\u00ednodo, teorizar o S\u00ednodo, mas n\u00e3o fazer nada na pr\u00e1tica. N\u00e3o \u00e9 falar por falar, mas fazer muito mais do que isso, mas sim levar para a praxis tudo o que o S\u00ednodo est\u00e1 tentado fazer. E uma outra quest\u00e3o \u00e9 a do assunto do imobilismo. Acho que \u00e9 um dos maiores desafios, porque n\u00e3o podemos pensar que sempre tem sido feito assim. Ent\u00e3o mais do que isso \u00e9 abrir a mente para tamb\u00e9m deixar que as novas ideias, as novas propostas tamb\u00e9m sejam realizadas\u201d.<\/p>\n<p style=\"text-align: justify;\">Falando sobre o CELAM e os projetos para o futuro Oscar disse que o CELAM est\u00e1 fazendo um trabalho interessante neste sentido sinodal, a partir do processo da Assembleia Eclesial da Am\u00e9rica Latina e Caribe. \u201cUma Assembelia que j\u00e1 estamos chegando \u00e0 fase da celebra\u00e7\u00e3o da Assembleia no m\u00eas de novembro de 21 a 28\u201d. A Assembleia \u2013 destacou &#8211; tem feito tamb\u00e9m uma s\u00e9rie de escuta muito parecida com o que agora o S\u00ednodo est\u00e1 motivando. O assessor do CELAM disse que a Assembleia vai tamb\u00e9m tentar apresentar no final deste processo quais s\u00e3o os novos caminhos que a Igreja latino-americana precisa realizar para que todos sejamos mission\u00e1rios, disc\u00edpulos mission\u00e1rios em sa\u00edda. \u201cO Papa tem pedido tamb\u00e9m ao CELAM que mantenha a mem\u00f3ria e que aproveite muito o que prop\u00f5e a Confer\u00eancia de Aparecida de 2007, atualizar e levar \u00e0 pr\u00e1tica o que Aparecida est\u00e1 pedindo\u201d.<\/p>\n<\/div>\n","protected":false},"excerpt":{"rendered":"<p>Convidado para participar da Comiss\u00e3o dos Meios de Comunica\u00e7\u00e3o do S\u00ednodo dos Bispos que est\u00e1 iniciando, Oscar Elizalde Prada, assessor do centro para a comunica\u00e7\u00e3o do CELAM, Conselho Episcopal Latino-americano falando \u00e0 R\u00e1dio Vaticano \u2013 Vatican News. Silvonei Jos\u00e9 \u2013 Vatican News Oscar\u00a0Elizalde\u00a0Prada, assessor do centro para a comunica\u00e7\u00e3o do CELAM, Conselho Episcopal Latino-americano falando [&hellip;]<\/p>\n","protected":false},"author":1,"featured_media":70708,"comment_status":"open","ping_status":"closed","sticky":false,"template":"","format":"standard","meta":{"footnotes":""},"categories":[13,3],"tags":[],"class_list":["post-70707","post","type-post","status-publish","format-standard","has-post-thumbnail","hentry","category-featured","category-vaticano"],"_links":{"self":[{"href":"https:\/\/catolicanet.net\/wp-cnet\/wp-json\/wp\/v2\/posts\/70707","targetHints":{"allow":["GET"]}}],"collection":[{"href":"https:\/\/catolicanet.net\/wp-cnet\/wp-json\/wp\/v2\/posts"}],"about":[{"href":"https:\/\/catolicanet.net\/wp-cnet\/wp-json\/wp\/v2\/types\/post"}],"author":[{"embeddable":true,"href":"https:\/\/catolicanet.net\/wp-cnet\/wp-json\/wp\/v2\/users\/1"}],"replies":[{"embeddable":true,"href":"https:\/\/catolicanet.net\/wp-cnet\/wp-json\/wp\/v2\/comments?post=70707"}],"version-history":[{"count":1,"href":"https:\/\/catolicanet.net\/wp-cnet\/wp-json\/wp\/v2\/posts\/70707\/revisions"}],"predecessor-version":[{"id":70709,"href":"https:\/\/catolicanet.net\/wp-cnet\/wp-json\/wp\/v2\/posts\/70707\/revisions\/70709"}],"wp:featuredmedia":[{"embeddable":true,"href":"https:\/\/catolicanet.net\/wp-cnet\/wp-json\/wp\/v2\/media\/70708"}],"wp:attachment":[{"href":"https:\/\/catolicanet.net\/wp-cnet\/wp-json\/wp\/v2\/media?parent=70707"}],"wp:term":[{"taxonomy":"category","embeddable":true,"href":"https:\/\/catolicanet.net\/wp-cnet\/wp-json\/wp\/v2\/categories?post=70707"},{"taxonomy":"post_tag","embeddable":true,"href":"https:\/\/catolicanet.net\/wp-cnet\/wp-json\/wp\/v2\/tags?post=70707"}],"curies":[{"name":"wp","href":"https:\/\/api.w.org\/{rel}","templated":true}]}}