{"id":70705,"date":"2021-10-17T09:47:09","date_gmt":"2021-10-17T12:47:09","guid":{"rendered":"https:\/\/catolicanet.net\/wp-cnet\/?p=70705"},"modified":"2021-10-18T13:48:31","modified_gmt":"2021-10-18T16:48:31","slug":"xxix-domingo-do-tempo-comum-2","status":"publish","type":"post","link":"https:\/\/catolicanet.net\/wp-cnet\/xxix-domingo-do-tempo-comum-2\/","title":{"rendered":"XXIX DOMINGO DO TEMPO COMUM"},"content":{"rendered":"<p style=\"text-align: center;\"><em>\u201cPorque o Filho do Homem n\u00e3o veio para ser servido, mas para servir e dar a sua vida como resgate para muitos\u201d. (cf. Mc 10,45)<\/em><\/p>\n<p style=\"text-align: justify;\">A Liturgia do XXIX Domingo do Tempo Comum, nos insere no contexto do servi\u00e7o, onde aquele que quer ser o primeiro, seja o primeiro a servir, atrav\u00e9s do amor, da humildade e da caridade. Ou seja, vai ao contr\u00e1rio da l\u00f3gica do mundo, em que para ser o primeiro necessita de poder e grandeza, afinal o pr\u00f3prio Cristo nos deu o exemplo do servi\u00e7o aos mais necessitados.<\/p>\n<p style=\"text-align: justify;\">A Primeira Leitura extra\u00edda do Livro do Profeta Isa\u00edas <em>(Is 53,10-11), <\/em>nos relata a figura do <em>Servo Sofredor, <\/em>aquele que \u00e9 desprezado, humilhado e carregador das dores dos homens, em que este mesmo Servo \u00e9 o que trar\u00e1 a liberdade e a vida nova a todos os homens, pois \u201c<em>por esta vida de sofrimento, alcan\u00e7ar\u00e1 luz e uma ci\u00eancia perfeita. Meu Servo, o justo, far\u00e1 justos in\u00fameros homens, carregando sobre si suas culpas\u201d (cf. Is 53,11).<\/em><\/p>\n<p style=\"text-align: justify;\">O Evangelho de Marcos <em>(Mc 10,35-45), <\/em>Jesus enfatiza aos seus disc\u00edpulos a import\u00e2ncia de vivenciar sua vida voltada para o amor e ao servi\u00e7o do pr\u00f3ximo, condenando a ambi\u00e7\u00e3o pelo poder, vangloria e grandeza, pois estes s\u00e3o pilares para escravid\u00e3o da sociedade, opress\u00e3o e tirania dos pequenos, distanciando do amor m\u00fatuo.\u00a0 <em>\u201cMas, entre v\u00f3s, n\u00e3o deve ser assim: quem quiser ser grande, seja vosso servo; e quem quiser ser o primeiro, seja o escravo de todos. Porque o Filho do Homem n\u00e3o veio para ser servido, mas para servir e dar a sua vida como resgate para muitos\u201d (cf. Mc 10,43-45).<\/em><\/p>\n<p style=\"text-align: justify;\">\u00a0\u00a0\u00a0\u00a0\u00a0\u00a0\u00a0\u00a0 A Segunda Leitura dada a Carta de S\u00e3o Paulo aos Hebreus <em>(Hb 4,14-16),<\/em> o ap\u00f3stolo recorda-nos que Deus enviou o seu pr\u00f3prio Filho, Jesus Cristo, que compadeceu de nossas fraquezas, vivenciando a mesma condi\u00e7\u00e3o que a nossa, exceto o pecado, nos mostrou o caminho que leva a verdadeira miseric\u00f3rdia e vida plena. <em>\u201cPor isso, permane\u00e7amos firmes na f\u00e9 que professamos (&#8230;) aproximemo-nos ent\u00e3o, com toda a confian\u00e7a, do trono da gra\u00e7a, para conseguirmos miseric\u00f3rdia e alcan\u00e7armos a gra\u00e7a de um aux\u00edlio no momento oportuno\u201d (cf. Hb 4, 14b.16).<\/em><\/p>\n<p style=\"text-align: justify;\">Restaurados pela Palavra desta Liturgia, que possamos exercitar o compromisso com o servi\u00e7o aos irm\u00e3os, dedicando a vida para o amor e a caridade, pois \u201c<em>o Senhor pousa o olhar sobre os que o temem, e que confiam esperando em seu amor, para da morte libertar as suas vidas e aliment\u00e1-los quando \u00e9 tempo de pen\u00faria\u201d (cf. Sl 32,18-19).<\/em><\/p>\n<p style=\"text-align: justify;\">\n<p style=\"text-align: justify;\"><em>Sauda\u00e7\u00f5es em Cristo!<\/em><\/p>\n<p style=\"text-align: justify;\"><em>\u00a0<\/em><\/p>\n","protected":false},"excerpt":{"rendered":"<p>\u201cPorque o Filho do Homem n\u00e3o veio para ser servido, mas para servir e dar a sua vida como resgate para muitos\u201d. (cf. Mc 10,45) A Liturgia do XXIX Domingo do Tempo Comum, nos insere no contexto do servi\u00e7o, onde aquele que quer ser o primeiro, seja o primeiro a servir, atrav\u00e9s do amor, da [&hellip;]<\/p>\n","protected":false},"author":10,"featured_media":55817,"comment_status":"open","ping_status":"closed","sticky":false,"template":"","format":"standard","meta":{"footnotes":""},"categories":[9],"tags":[],"class_list":["post-70705","post","type-post","status-publish","format-standard","has-post-thumbnail","hentry","category-artigos"],"_links":{"self":[{"href":"https:\/\/catolicanet.net\/wp-cnet\/wp-json\/wp\/v2\/posts\/70705","targetHints":{"allow":["GET"]}}],"collection":[{"href":"https:\/\/catolicanet.net\/wp-cnet\/wp-json\/wp\/v2\/posts"}],"about":[{"href":"https:\/\/catolicanet.net\/wp-cnet\/wp-json\/wp\/v2\/types\/post"}],"author":[{"embeddable":true,"href":"https:\/\/catolicanet.net\/wp-cnet\/wp-json\/wp\/v2\/users\/10"}],"replies":[{"embeddable":true,"href":"https:\/\/catolicanet.net\/wp-cnet\/wp-json\/wp\/v2\/comments?post=70705"}],"version-history":[{"count":1,"href":"https:\/\/catolicanet.net\/wp-cnet\/wp-json\/wp\/v2\/posts\/70705\/revisions"}],"predecessor-version":[{"id":70706,"href":"https:\/\/catolicanet.net\/wp-cnet\/wp-json\/wp\/v2\/posts\/70705\/revisions\/70706"}],"wp:featuredmedia":[{"embeddable":true,"href":"https:\/\/catolicanet.net\/wp-cnet\/wp-json\/wp\/v2\/media\/55817"}],"wp:attachment":[{"href":"https:\/\/catolicanet.net\/wp-cnet\/wp-json\/wp\/v2\/media?parent=70705"}],"wp:term":[{"taxonomy":"category","embeddable":true,"href":"https:\/\/catolicanet.net\/wp-cnet\/wp-json\/wp\/v2\/categories?post=70705"},{"taxonomy":"post_tag","embeddable":true,"href":"https:\/\/catolicanet.net\/wp-cnet\/wp-json\/wp\/v2\/tags?post=70705"}],"curies":[{"name":"wp","href":"https:\/\/api.w.org\/{rel}","templated":true}]}}