{"id":70699,"date":"2021-10-23T09:43:13","date_gmt":"2021-10-23T12:43:13","guid":{"rendered":"https:\/\/catolicanet.net\/wp-cnet\/?p=70699"},"modified":"2021-10-18T13:44:09","modified_gmt":"2021-10-18T16:44:09","slug":"vimos-ouvimos-e-testemunhamos","status":"publish","type":"post","link":"https:\/\/catolicanet.net\/wp-cnet\/vimos-ouvimos-e-testemunhamos\/","title":{"rendered":"Vimos, ouvimos e testemunhamos"},"content":{"rendered":"<p style=\"text-align: justify;\">No pen\u00faltimo domingo de outubro, neste ano o 30\u00ba domingo do tempo comum, em comunh\u00e3o com o Papa Francisco, em tempos de S\u00ednodo da Sinodalidade, celebramos o Dia Mundial das Miss\u00f5es e da Inf\u00e2ncia Mission\u00e1ria. Tamb\u00e9m coincide com a poss\u00edvel data do Dia Nacional da Juventude que tem como tema neste ano \u201cque sejam um\u201d.<\/p>\n<p style=\"text-align: justify;\">No Brasil, o m\u00eas das miss\u00f5es tem como tema \u201cJesus Cristo \u00e9 a miss\u00e3o!\u201d. A vida \u00e9 miss\u00e3o. O lema deste m\u00eas, que \u00e9 tamb\u00e9m o tema da mensagem do Papa \u00e9: \u201cN\u00e3o podemos deixar de afirmar o que vimos e ouvimos\u201d (At 4,20). O lema no Brasil saiu com a tradu\u00e7\u00e3o: \u201cN\u00e3o podemos deixar de falar sobre o que vimos e ouvimos\u201d. Enfim este \u00e9 o contexto e o tema da mensagem do Papa Francisco para o Dia Mundial das Miss\u00f5es deste ano. Com essa tem\u00e1tica, recordamos as pessoas que fazem de sua vida uma miss\u00e3o. S\u00e3o crist\u00e3os leigos e leigas, consagrados e consagradas e ministros ordenados que, encontrados pelo amor misericordioso de Deus, fizeram de suas vidas uma miss\u00e3o. S\u00e3o testemunhas apaixonadas pelo Evangelho que transbordam o amor misericordioso de Deus nas realidades onde vivem. Por\u00e9m, todos os batizados que se encontraram com Jesus Cristo s\u00e3o mission\u00e1rios.<\/p>\n<p style=\"text-align: justify;\">Essa tem\u00e1tica \u00e9 inspirada na Exorta\u00e7\u00e3o Apost\u00f3lica <strong><em>Evangelii Gaudium<\/em><\/strong>, que acentua o car\u00e1ter existencial da miss\u00e3o. \u201cA miss\u00e3o no cora\u00e7\u00e3o do povo n\u00e3o \u00e9 uma parte da minha vida, ou ornamento que posso p\u00f4r de lado; n\u00e3o \u00e9 um ap\u00eandice ou um momento entre tantos outros da minha vida. \u00c9 algo que n\u00e3o posso arrancar do meu ser, se n\u00e3o quero me destruir. Eu sou uma miss\u00e3o de Deus nesta terra, e para isso estou neste mundo\u201d (EG, 273). Ser disc\u00edpulo mission\u00e1rio est\u00e1 al\u00e9m de cumprir tarefas ou fazer coisas, exige uma doa\u00e7\u00e3o total. Est\u00e1 na ordem do ser e n\u00e3o se reduz a algumas horas do dia. O papa define a miss\u00e3o como \u201cpaix\u00e3o por Jesus Cristo e simultaneamente paix\u00e3o pelo seu povo\u201d (EG, 268).<\/p>\n<p style=\"text-align: justify;\">Esse chamado vem do cora\u00e7\u00e3o de Deus, da sua miseric\u00f3rdia, que interpela tanto a Igreja quanto a humanidade na atual crise mundial. Na cruz, Deus revela que o seu amor \u00e9 para todos, para cada um de n\u00f3s. E pede nossa disponibilidade pessoal para sermos enviados, porque Ele \u00e9 Amor em constante movimento mission\u00e1rio, sempre saindo de si mesmo para dar vida. A miss\u00e3o, a Igreja em sa\u00edda, n\u00e3o \u00e9 um programa, uma inten\u00e7\u00e3o a ser concretizada por pura for\u00e7a de vontade.<\/p>\n<p style=\"text-align: justify;\">\u00c9 Cristo que faz a Igreja sair de si mesma. Na miss\u00e3o de anunciar o Evangelho, n\u00f3s nos movemos porque o Esp\u00edrito nos empurra e conduz. Deus sempre nos ama primeiro e com esse amor chega at\u00e9 n\u00f3s e nos chama. A miss\u00e3o \u00e9 uma resposta livre e consciente ao chamado de Deus. No entanto, discernimos esse chamado apenas quando vivemos uma rela\u00e7\u00e3o pessoal de amor com Jesus vivo na sua Igreja, a quem vimos e ouvimos.<\/p>\n<p style=\"text-align: justify;\">Estamos prontos a acolher a presen\u00e7a do Esp\u00edrito Santo em nossa vida, para ouvir o chamado \u00e0 miss\u00e3o de batizados e em qualquer caso, na vida cotidiana comum? Estamos dispostos a ser enviados para qualquer lugar a fim de testemunhar a nossa f\u00e9 em Deus, o Pai misericordioso, proclamar o Evangelho da salva\u00e7\u00e3o de Jesus Cristo, compartilhar a vida divina do Esp\u00edrito Santo edificando a Igreja? Estamos prontos, como Maria, a M\u00e3e de Jesus, a nos colocar sem reservas ao servi\u00e7o da vontade de Deus (Lc 1, 38)? Essa disponibilidade interior \u00e9 muito importante para responder a Deus: Eis-me aqui, Senhor, envia-me (Is 6, 8). E isso respondido n\u00e3o em abstrato, mas na Igreja e na hist\u00f3ria de hoje.<\/p>\n<p style=\"text-align: justify;\">Celebrar o Dia Mundial das Miss\u00f5es \u00e9 reavivar esse dom em nossas vidas e em nossas comunidades reafirmando que a ora\u00e7\u00e3o, a reflex\u00e3o e a ajuda material s\u00e3o oportunidades para participar ativamente da miss\u00e3o de Jesus em sua Igreja. A caridade destina-se a apoiar o trabalho mission\u00e1rio realizado pelas Pontif\u00edcias Obras Mission\u00e1rias, a fim de atender \u00e0s necessidades espirituais e materiais dos povos e das Igrejas, em todo o mundo, para a salva\u00e7\u00e3o de todos. Temos nesse dia a coleta pelas miss\u00f5es de pela inf\u00e2ncia mission\u00e1ria.<\/p>\n<p style=\"text-align: justify;\">Em tempos de pandemia, realizar essa campanha exige criatividade, reflex\u00e3o e aten\u00e7\u00e3o ao que se imp\u00f5e. Por isso, a import\u00e2ncia de novas adapta\u00e7\u00f5es na utiliza\u00e7\u00e3o dos materiais da Campanha Mission\u00e1ria. Incentivamos fazer o lan\u00e7amento diocesano da campanha, realizar forma\u00e7\u00f5es e produzir <em>lives<\/em> e outras modalidades virtuais que possam refletir o tema.<\/p>\n<p style=\"text-align: justify;\">Desejo que a miss\u00e3o seja, de fato, \u201cuma paix\u00e3o por Jesus Cristo e simultaneamente uma paix\u00e3o pelo seu povo\u201d (EG, 268). .<\/p>\n","protected":false},"excerpt":{"rendered":"<p>No pen\u00faltimo domingo de outubro, neste ano o 30\u00ba domingo do tempo comum, em comunh\u00e3o com o Papa Francisco, em tempos de S\u00ednodo da Sinodalidade, celebramos o Dia Mundial das Miss\u00f5es e da Inf\u00e2ncia Mission\u00e1ria. Tamb\u00e9m coincide com a poss\u00edvel data do Dia Nacional da Juventude que tem como tema neste ano \u201cque sejam um\u201d. [&hellip;]<\/p>\n","protected":false},"author":5,"featured_media":55819,"comment_status":"open","ping_status":"closed","sticky":false,"template":"","format":"standard","meta":{"footnotes":""},"categories":[9],"tags":[],"class_list":["post-70699","post","type-post","status-publish","format-standard","has-post-thumbnail","hentry","category-artigos"],"_links":{"self":[{"href":"https:\/\/catolicanet.net\/wp-cnet\/wp-json\/wp\/v2\/posts\/70699","targetHints":{"allow":["GET"]}}],"collection":[{"href":"https:\/\/catolicanet.net\/wp-cnet\/wp-json\/wp\/v2\/posts"}],"about":[{"href":"https:\/\/catolicanet.net\/wp-cnet\/wp-json\/wp\/v2\/types\/post"}],"author":[{"embeddable":true,"href":"https:\/\/catolicanet.net\/wp-cnet\/wp-json\/wp\/v2\/users\/5"}],"replies":[{"embeddable":true,"href":"https:\/\/catolicanet.net\/wp-cnet\/wp-json\/wp\/v2\/comments?post=70699"}],"version-history":[{"count":1,"href":"https:\/\/catolicanet.net\/wp-cnet\/wp-json\/wp\/v2\/posts\/70699\/revisions"}],"predecessor-version":[{"id":70700,"href":"https:\/\/catolicanet.net\/wp-cnet\/wp-json\/wp\/v2\/posts\/70699\/revisions\/70700"}],"wp:featuredmedia":[{"embeddable":true,"href":"https:\/\/catolicanet.net\/wp-cnet\/wp-json\/wp\/v2\/media\/55819"}],"wp:attachment":[{"href":"https:\/\/catolicanet.net\/wp-cnet\/wp-json\/wp\/v2\/media?parent=70699"}],"wp:term":[{"taxonomy":"category","embeddable":true,"href":"https:\/\/catolicanet.net\/wp-cnet\/wp-json\/wp\/v2\/categories?post=70699"},{"taxonomy":"post_tag","embeddable":true,"href":"https:\/\/catolicanet.net\/wp-cnet\/wp-json\/wp\/v2\/tags?post=70699"}],"curies":[{"name":"wp","href":"https:\/\/api.w.org\/{rel}","templated":true}]}}