{"id":70697,"date":"2021-10-23T09:39:34","date_gmt":"2021-10-23T12:39:34","guid":{"rendered":"https:\/\/catolicanet.net\/wp-cnet\/?p=70697"},"modified":"2021-10-18T13:42:55","modified_gmt":"2021-10-18T16:42:55","slug":"mensagem-do-papa-para-o-dia-mundial-das-missoes-2","status":"publish","type":"post","link":"https:\/\/catolicanet.net\/wp-cnet\/mensagem-do-papa-para-o-dia-mundial-das-missoes-2\/","title":{"rendered":"Mensagem do Papa para o Dia Mundial das Miss\u00f5es"},"content":{"rendered":"<p style=\"text-align: center;\"><em>&#8220;N\u00e3o podemos deixar de afirmar o que vimos e ouvimos&#8221; (At\u00a04, 20)<\/em><\/p>\n<p style=\"text-align: justify;\"><strong>\u00a0<\/strong>No pr\u00f3ximo dia 24 de outubro, celebraremos o Dia Mundial das Miss\u00f5es. Para essa data, o Papa Francisco preparou uma mensagem como o Santo Padre faz todos os anos. Os disc\u00edpulos de Jesus precisam ser capazes de amar e ir ao encontro dos mais vulner\u00e1veis e assim construir o Reino de Deus.<\/p>\n<p style=\"text-align: justify;\">O m\u00eas de outubro no Brasil \u00e9 o m\u00eas das miss\u00f5es e do Ros\u00e1rio, pois a miss\u00e3o se faz com ora\u00e7\u00e3o e na companhia de Nossa Senhora. Ela esteve presente quando Jesus apareceu e soprou sobre os disc\u00edpulos o Esp\u00edrito Santo e os enviou em miss\u00e3o. Maria \u00e9 mission\u00e1ria e nos ensina a sermos, tamb\u00e9m.<\/p>\n<p style=\"text-align: justify;\">O tema central da mensagem do papa para o Dia Mundial das miss\u00f5es deste ano \u00e9 extra\u00eddo do livro dos Atos dos ap\u00f3stolos: <em>&#8220;N\u00e3o podemos deixar de afirmar o que vimos e ouvimos&#8221; (At\u00a04, 20), <\/em>ou seja, o disc\u00edpulo n\u00e3o pode guardar para a si a mensagem que ouviu de Jesus, mas deve levar adiante essa mensagem, anunciando, sobretudo, para aqueles que ainda n\u00e3o conhecem essa mensagem. Desta forma, o Reino de Deus vai se edificando e consolidando.<\/p>\n<p style=\"text-align: justify;\">Todos n\u00f3s, a partir daquilo que ouvimos de Jesus e testemunhamos de seu ensinamento, somos convidados a sair em miss\u00e3o e anunciar para todos a alegria que \u00e9 servir a Cristo. O disc\u00edpulo traz consigo a alegria, pois Jesus est\u00e1 com ele e deve levar essa mesma alegria para as pessoas para as quais vai chegar o an\u00fancio. As pessoas que v\u00e3o receber esse an\u00fancio devem perceber o qu\u00e3o alegre \u00e9 servir Jesus e o quanto a sua vida pode ser transformada.<\/p>\n<p style=\"text-align: justify;\">O livro dos Atos dos Ap\u00f3stolos \u00e9 o livro dos mission\u00e1rios, sempre devemos t\u00ea-lo nas m\u00e3os, para mostrar como a Palavra de Deus foi difundida pelos ap\u00f3stolos e assim como se difundiu atrav\u00e9s deles, deve continuar nos dias de hoje entre n\u00f3s. A Igreja primitiva se iniciou com os ap\u00f3stolos e deve ser continuada pelos ap\u00f3stolos de hoje.<\/p>\n<p style=\"text-align: justify;\">A situa\u00e7\u00e3o da pandemia da Covid-19 aumentou o sofrimento e a fragilidade das pessoas, muitas pessoas perderam seus entes queridos ou amigos pr\u00f3ximos e ficaram vacilantes na f\u00e9. Por isso, se faz mais do que necess\u00e1ria a miss\u00e3o, sobretudo, para dar uma nova esperan\u00e7a a essas pessoas que vacilaram na f\u00e9. N\u00f3s pregamos Jesus Cristo, que \u00e9 a esperan\u00e7a e alegria para todos aqueles que creem.<\/p>\n<p style=\"text-align: justify;\">No decorrer da mensagem para o Dia Mundial das Miss\u00f5es, o Papa Francisco faz um convite: \u201c<em>h\u00e1 urgente necessidade de mission\u00e1rios de esperan\u00e7a que, ungidos pelo Senhor, sejam capazes de lembrar profeticamente que ningu\u00e9m se salva sozinho\u201d. <\/em>H\u00e1 urgente necessidade de que surjam mission\u00e1rios para lembrar a todos que Jesus morreu na cruz para nos salvar. E ainda que o caminho do discipulado n\u00e3o se faz sozinho, mas com a ajuda do outro. E que juntos alcan\u00e7ar\u00e3o a salva\u00e7\u00e3o.<\/p>\n<p style=\"text-align: justify;\">O Santo Padre, o Papa Francisco, ainda diz que o tema da mensagem para o Dia Mundial das Miss\u00f5es \u00e9 um convite dirigido para cada um de n\u00f3s, a fim de que cuidemos e d\u00eamos a conhecer aquilo que temos no cora\u00e7\u00e3o. A miss\u00e3o sempre foi a identidade da Igreja, ela existe para isso, a Igreja existe para evangelizar e mesmo diante da pandemia, n\u00e3o \u00e9 tempo de se fechar.<\/p>\n<p style=\"text-align: justify;\">O Esp\u00edrito Santo faz novas todas as coisas, por isso a Igreja est\u00e1 sempre pronta a acolher novos fi\u00e9is e a chamar de volta aqueles que se afastaram por algum motivo. Por isso, se faz t\u00e3o necess\u00e1ria a miss\u00e3o, n\u00e3o somente no Dia das Miss\u00f5es ou no m\u00eas de outubro, mas durante todos os meses do ano. Promover a\u00e7\u00f5es mission\u00e1rias, visitar as casas das pessoas, fazer com que a Igreja chegue nos lares de cada pessoa, para que as pessoas se sintam acolhidas. A Igreja deve seguir o exemplo de seu mestre Jesus, que estava em constante miss\u00e3o. Contagiar o mundo com a boa not\u00edcia iluminados pelo Esp\u00edrito Santo!<\/p>\n<p style=\"text-align: justify;\">O Papa Francisco diz que devemos abra\u00e7ar a miss\u00e3o como uma \u201cverdadeira voca\u00e7\u00e3o de amor\u201d, n\u00e3o devemos ter medo de ir \u00e0s periferias anunciar o Evangelho. \u00c0s vezes, at\u00e9 mesmo em nossa fam\u00edlia \u00e9 necess\u00e1rio anunciar o Evangelho. Toda voca\u00e7\u00e3o precisa ser abra\u00e7ada com amor, devendo ter empenho em tudo que fazemos. Com a miss\u00e3o tamb\u00e9m \u00e9 assim, s\u00f3 seremos verdadeiros mission\u00e1rios se abra\u00e7armos isso com amor. Deus deu uma voca\u00e7\u00e3o a cada um de n\u00f3s, atrav\u00e9s da ora\u00e7\u00e3o e com o aux\u00edlio do Esp\u00edrito Santo devemos procurar entender qual a voca\u00e7\u00e3o Ele nos chama.<\/p>\n<p style=\"text-align: justify;\">N\u00e3o tenhamos medo de abra\u00e7ar a miss\u00e3o dada por Cristo a n\u00f3s e que possamos olhar naquele que est\u00e1 a nossa volta para anunciar a vida e esperan\u00e7a. Que possamos trazer em n\u00f3s os mesmos sentimentos de Cristo e espalhar a alegria da salva\u00e7\u00e3o, o amor e f\u00e9 ao redor do mundo. Levemos adiante a identidade da Igreja que \u00e9 ser mission\u00e1ria. Tenhamos a esperan\u00e7a e a alegria num mundo melhor, mais justo e fraterno.<\/p>\n<p style=\"text-align: justify;\">Santa Terezinha do Menino Jesus, padroeira das miss\u00f5es, rogai por n\u00f3s.<\/p>\n","protected":false},"excerpt":{"rendered":"<p>&#8220;N\u00e3o podemos deixar de afirmar o que vimos e ouvimos&#8221; (At\u00a04, 20) \u00a0No pr\u00f3ximo dia 24 de outubro, celebraremos o Dia Mundial das Miss\u00f5es. Para essa data, o Papa Francisco preparou uma mensagem como o Santo Padre faz todos os anos. Os disc\u00edpulos de Jesus precisam ser capazes de amar e ir ao encontro dos [&hellip;]<\/p>\n","protected":false},"author":5,"featured_media":55819,"comment_status":"open","ping_status":"closed","sticky":false,"template":"","format":"standard","meta":{"footnotes":""},"categories":[9],"tags":[],"class_list":["post-70697","post","type-post","status-publish","format-standard","has-post-thumbnail","hentry","category-artigos"],"_links":{"self":[{"href":"https:\/\/catolicanet.net\/wp-cnet\/wp-json\/wp\/v2\/posts\/70697","targetHints":{"allow":["GET"]}}],"collection":[{"href":"https:\/\/catolicanet.net\/wp-cnet\/wp-json\/wp\/v2\/posts"}],"about":[{"href":"https:\/\/catolicanet.net\/wp-cnet\/wp-json\/wp\/v2\/types\/post"}],"author":[{"embeddable":true,"href":"https:\/\/catolicanet.net\/wp-cnet\/wp-json\/wp\/v2\/users\/5"}],"replies":[{"embeddable":true,"href":"https:\/\/catolicanet.net\/wp-cnet\/wp-json\/wp\/v2\/comments?post=70697"}],"version-history":[{"count":1,"href":"https:\/\/catolicanet.net\/wp-cnet\/wp-json\/wp\/v2\/posts\/70697\/revisions"}],"predecessor-version":[{"id":70698,"href":"https:\/\/catolicanet.net\/wp-cnet\/wp-json\/wp\/v2\/posts\/70697\/revisions\/70698"}],"wp:featuredmedia":[{"embeddable":true,"href":"https:\/\/catolicanet.net\/wp-cnet\/wp-json\/wp\/v2\/media\/55819"}],"wp:attachment":[{"href":"https:\/\/catolicanet.net\/wp-cnet\/wp-json\/wp\/v2\/media?parent=70697"}],"wp:term":[{"taxonomy":"category","embeddable":true,"href":"https:\/\/catolicanet.net\/wp-cnet\/wp-json\/wp\/v2\/categories?post=70697"},{"taxonomy":"post_tag","embeddable":true,"href":"https:\/\/catolicanet.net\/wp-cnet\/wp-json\/wp\/v2\/tags?post=70697"}],"curies":[{"name":"wp","href":"https:\/\/api.w.org\/{rel}","templated":true}]}}