{"id":70683,"date":"2021-10-18T09:26:50","date_gmt":"2021-10-18T12:26:50","guid":{"rendered":"https:\/\/catolicanet.net\/wp-cnet\/?p=70683"},"modified":"2021-10-18T13:23:59","modified_gmt":"2021-10-18T16:23:59","slug":"pe-zezinho-responde-e-se-maria-tivesse-dito-nao","status":"publish","type":"post","link":"https:\/\/catolicanet.net\/wp-cnet\/pe-zezinho-responde-e-se-maria-tivesse-dito-nao\/","title":{"rendered":"Pe. Zezinho responde: \u201cE se Maria tivesse dito n\u00e3o?\u201d"},"content":{"rendered":"<h2 class=\"subtitle\" style=\"text-align: justify;\">&#8220;Ela era livre para dizer n\u00e3o. Se Deus a for\u00e7asse, n\u00e3o seria amor. Mas Deus sabe escolher e escolheu Maria&#8221;<\/h2>\n<p style=\"text-align: justify;\">Ope. Zezinho escreveu uma reflex\u00e3o, em sua\u00a0<a href=\"https:\/\/www.facebook.com\/padrezezinhoscj\/posts\/422757005877415\" target=\"_blank\" rel=\"noreferrer noopener\">rede social<\/a>, para responder a quem lhe havia perguntado sobre o que teria acontecido se Maria tivesse dito n\u00e3o a Deus.<\/p>\n<p style=\"text-align: justify;\">Eis o que o sacerdote considerou a respeito da hip\u00f3tese de Nossa Senhora ter usado a sua liberdade para recusar o chamado de Deus a ser a m\u00e3e do Seu Filho, Deus feito homem, Jesus:<\/p>\n<p style=\"text-align: justify;\">\u201cPerguntaram e eu respondo. Se qualquer um de n\u00f3s tivesse dito \u2018n\u00e3o\u2019, Deus \u00e9 soberano para chamar outro.<\/p>\n<p style=\"text-align: justify;\">A jovem que perguntou sobre o hipot\u00e9tico \u2018n\u00e3o\u2019 de Maria, ela mesma concluiu que Jesus n\u00e3o teria se encarnado. Corrigi o pensamento da jovem. \u00c9 um erro pensar que a encarna\u00e7\u00e3o dependeu de Maria. Ter\u00edamos o mesmo Salvador nascido de outra mulher. Deus tem este poder. Ou voc\u00ea acha que n\u00e3o tem?\u201d<\/p>\n<h3 id=\"h-e-se-maria-tivesse-dito-n-o\" style=\"text-align: justify;\">E se Maria tivesse dito n\u00e3o?<\/h3>\n<p style=\"text-align: justify;\">O padre prosseguiu:<\/p>\n<p style=\"text-align: justify;\">\u201cMas como Maria disse SIM, acaba qualquer questionamento. Mesmo assim, a encarna\u00e7\u00e3o dependeu da vontade soberana do Deus Uno e Trino. Primeiro o Filho Eterno disse SIM porque veio fazer a vontade do Pai. E tornou-se Filho Humano.<\/p>\n<p style=\"text-align: justify;\">O SIM da humana Maria foi sem condi\u00e7\u00f5es. Afinal, ela mesma se proclamou serva de Deus. Com ela, Deus poderia fazer o que quisesse e ela disse exatamente isto. N\u00e3o diria n\u00e3o a Deus, embora fosse livre para dizer. Ela era livre para dizer N\u00c3O! E se Deus a for\u00e7asse, ent\u00e3o n\u00e3o seria amor, e Deus \u00e9 amor! E Maria n\u00e3o seria escolhida.<\/p>\n<p style=\"text-align: justify;\">Mas Deus sabe escolher! E escolheu Maria.<\/p>\n<p style=\"text-align: justify;\">E Maria escolheu dizer sim porque entendia a catequese dos profetas do seu tempo. Por isso ela disse, segundo Lucas escreveu: \u2018Seja como dizes\u2019 (Lucas 1, 38)\u201d.<\/p>\n","protected":false},"excerpt":{"rendered":"<p>&#8220;Ela era livre para dizer n\u00e3o. Se Deus a for\u00e7asse, n\u00e3o seria amor. Mas Deus sabe escolher e escolheu Maria&#8221; Ope. Zezinho escreveu uma reflex\u00e3o, em sua\u00a0rede social, para responder a quem lhe havia perguntado sobre o que teria acontecido se Maria tivesse dito n\u00e3o a Deus. Eis o que o sacerdote considerou a respeito [&hellip;]<\/p>\n","protected":false},"author":1,"featured_media":70684,"comment_status":"open","ping_status":"closed","sticky":false,"template":"","format":"standard","meta":{"footnotes":""},"categories":[4],"tags":[],"class_list":["post-70683","post","type-post","status-publish","format-standard","has-post-thumbnail","hentry","category-cotidiano"],"_links":{"self":[{"href":"https:\/\/catolicanet.net\/wp-cnet\/wp-json\/wp\/v2\/posts\/70683","targetHints":{"allow":["GET"]}}],"collection":[{"href":"https:\/\/catolicanet.net\/wp-cnet\/wp-json\/wp\/v2\/posts"}],"about":[{"href":"https:\/\/catolicanet.net\/wp-cnet\/wp-json\/wp\/v2\/types\/post"}],"author":[{"embeddable":true,"href":"https:\/\/catolicanet.net\/wp-cnet\/wp-json\/wp\/v2\/users\/1"}],"replies":[{"embeddable":true,"href":"https:\/\/catolicanet.net\/wp-cnet\/wp-json\/wp\/v2\/comments?post=70683"}],"version-history":[{"count":2,"href":"https:\/\/catolicanet.net\/wp-cnet\/wp-json\/wp\/v2\/posts\/70683\/revisions"}],"predecessor-version":[{"id":70686,"href":"https:\/\/catolicanet.net\/wp-cnet\/wp-json\/wp\/v2\/posts\/70683\/revisions\/70686"}],"wp:featuredmedia":[{"embeddable":true,"href":"https:\/\/catolicanet.net\/wp-cnet\/wp-json\/wp\/v2\/media\/70684"}],"wp:attachment":[{"href":"https:\/\/catolicanet.net\/wp-cnet\/wp-json\/wp\/v2\/media?parent=70683"}],"wp:term":[{"taxonomy":"category","embeddable":true,"href":"https:\/\/catolicanet.net\/wp-cnet\/wp-json\/wp\/v2\/categories?post=70683"},{"taxonomy":"post_tag","embeddable":true,"href":"https:\/\/catolicanet.net\/wp-cnet\/wp-json\/wp\/v2\/tags?post=70683"}],"curies":[{"name":"wp","href":"https:\/\/api.w.org\/{rel}","templated":true}]}}