{"id":70671,"date":"2021-10-18T09:22:36","date_gmt":"2021-10-18T12:22:36","guid":{"rendered":"https:\/\/catolicanet.net\/wp-cnet\/?p=70671"},"modified":"2021-10-18T13:16:21","modified_gmt":"2021-10-18T16:16:21","slug":"o-talento-artistico-de-sao-lucas-nos-lembra-que-as-pessoas-sao-muito-parecidas-com-as-pinturas","status":"publish","type":"post","link":"https:\/\/catolicanet.net\/wp-cnet\/o-talento-artistico-de-sao-lucas-nos-lembra-que-as-pessoas-sao-muito-parecidas-com-as-pinturas\/","title":{"rendered":"O talento art\u00edstico de S\u00e3o Lucas nos lembra que as pessoas s\u00e3o muito parecidas com as pinturas"},"content":{"rendered":"<h2 class=\"subtitle\" style=\"text-align: justify;\">As pessoas s\u00e3o como obras de arte: inesperadas e, muitas vezes, inexplic\u00e1veis, mas sempre belas pelo que s\u00e3o<\/h2>\n<p style=\"text-align: justify;\">Sempre tive em minha mente uma ideia definida acerca de quem eu sou.\u00a0Um voo de fantasia que me surpreende, mas tem pouca rela\u00e7\u00e3o com quem eu sou na realidade.\u00a0Na melhor das hip\u00f3teses, minha ideia sobre mim mesmo \u00e9 uma esperan\u00e7a, uma imagem de quem eu quero ser.<\/p>\n<p style=\"text-align: justify;\">Aspiro ser um pai maravilhoso e paciente, que conta as piadas de papai, tem tempo para treinar todos os times esportivos dos filhos e cujos joelhos nunca doem, a ponto de ter de parar de brincar de cavalo com a crian\u00e7a.<\/p>\n<p style=\"text-align: justify;\">Eu adoraria ser o melhor marido do mundo, que sempre sabe as palavras certas a dizer, sempre lava a lou\u00e7a e deixa de assistir ao jogo de futebol para ir colher ma\u00e7\u00e3s sem reclamar.<\/p>\n<p style=\"text-align: justify;\">Eu tamb\u00e9m adoraria ser fisicamente mais forte e mais veloz.\u00a0Seria maravilhoso possuir um nariz mais bem feito.\u00a0Esperan\u00e7as razo\u00e1veis s\u00e3o extremamente \u00fateis, pois nos impulsionam em dire\u00e7\u00e3o a objetivos positivos.<\/p>\n<h3 style=\"text-align: justify;\">Imagem versus realidade<\/h3>\n<p style=\"text-align: justify;\">Na pior das hip\u00f3teses, a imagem de quem eu sou fica confusa com a realidade, deixando-me iludido.\u00a0Acho que sou melhor do que realmente sou.\u00a0Mais gentil, mais generoso.\u00a0Eu me olho no espelho e, por meio de qualquer filtro ego\u00edsta que tenha adicionado \u00e0s minhas lentes oculares, estou literalmente convencido de que um rosto mais bonito est\u00e1 olhando para mim.\u00a0Este homem no reflexo n\u00e3o tem nem um \u00fanico cabelo grisalho na barba.\u00a0Ele acha que \u00e9 20 anos mais novo.<\/p>\n<p style=\"text-align: justify;\">Nossa incapacidade de combinar nossa ideia sobre o pr\u00f3prio \u201ceu\u201d com a realidade \u00e9 um fen\u00f4meno humano estranho.\u00a0Por um lado, isso nos causa muita dor de cabe\u00e7a, mas tamb\u00e9m gera iniciativa e desejo, al\u00e9m de nos colocar em uma grande aventura para tornar a realidade verdadeira.\u00a0Somos criaturas que sonham e lutam.<\/p>\n<p style=\"text-align: justify;\">Entre outros objetivos, sempre quis ser pintor. Na verdade, eu me inscrevi na escola de artes fora do col\u00e9gio e fui aceito, mas acabei seguindo um caminho diferente porque senti Deus me chamando para ser pastor. A voca\u00e7\u00e3o que senti naquela \u00e9poca foi o in\u00edcio de uma estrada longa, emocionante e sinuosa para ser ordenado 15 anos depois como padre cat\u00f3lico. Nesse \u00ednterim, servi na Igreja Anglicana como pastor por muitos anos, casei-me e tive filhos. Havia pouqu\u00edssimo tempo para a arte. Ent\u00e3o, esse sonho se desvaneceu. Ocasionalmente, por\u00e9m, ainda penso em como seria ter tempo e espa\u00e7o para melhorar como pintor.<\/p>\n<h3 id=\"h-s-o-lucas-e-as-artes\" style=\"text-align: justify;\">S\u00e3o Lucas e as Artes<\/h3>\n<p style=\"text-align: justify;\">Dizem que S\u00e3o Lucas tinha talento para as artes pl\u00e1sticas.\u00a0Al\u00e9m de ser o autor do Evangelho de S\u00e3o Lucas e dos Atos dos Ap\u00f3stolos, ele \u00e9 o artista respons\u00e1vel por um\u00a0<a href=\"https:\/\/pt.aleteia.org\/2020\/10\/18\/sao-lucas-o-primeiro-retratista-da-virgem-maria\/\" target=\"_self\" rel=\"noopener\">\u00edcone da Bem-Aventurada Virgem Maria.<\/a>\u00a0\u00c9 tamb\u00e9m um contador de hist\u00f3rias talentoso e, como artista, tem olho para os detalhes.<\/p>\n<p style=\"text-align: justify;\">Lucas n\u00e3o foi um dos ap\u00f3stolos originais.\u00a0Em seu Evangelho, ele diz que seus escritos se baseiam no depoimento de testemunhas oculares, ent\u00e3o \u00e9 prov\u00e1vel que ele nunca tenha realmente conhecido Jesus.\u00a0E, ainda assim, seu Evangelho traz a ideia de Cristo \u00e0 vida, e seus leitores descobriram Jesus como uma pessoa real.<\/p>\n<p style=\"text-align: justify;\">Esse \u00e9 o poder da arte, da narrativa e da beleza.\u00a0A arte pega uma ideia que podemos ter e a incorpora, tornando a ideia \u201creal\u201d<strong>.\u00a0<\/strong><\/p>\n<p style=\"text-align: justify;\">No fundo, a hist\u00f3ria que Lucas conta e a imagem que pinta s\u00e3o sobre uma pessoa real.\u00a0E ele sabe disso.<\/p>\n<p style=\"text-align: justify;\">Uma perspectiva art\u00edstica tem implica\u00e7\u00f5es em como interagimos com as pessoas ao nosso redor e moldamos nossas ideias sobre n\u00f3s mesmos.\u00a0Amamos os outros como pessoas reais, de carne e osso, como obras de arte vivas que respiram.\u00a0N\u00e3o s\u00e3o ideias abstratas.As obras de arte, \u00e0s vezes, s\u00e3o confusas e complicadas.\u00a0Elas mostram as marcas do pincel do pintor, apresentam perspectivas desafiadoras e, ao encontrar a beleza que a arte encarna, o observador muda.<\/p>\n<h3 style=\"text-align: justify;\">Realidade transcendente<\/h3>\n<p style=\"text-align: justify;\">Uma obra de arte \u00e9 bela exatamente pelo que \u00e9.\u00a0N\u00e3o \u00e9 para ser resumida em uma ideia ou interpretada como uma palestra.\u00a0Sua gl\u00f3ria \u00e9 sua individualidade, sua singularidade.\u00a0Uma grande obra de arte costuma nos surpreender.\u00a0\u00c9 uma realidade transcendente, vis\u00edvel e tang\u00edvel, uma porta para o mist\u00e9rio de como tudo neste mundo se esfor\u00e7a por uma exist\u00eancia mais elevada e mais bela.<\/p>\n<p style=\"text-align: justify;\">A grande arte \u00e9 uma express\u00e3o de esperan\u00e7a.\u00a0\u00c9 a concretiza\u00e7\u00e3o de uma ideia, fazendo uma conex\u00e3o entre o mundo como ele \u00e9 e o mundo como deveria ser.<\/p>\n<p style=\"text-align: justify;\">Enfim, os seres humanos s\u00e3o a obra-prima de Deus.\u00a0N\u00e3o podemos esperar que outras pessoas ou n\u00f3s mesmos existamos no reino das ideias perfeitas.\u00a0Somos muito mais como pinturas \u2013 cria\u00e7\u00f5es f\u00edsicas que trazem a marca de nosso Criador.\u00a0As pessoas s\u00e3o inexplic\u00e1veis.\u00a0Muito mais do que uma ideia, somos filhos de Deus, que t\u00eam esperan\u00e7a e sonham, e mesmo que estejamos longe da perfei\u00e7\u00e3o, Ele nos tornou belos.<\/p>\n","protected":false},"excerpt":{"rendered":"<p>As pessoas s\u00e3o como obras de arte: inesperadas e, muitas vezes, inexplic\u00e1veis, mas sempre belas pelo que s\u00e3o Sempre tive em minha mente uma ideia definida acerca de quem eu sou.\u00a0Um voo de fantasia que me surpreende, mas tem pouca rela\u00e7\u00e3o com quem eu sou na realidade.\u00a0Na melhor das hip\u00f3teses, minha ideia sobre mim mesmo [&hellip;]<\/p>\n","protected":false},"author":1,"featured_media":70672,"comment_status":"open","ping_status":"closed","sticky":false,"template":"","format":"standard","meta":{"footnotes":""},"categories":[4,13],"tags":[],"class_list":["post-70671","post","type-post","status-publish","format-standard","has-post-thumbnail","hentry","category-cotidiano","category-featured"],"_links":{"self":[{"href":"https:\/\/catolicanet.net\/wp-cnet\/wp-json\/wp\/v2\/posts\/70671","targetHints":{"allow":["GET"]}}],"collection":[{"href":"https:\/\/catolicanet.net\/wp-cnet\/wp-json\/wp\/v2\/posts"}],"about":[{"href":"https:\/\/catolicanet.net\/wp-cnet\/wp-json\/wp\/v2\/types\/post"}],"author":[{"embeddable":true,"href":"https:\/\/catolicanet.net\/wp-cnet\/wp-json\/wp\/v2\/users\/1"}],"replies":[{"embeddable":true,"href":"https:\/\/catolicanet.net\/wp-cnet\/wp-json\/wp\/v2\/comments?post=70671"}],"version-history":[{"count":1,"href":"https:\/\/catolicanet.net\/wp-cnet\/wp-json\/wp\/v2\/posts\/70671\/revisions"}],"predecessor-version":[{"id":70673,"href":"https:\/\/catolicanet.net\/wp-cnet\/wp-json\/wp\/v2\/posts\/70671\/revisions\/70673"}],"wp:featuredmedia":[{"embeddable":true,"href":"https:\/\/catolicanet.net\/wp-cnet\/wp-json\/wp\/v2\/media\/70672"}],"wp:attachment":[{"href":"https:\/\/catolicanet.net\/wp-cnet\/wp-json\/wp\/v2\/media?parent=70671"}],"wp:term":[{"taxonomy":"category","embeddable":true,"href":"https:\/\/catolicanet.net\/wp-cnet\/wp-json\/wp\/v2\/categories?post=70671"},{"taxonomy":"post_tag","embeddable":true,"href":"https:\/\/catolicanet.net\/wp-cnet\/wp-json\/wp\/v2\/tags?post=70671"}],"curies":[{"name":"wp","href":"https:\/\/api.w.org\/{rel}","templated":true}]}}