{"id":70659,"date":"2021-10-18T09:21:57","date_gmt":"2021-10-18T12:21:57","guid":{"rendered":"https:\/\/catolicanet.net\/wp-cnet\/?p=70659"},"modified":"2021-10-18T12:45:42","modified_gmt":"2021-10-18T15:45:42","slug":"pizzaballa-sinodo-um-percurso-de-escuta-iluminado-pela-palavra-de-deus","status":"publish","type":"post","link":"https:\/\/catolicanet.net\/wp-cnet\/pizzaballa-sinodo-um-percurso-de-escuta-iluminado-pela-palavra-de-deus\/","title":{"rendered":"Pizzaballa: S\u00ednodo, um percurso de escuta &#8220;iluminado pela Palavra de Deus&#8221;"},"content":{"rendered":"<p style=\"text-align: justify;\"><span class=\"didascalia_img\">Dom Pierbattista Pizzaballa\u00a0 (AFP or licensors)<\/span><\/p>\n<div class=\"article__subTitle\" style=\"text-align: justify;\">A abertura da fase diocesana do processo sinodal come\u00e7ar\u00e1 na Terra Santa em 30 de outubro. &#8220;Neste caminho&#8221;, salienta o patriarca, &#8220;os sacerdotes ter\u00e3o um papel crucial&#8221;, como &#8220;mediadores&#8221; entre os bispos e os pedidos dos fi\u00e9is.<\/div>\n<div class=\"title__separator\" style=\"text-align: justify;\"><\/div>\n<div class=\"article__text \">\n<p style=\"text-align: justify;\"><b>Vatican News<\/b><\/p>\n<p style=\"text-align: justify;\">&#8220;Promover o envolvimento de todos os \u00f3rg\u00e3os eclesiais para que todos possam expressar livremente seu pensamento, como pede o Papa Francisco.&#8221; Este \u00e9 o convite dirigido aos sacerdotes pelo Patriarca Latino de Jerusal\u00e9m, dom Pierbattista Pizzaballa, em vista da abertura da fase diocesana do processo sinodal que na Terra Santa come\u00e7ar\u00e1 em 30 de outubro.<\/p>\n<div style=\"text-align: justify;\">\n<div class=\"article__embed article__embed--unwrap article__embed--dark\">\n<div class=\"article__innerTitle\">Ou\u00e7a e compartilhe<\/div>\n<div>\n<audio class=\"wp-audio-shortcode\" id=\"audio-70659-1\" preload=\"none\" style=\"width: 100%;\" controls=\"controls\"><source type=\"audio\/mpeg\" src=\"https:\/\/media.vaticannews.va\/media\/audio\/s1\/2021\/10\/18\/12\/136223983_F136223983.mp3?_=1\" \/><a href=\"https:\/\/media.vaticannews.va\/media\/audio\/s1\/2021\/10\/18\/12\/136223983_F136223983.mp3\">https:\/\/media.vaticannews.va\/media\/audio\/s1\/2021\/10\/18\/12\/136223983_F136223983.mp3<\/a><\/audio>\n<\/div>\n<\/div>\n<\/div>\n<p style=\"text-align: justify;\">Numa carta dirigida aos sacerdotes, religiosos e fi\u00e9is leigos do Patriarcado, dom Pizzaballa ilustra o desenvolvimento, mas sobretudo o significado deste processo que conduzir\u00e1 ao S\u00ednodo dos Bispos em 2023, em Roma. &#8220;O tema proposto para a nossa reflex\u00e3o, &#8216;Por uma Igreja sinodal: comunh\u00e3o, participa\u00e7\u00e3o e miss\u00e3o&#8217;, expressa claramente a inten\u00e7\u00e3o do Santo Padre de que a vida da Igreja seja cada vez menos centrada exclusivamente no clero e cada vez mais fruto de um envolvimento geral de todos os seus membros. O seu desejo \u00e9 que haja uma participa\u00e7\u00e3o plena na vida da Igreja&#8221;, explica dom Pizzaballa.\u00a0 &#8220;N\u00e3o nos \u00e9 pedido para preparar documentos longos e articulados, mas uma s\u00edntese deste caminho&#8221;, especifica a carta, lembrando as palavras do Papa Francisco no documento preparat\u00f3rio.<\/p>\n<p style=\"text-align: justify;\">&#8220;Neste caminho&#8221;, salienta o patriarca, &#8220;os sacerdotes ter\u00e3o um papel crucial&#8221;, como &#8220;mediadores&#8221; entre os bispos e os pedidos dos fi\u00e9is. Da\u00ed o convite aos p\u00e1rocos para &#8220;serem protagonistas e promoverem o que o Santo Padre nos pede, assegurando que nossas comunidades sejam realmente envolvidas&#8221;, junto com a esperan\u00e7a de que &#8220;as outras realidades diocesanas se deixem envolver: par\u00f3quias, religiosos e religiosas, mosteiros contemplativos, semin\u00e1rios, jovens, grupos, movimentos, associa\u00e7\u00f5es, migrantes e trabalhadores estrangeiros&#8221;.<\/p>\n<p style=\"text-align: justify;\">&#8220;Todos aqueles que sentem que t\u00eam uma palavra a dizer devem poder faz\u00ea-lo&#8221;, seja para expressar gratid\u00e3o, incompreens\u00e3o ou desilus\u00e3o. Mas, adverte o Patriarca Pizzaballa, \u00e9 importante que esta fase do caminho sinodal n\u00e3o se limite a falar apenas de problemas, pois isso &#8220;tornaria tudo est\u00e9ril e sem perspectiva&#8221;. Deve ser um caminho de escuta &#8220;iluminado pela Palavra de Deus&#8221;.<\/p>\n<p style=\"text-align: justify;\">Da\u00ed a decis\u00e3o de adotar o m\u00e9todo do &#8220;Evangelho de Ema\u00fas&#8221;. Em termos concretos, trata-se de ir &#8220;fisicamente&#8221; aos Lugares onde Cristo apareceu e &#8220;falar sobre o que n\u00e3o est\u00e1 bem&#8221;. \u00c9 realmente importante &#8220;ligar nossa experi\u00eancia de vida \u00e0s Escrituras e ver como elas podem iluminar os fatos salientes da vida e dar-lhes uma perspectiva diferente&#8221;.<\/p>\n<p style=\"text-align: justify;\">Para ajudar na reflex\u00e3o, o Patriarcado de Jerusal\u00e9m enviar\u00e1 em breve um texto de refer\u00eancia com subs\u00eddios e question\u00e1rios. O m\u00e9todo ilustrado pelo patriarca Pizzaballa prev\u00ea encontros &#8220;em todos os n\u00edveis&#8221;: jovens com suas fam\u00edlias, visitas a idosos em hosp\u00edcios, nas casas, fi\u00e9is locais com trabalhadores estrangeiros, enfim, encontrar realidades n\u00e3o conhecidas antes. &#8220;Em vez de fazer discursos te\u00f3ricos, &#8220;\u00e9 \u00fatil ouvir e conhecer experi\u00eancias, das quais aprender&#8221;.<\/p>\n<p style=\"text-align: justify;\">O patriarca adverte que n\u00e3o devemos esperar &#8220;mudan\u00e7as dram\u00e1ticas&#8221; ou &#8220;frutos extraordin\u00e1rios&#8221; deste processo. Estes v\u00eam depois de muito tempo e &#8220;se o trabalho foi feito no campo&#8221;. &#8220;J\u00e1 seria um grande resultado se o S\u00ednodo marcasse o in\u00edcio de uma nova forma de nos encontrarmos como comunidade, onde todos se sentem parte da vida uns dos outros, unidos na pessoa de Jesus, cora\u00e7\u00e3o de nossa f\u00e9, que d\u00e1 sentido ao nosso estar aqui na Terra Santa e que alimenta e ilumina o amor que sustenta a nossa vida&#8221;, conclui a carta.<\/p>\n<p style=\"text-align: justify;\">A fase diocesana do S\u00ednodo na Terra Santa ser\u00e1 aberta simultaneamente em 30 de outubro em todos os territ\u00f3rios sob a jurisdi\u00e7\u00e3o do Patriarcado: Galileia e Palestina, Jord\u00e2nia e Chipre. Os coordenadores locais s\u00e3o: o sacerdote jesu\u00edta David Neuhaus para a Palestina e Galileia, o sacerdote Melkite Mody Al-Hindalya para a Jord\u00e2nia e o sacerdote maronita Ibrahim Khita para Chipre.<\/p>\n<p style=\"text-align: justify;\">Vatican News Service &#8211; LZ\/MJ<\/p>\n<\/div>\n","protected":false},"excerpt":{"rendered":"<p>Dom Pierbattista Pizzaballa\u00a0 (AFP or licensors) A abertura da fase diocesana do processo sinodal come\u00e7ar\u00e1 na Terra Santa em 30 de outubro. &#8220;Neste caminho&#8221;, salienta o patriarca, &#8220;os sacerdotes ter\u00e3o um papel crucial&#8221;, como &#8220;mediadores&#8221; entre os bispos e os pedidos dos fi\u00e9is. Vatican News &#8220;Promover o envolvimento de todos os \u00f3rg\u00e3os eclesiais para que [&hellip;]<\/p>\n","protected":false},"author":1,"featured_media":70660,"comment_status":"open","ping_status":"closed","sticky":false,"template":"","format":"standard","meta":{"footnotes":""},"categories":[3],"tags":[],"class_list":["post-70659","post","type-post","status-publish","format-standard","has-post-thumbnail","hentry","category-vaticano"],"_links":{"self":[{"href":"https:\/\/catolicanet.net\/wp-cnet\/wp-json\/wp\/v2\/posts\/70659","targetHints":{"allow":["GET"]}}],"collection":[{"href":"https:\/\/catolicanet.net\/wp-cnet\/wp-json\/wp\/v2\/posts"}],"about":[{"href":"https:\/\/catolicanet.net\/wp-cnet\/wp-json\/wp\/v2\/types\/post"}],"author":[{"embeddable":true,"href":"https:\/\/catolicanet.net\/wp-cnet\/wp-json\/wp\/v2\/users\/1"}],"replies":[{"embeddable":true,"href":"https:\/\/catolicanet.net\/wp-cnet\/wp-json\/wp\/v2\/comments?post=70659"}],"version-history":[{"count":1,"href":"https:\/\/catolicanet.net\/wp-cnet\/wp-json\/wp\/v2\/posts\/70659\/revisions"}],"predecessor-version":[{"id":70661,"href":"https:\/\/catolicanet.net\/wp-cnet\/wp-json\/wp\/v2\/posts\/70659\/revisions\/70661"}],"wp:featuredmedia":[{"embeddable":true,"href":"https:\/\/catolicanet.net\/wp-cnet\/wp-json\/wp\/v2\/media\/70660"}],"wp:attachment":[{"href":"https:\/\/catolicanet.net\/wp-cnet\/wp-json\/wp\/v2\/media?parent=70659"}],"wp:term":[{"taxonomy":"category","embeddable":true,"href":"https:\/\/catolicanet.net\/wp-cnet\/wp-json\/wp\/v2\/categories?post=70659"},{"taxonomy":"post_tag","embeddable":true,"href":"https:\/\/catolicanet.net\/wp-cnet\/wp-json\/wp\/v2\/tags?post=70659"}],"curies":[{"name":"wp","href":"https:\/\/api.w.org\/{rel}","templated":true}]}}