{"id":70656,"date":"2021-10-18T09:20:36","date_gmt":"2021-10-18T12:20:36","guid":{"rendered":"https:\/\/catolicanet.net\/wp-cnet\/?p=70656"},"modified":"2021-10-18T12:42:32","modified_gmt":"2021-10-18T15:42:32","slug":"em-5-de-novembro-missa-com-o-papa-na-universidade-do-sagrado-coracao","status":"publish","type":"post","link":"https:\/\/catolicanet.net\/wp-cnet\/em-5-de-novembro-missa-com-o-papa-na-universidade-do-sagrado-coracao\/","title":{"rendered":"Em 5 de novembro, Missa com o Papa na Universidade do Sagrado Cora\u00e7\u00e3o"},"content":{"rendered":"<figure class=\"article__image\" style=\"text-align: justify;\"><span class=\"didascalia_img\">Jornalistas diante da Policl\u00ednica Gemelli onde o Papa chegou na tarde de 4 de julho para ser operado\u00a0 (AFP or licensors)<\/span><\/figure>\n<div class=\"article__meta \" data-mediatype=\"\">\n<div class=\"article__subTitle\" style=\"text-align: justify;\">A celebra\u00e7\u00e3o ser\u00e1 por ocasi\u00e3o dos 60 anos da Faculdade de Medicina e Cirurgia.<\/div>\n<div class=\"title__separator\" style=\"text-align: justify;\"><\/div>\n<div class=\"article__text \">\n<p style=\"text-align: justify;\"><b>VATICAN NEWS<\/b><\/p>\n<p style=\"text-align: justify;\">Uma ocasi\u00e3o para recordar e comemorar ser\u00e1 a Missa que o Papa Francisco presidir\u00e1 na pr\u00f3xima sexta-feira, 5 de novembro, \u00e0s 10h30 (hor\u00e1rio italiano), na sede romana da Universidade Cat\u00f3lica do Sagrado Cora\u00e7\u00e3o, por ocasi\u00e3o dos 60 anos da inaugura\u00e7\u00e3o da Faculdade de Medicina e Cirurgia. A not\u00edcia foi divulgada na manh\u00e3 desta segunda-feira, 18, pela Prefeitura da Casa Pontif\u00edcia.<\/p>\n<h2 style=\"text-align: justify;\">A voca\u00e7\u00e3o da Universidade<\/h2>\n<p style=\"text-align: justify;\">Em julho passado, poucos dias ap\u00f3s deixar a Policl\u00ednica Gemelli, onde havia sido internado para uma cirurgia no c\u00f3lon, o Papa Francisco recordou em uma\u00a0<a href=\"https:\/\/www.vaticannews.va\/pt\/papa\/news\/2021-07\/papa-francisco-universidade-catolica-gemelli.html\">carta ao reitor Franco Anelli<\/a>\u00a0os cem anos da Funda\u00e7\u00e3o do Ateneu, cuja principal voca\u00e7\u00e3o \u00e9 &#8220;a promo\u00e7\u00e3o cultural e integral da pessoa humana&#8221;. Precisamente esta miss\u00e3o, escreveu o Papa, \u201c\u00e9 express\u00e3o do cora\u00e7\u00e3o\u201d e \u201cabre as portas ao futuro\u201d.<\/p>\n<\/div>\n<\/div>\n","protected":false},"excerpt":{"rendered":"<p>Jornalistas diante da Policl\u00ednica Gemelli onde o Papa chegou na tarde de 4 de julho para ser operado\u00a0 (AFP or licensors) A celebra\u00e7\u00e3o ser\u00e1 por ocasi\u00e3o dos 60 anos da Faculdade de Medicina e Cirurgia. VATICAN NEWS Uma ocasi\u00e3o para recordar e comemorar ser\u00e1 a Missa que o Papa Francisco presidir\u00e1 na pr\u00f3xima sexta-feira, 5 [&hellip;]<\/p>\n","protected":false},"author":1,"featured_media":70657,"comment_status":"open","ping_status":"closed","sticky":false,"template":"","format":"standard","meta":{"footnotes":""},"categories":[3],"tags":[],"class_list":["post-70656","post","type-post","status-publish","format-standard","has-post-thumbnail","hentry","category-vaticano"],"_links":{"self":[{"href":"https:\/\/catolicanet.net\/wp-cnet\/wp-json\/wp\/v2\/posts\/70656","targetHints":{"allow":["GET"]}}],"collection":[{"href":"https:\/\/catolicanet.net\/wp-cnet\/wp-json\/wp\/v2\/posts"}],"about":[{"href":"https:\/\/catolicanet.net\/wp-cnet\/wp-json\/wp\/v2\/types\/post"}],"author":[{"embeddable":true,"href":"https:\/\/catolicanet.net\/wp-cnet\/wp-json\/wp\/v2\/users\/1"}],"replies":[{"embeddable":true,"href":"https:\/\/catolicanet.net\/wp-cnet\/wp-json\/wp\/v2\/comments?post=70656"}],"version-history":[{"count":1,"href":"https:\/\/catolicanet.net\/wp-cnet\/wp-json\/wp\/v2\/posts\/70656\/revisions"}],"predecessor-version":[{"id":70658,"href":"https:\/\/catolicanet.net\/wp-cnet\/wp-json\/wp\/v2\/posts\/70656\/revisions\/70658"}],"wp:featuredmedia":[{"embeddable":true,"href":"https:\/\/catolicanet.net\/wp-cnet\/wp-json\/wp\/v2\/media\/70657"}],"wp:attachment":[{"href":"https:\/\/catolicanet.net\/wp-cnet\/wp-json\/wp\/v2\/media?parent=70656"}],"wp:term":[{"taxonomy":"category","embeddable":true,"href":"https:\/\/catolicanet.net\/wp-cnet\/wp-json\/wp\/v2\/categories?post=70656"},{"taxonomy":"post_tag","embeddable":true,"href":"https:\/\/catolicanet.net\/wp-cnet\/wp-json\/wp\/v2\/tags?post=70656"}],"curies":[{"name":"wp","href":"https:\/\/api.w.org\/{rel}","templated":true}]}}