{"id":70647,"date":"2021-10-18T09:16:28","date_gmt":"2021-10-18T12:16:28","guid":{"rendered":"https:\/\/catolicanet.net\/wp-cnet\/?p=70647"},"modified":"2021-10-18T12:28:22","modified_gmt":"2021-10-18T15:28:22","slug":"papa-apostar-na-formacao-das-meninas-para-um-mundo-mais-inclusivo","status":"publish","type":"post","link":"https:\/\/catolicanet.net\/wp-cnet\/papa-apostar-na-formacao-das-meninas-para-um-mundo-mais-inclusivo\/","title":{"rendered":"Papa: apostar na forma\u00e7\u00e3o das meninas para um mundo mais inclusivo"},"content":{"rendered":"<figure class=\"article__image\" style=\"text-align: justify;\"><span class=\"didascalia_img\">Em mensagem ao F\u00f3rum das Mulheres, Papa insiste na instru\u00e7\u00e3o de qualidade para as meninas\u00a0<\/span><\/figure>\n<div class=\"article__meta \" data-mediatype=\"\">\n<div class=\"article__subTitle\" style=\"text-align: justify;\">Est\u00e1 em andamento, em Mil\u00e3o, o F\u00f3rum das Mulheres no \u00e2mbito do G20 realizado na It\u00e1lia. A finalidade \u00e9 identificar prioridades e diretrizes para uma retomada econ\u00f4mica e social p\u00f3s-Covid, que seja inclusiva e tendo como centro as mulheres. \u00c0s participantes, o Papa Francisco dirigiu uma mensagem atrav\u00e9s do secret\u00e1rio de Estado, card. Pietro Parolin, reiterando a import\u00e2ncia do tema em debate.<\/div>\n<div class=\"title__separator\" style=\"text-align: justify;\"><\/div>\n<div class=\"article__text \">\n<p style=\"text-align: justify;\"><b>Vatican News<\/b><\/p>\n<p style=\"text-align: justify;\">&#8220;O nosso mundo precisa da parceria das mulheres, de sua lideran\u00e7a e de suas capacidades, assim como de sua intui\u00e7\u00e3o e dedica\u00e7\u00e3o.\u201d Este \u00e9 um trecho da mensagem do Papa Francisco endere\u00e7ada a Chiara Corazza, representante especial para o G7 e o G20 do F\u00f3rum das Mulheres.<\/p>\n<p style=\"text-align: justify;\">Enviada atrav\u00e9s do secret\u00e1rio de Estado, card. Pietro Parolin, o Pont\u00edfice afirma que hoje h\u00e1 necessidade de retomada depois da dram\u00e1tica experi\u00eancia da Covid-19, que abalou a humanidade e deixou consequ\u00eancias desastrosas. E \u00e9 necess\u00e1rio que desta retomada participem as mulheres, ou melhor, sejam protagonistas, j\u00e1 que foram as que mais sentiram as consequ\u00eancias da pandemia.<\/p>\n<h2 style=\"text-align: justify;\">A contribui\u00e7\u00e3o das mulheres para um mundo mais inclusivo<\/h2>\n<p style=\"text-align: justify;\">O secret\u00e1rio de Estado faz uma men\u00e7\u00e3o ao que escreveu S\u00e3o Jo\u00e3o Paulo II em 1995: \u201cA mulher participar\u00e1 sempre mais da solu\u00e7\u00e3o dos graves problemas do futuro [&#8230;] e obrigar\u00e1 a redesenhar os sistemas de modo a favorecer os processos de humaniza\u00e7\u00e3o que marcam a civiliza\u00e7\u00e3o do amor'&#8221;. E Francisco insiste com frequ\u00eancia na &#8220;contribui\u00e7\u00e3o insubstitu\u00edvel das mulheres para a constru\u00e7\u00e3o de um mundo que possa ser casa para todos&#8221;, reconhecendo sua capacidade de promover aquele sentido de &#8220;altru\u00edsmo&#8221;, necess\u00e1rio \u201cnos esfor\u00e7os para o cuidado da nossa casa comum e na luta contra as l\u00f3gicas desagregantes &#8221; do lucro imediato.<\/p>\n<h2 style=\"text-align: justify;\">Apostar na forma\u00e7\u00e3o das meninas<\/h2>\n<p style=\"text-align: justify;\">A solidariedade e a reciprocidade entre mulheres e homens \u00e9 \u201cvital para a sociedade\u201d, afirma ainda o cardeal Parolin, \u201ccom suas respectivas especificidades, todos s\u00e3o chamados a abra\u00e7ar sua voca\u00e7\u00e3o comum a ser construtores ativos da sociedade\u201d. Isso requer uma mudan\u00e7a de paradigma da vida social, \u201cguiado por um renovado sentido de humanidade e pela profunda dignidade que caracteriza \u00a0toda pessoa humana\u201d.<\/p>\n<p style=\"text-align: justify;\">A videomensagem se conclui com um forte encorajamento, dirigido tamb\u00e9m em nome do Papa, a uma adequada forma\u00e7\u00e3o das meninas e jovens em todos os pa\u00edses. Que cada uma delas, afirma, \u201cpossa ter acesso a uma instru\u00e7\u00e3o de qualidade\u201d, de modo que possa desenvolver \u201co pr\u00f3prio potencial e os pr\u00f3prios talentos\u201d, e fazer a sua parte para o progresso \u201cde sociedade coesas\u201d.<\/p>\n<\/div>\n<\/div>\n","protected":false},"excerpt":{"rendered":"<p>Em mensagem ao F\u00f3rum das Mulheres, Papa insiste na instru\u00e7\u00e3o de qualidade para as meninas\u00a0 Est\u00e1 em andamento, em Mil\u00e3o, o F\u00f3rum das Mulheres no \u00e2mbito do G20 realizado na It\u00e1lia. A finalidade \u00e9 identificar prioridades e diretrizes para uma retomada econ\u00f4mica e social p\u00f3s-Covid, que seja inclusiva e tendo como centro as mulheres. \u00c0s [&hellip;]<\/p>\n","protected":false},"author":1,"featured_media":70648,"comment_status":"open","ping_status":"closed","sticky":false,"template":"","format":"standard","meta":{"footnotes":""},"categories":[13,3],"tags":[],"class_list":["post-70647","post","type-post","status-publish","format-standard","has-post-thumbnail","hentry","category-featured","category-vaticano"],"_links":{"self":[{"href":"https:\/\/catolicanet.net\/wp-cnet\/wp-json\/wp\/v2\/posts\/70647","targetHints":{"allow":["GET"]}}],"collection":[{"href":"https:\/\/catolicanet.net\/wp-cnet\/wp-json\/wp\/v2\/posts"}],"about":[{"href":"https:\/\/catolicanet.net\/wp-cnet\/wp-json\/wp\/v2\/types\/post"}],"author":[{"embeddable":true,"href":"https:\/\/catolicanet.net\/wp-cnet\/wp-json\/wp\/v2\/users\/1"}],"replies":[{"embeddable":true,"href":"https:\/\/catolicanet.net\/wp-cnet\/wp-json\/wp\/v2\/comments?post=70647"}],"version-history":[{"count":1,"href":"https:\/\/catolicanet.net\/wp-cnet\/wp-json\/wp\/v2\/posts\/70647\/revisions"}],"predecessor-version":[{"id":70649,"href":"https:\/\/catolicanet.net\/wp-cnet\/wp-json\/wp\/v2\/posts\/70647\/revisions\/70649"}],"wp:featuredmedia":[{"embeddable":true,"href":"https:\/\/catolicanet.net\/wp-cnet\/wp-json\/wp\/v2\/media\/70648"}],"wp:attachment":[{"href":"https:\/\/catolicanet.net\/wp-cnet\/wp-json\/wp\/v2\/media?parent=70647"}],"wp:term":[{"taxonomy":"category","embeddable":true,"href":"https:\/\/catolicanet.net\/wp-cnet\/wp-json\/wp\/v2\/categories?post=70647"},{"taxonomy":"post_tag","embeddable":true,"href":"https:\/\/catolicanet.net\/wp-cnet\/wp-json\/wp\/v2\/tags?post=70647"}],"curies":[{"name":"wp","href":"https:\/\/api.w.org\/{rel}","templated":true}]}}