{"id":70625,"date":"2021-10-15T09:08:04","date_gmt":"2021-10-15T12:08:04","guid":{"rendered":"https:\/\/catolicanet.net\/wp-cnet\/?p=70625"},"modified":"2021-10-15T13:08:51","modified_gmt":"2021-10-15T16:08:51","slug":"sao-joao-paulo-ii-o-papa-do-amor-e-da-misericordia","status":"publish","type":"post","link":"https:\/\/catolicanet.net\/wp-cnet\/sao-joao-paulo-ii-o-papa-do-amor-e-da-misericordia\/","title":{"rendered":"S\u00e3o Jo\u00e3o Paulo II, o Papa do amor e da miseric\u00f3rdia"},"content":{"rendered":"<h2 class=\"subtitle\" style=\"text-align: justify;\">O Santo Papa ensinou continuamente que o mal presente no mundo s\u00f3 poderia ser derrotado pela imita\u00e7\u00e3o do amor de Jesus e do seu sacrif\u00edcio na cruz<\/h2>\n<p style=\"text-align: justify;\">\u00c9com muita emo\u00e7\u00e3o e carinho que hoje escrevo este texto. Falar sobre este grande Papa e santo, Jo\u00e3o Paulo II, \u00e9 uma alegria para mim. Digo isto porque conheci esse servo de Deus e vi de pertinho esse grande exemplo de humildade.<\/p>\n<h3 id=\"h-primeiros-anos\" style=\"text-align: justify;\">Primeiros anos<\/h3>\n<p style=\"text-align: justify;\">Seu nome de batismo era Karol Wojtyla. Nascido em 18 de maio de 1920 em Wdowice, ficou \u00f3rf\u00e3o aos 8 anos de idade, mesma \u00e9poca em que perdeu seus dois irm\u00e3os mais velhos. Fez sua primeira eucaristia aos 9 anos, na Pol\u00f4nia, onde permaneceu at\u00e9 1938,<\/p>\n<div style=\"text-align: justify;\"><\/div>\n<p style=\"text-align: justify;\">Quando passou na universidade Jaguel\u00f4nica, mudou-se para Crac\u00f3via, onde fez tamb\u00e9m um curso de teatro. No ano de 1940, trabalhou como oper\u00e1rio nas minas de pedra e depois em uma f\u00e1brica qu\u00edmica em 1942.<\/p>\n<p style=\"text-align: justify;\">No m\u00eas de outubro entrou para o semin\u00e1rio clandestino de Crac\u00f3via, e no dia 1 de novembro de 1946 foi ordenado sacerdote. Logo ap\u00f3s, foi para Roma onde completou seu curso universit\u00e1rio e doutorou-se em Teologia pela Universidade Cat\u00f3lica de Lublin.<\/p>\n<h3 style=\"text-align: justify;\"><strong>Rumo ao pontificado<\/strong><\/h3>\n<p style=\"text-align: justify;\">Em 04 de julho de 1958, o Papa Pio XII o nomeou bispo auxiliar de Crac\u00f3via. Seu lema episcopal teve a seguinte express\u00e3o mariana\u00a0<strong><em>\u201cTOTUS TUUS\u201d<\/em><\/strong>\u00a0(Todo teu, todo de Maria). Foi capel\u00e3o universit\u00e1rio e professor de \u00e9tica na Crac\u00f3via e Lublin. Sua ordena\u00e7\u00e3o episcopal foi em 28 de setembro do mesmo ano. Em 1964, Wojtyla assume as fun\u00e7\u00f5es de Arcebispo de Crac\u00f3via. No ano de 1967, torna-se Cardeal e no dia 16 de outubro de 1978 foi eleito Papa, sucedendo Jo\u00e3o Paulo I. Karol Wojtyla adotou ent\u00e3o o nome de Jo\u00e3o Paulo II. Foi o primeiro Pont\u00edfice de origem polonesa da hist\u00f3ria e o primeiro Papa de origem n\u00e3o italiana depois de meio mil\u00eanio.<\/p>\n<div id=\"aleteia-welcome\" style=\"text-align: justify;\"><\/div>\n<div class=\"nativo-inread\" style=\"text-align: justify;\"><\/div>\n<p style=\"text-align: justify;\">Jo\u00e3o Paulo II era uma personalidade poli\u00e9drica e carism\u00e1tica. Sendo relativamente jovem, pode empreender um pontificado de grande intensidade. Sobretudo, pelas m\u00faltiplas visitas e viagens. No total, Jo\u00e3o Paulo II visitou 129 pa\u00edses! S\u00f3 no Brasil esteve por quatro vezes, onde visitou v\u00e1rias cidades. Por onde passava reunia multid\u00f5es. Desde o in\u00edcio de seu pontificado, trabalhou para dar voz \u00e0 chamada Igreja do Silencio. A insist\u00eancia sobre alguns temas, como dos direitos humanos e da liberdade religiosa, tornou-se assim uma grande luta em seu pontificado.<\/p>\n<p style=\"text-align: justify;\"><strong>Jo\u00e3o Paulo II: atentado e perd\u00e3o<\/strong><\/p>\n<div style=\"text-align: justify;\">\n<div id=\"article-desk-content-p6-ad_2021_10_15_sao-joao-paulo-ii-o-papa-do-amor-e-da-misericordia\" class=\"css-cfwtta\" data-google-query-id=\"CMPQ16nmzPMCFUM1NQodbeUCQQ\">\n<div id=\"google_ads_iframe_64500793\/PT_DESK_ARTICLE_WELCOME_1X1_1__container__\"><\/div>\n<\/div>\n<\/div>\n<p style=\"text-align: justify;\">Na tarde do dia 13 de maio de 1981, o Papa Jo\u00e3o Paulo II foi atingido por tr\u00eas tiros (no abd\u00f4men, no bra\u00e7o e na m\u00e3o esquerda). Foi gravemente ferido durante esta tentativa de assassinato, quando entrava na Pra\u00e7a S\u00e3o Pedro, no Vaticano. Ficou internado por 22 dias. O respons\u00e1vel por esses disparos foi um rapaz de origem turca, que seria integrante de um grupo fascista.<\/p>\n<p style=\"text-align: justify;\">Em 1983, mais precisamente no m\u00eas de dezembro, o atirador recebeu a visita do Papa Jo\u00e3o Paulo II. Na ocasi\u00e3o, recebeu o perd\u00e3o do Papa. At\u00e9 hoje n\u00e3o se sabe realmente quais os motivos que o levaram a disparar os tiros contra o Santo Papa.<\/p>\n<h3 style=\"text-align: justify;\"><strong>Miseric\u00f3rdia: tarefa primordial<\/strong><\/h3>\n<p style=\"text-align: justify;\">Ap\u00f3s sua lenta recupera\u00e7\u00e3o, Jo\u00e3o Paulo II fez a sua primeira apari\u00e7\u00e3o em p\u00fablico, fora de Roma, na Festa de Cristo Rei no Santu\u00e1rio do Amor Misericordioso em Collevalenza na It\u00e1lia. Nesta ocasi\u00e3o, fala da rela\u00e7\u00e3o da Miseric\u00f3rdia Divina com seu minist\u00e9rio.<\/p>\n<p style=\"text-align: justify;\">Jo\u00e3o Paulo II publicou, dois anos ap\u00f3s a sua elei\u00e7\u00e3o papal, a enc\u00edclica DIVES IN MISERIC\u00d3RDIA (Deus rico em Miseric\u00f3rdia). Uma enc\u00edclica dedicada exclusivamente \u00e0 Divina Miseric\u00f3rdia. Atrav\u00e9s dela, o Papa incentiva os crist\u00e3os a confiarem na ilimitada Miseric\u00f3rdia de Deus. No ano de 1981, na Festa de Cristo Rei, no Santu\u00e1rio do Amor Misericordioso, Jo\u00e3o Paulo II reafirma a mensagem da enc\u00edclica e faz uma revela\u00e7\u00e3o:\u00a0<em>\u2018\u2019Desde o princ\u00edpio do meu minist\u00e9rio na S\u00e9 de S\u00e3o Pedro, em Roma, considerava esta mensagem como minha tarefa primordial\u201d<\/em><strong>.<\/strong><\/p>\n<p style=\"text-align: justify;\">No Jubileu do ano de 2000, Jo\u00e3o Paulo II, instituiu a Festa da Divina Miseric\u00f3rdia. A expectativa dos fi\u00e9is para este momento era grande. Sendo assim, p\u00f4de solenemente proclamar o primeiro domingo ap\u00f3s a Festa da P\u00e1scoa como o Domingo da Miseric\u00f3rdia. Esta festa foi inclu\u00edda no calend\u00e1rio lit\u00fargico na mesma data em que canonizou Santa Faustina.<\/p>\n<p style=\"text-align: justify;\">Jo\u00e3o Paulo II chama nossa aten\u00e7\u00e3o dizendo:\u00a0<em>\u201cCristo ensinou-nos que o homem n\u00e3o s\u00f3 recebe e experimenta a miseric\u00f3rdia de Deus, mas \u00e9 tamb\u00e9m chamado a ter miseric\u00f3rdia para com os demais\u201d<\/em>, e acrescenta, mediante este ato\u00a0<em>\u201c<\/em><strong><em>quero hoje transmitir esta mensagem ao novo mil\u00eanio\u201d<\/em>.<\/strong>\u00a0Que todos os homens aprendam\u00a0<strong>a conhecer sempre melhor o verdadeiro rosto de Deus e o genu\u00edno rosto dos irm\u00e3os.<\/strong><\/p>\n<h3 style=\"text-align: justify;\">Imita\u00e7\u00e3o do amor de Jesus<\/h3>\n<p style=\"text-align: justify;\">O Santo Papa ensinou continuamente que o mal presente no mundo s\u00f3 poderia ser derrotado pela imita\u00e7\u00e3o do amor de Jesus e do seu sacrif\u00edcio na cruz. Esta foi uma cren\u00e7a que ele manteve at\u00e9 o fim de sua vida, oferecendo seus numerosos sofrimentos f\u00edsicos como um sacrif\u00edcio de amor pelo mundo.<\/p>\n<p style=\"text-align: justify;\">Portanto, convidamos voc\u00ea a participar da novena de S\u00e3o Jo\u00e3o Paulo II no Hozana e realizar essa experi\u00eancia do amor de Deus em sua vida atrav\u00e9s dos ensinamentos de nosso querido santo (<a href=\"https:\/\/hozana.org\/pt\/comunidade\/10320-novena-em-honra-a-sao-joao-paulo-ii\" target=\"_blank\" rel=\"noopener\">Clique aqui<\/a>\u00a0para participar).<\/p>\n<p style=\"text-align: justify;\"><em>\u201cQuanta necessidade da Miseric\u00f3rdia de Deus tem hoje o mundo!\u201d\u00a0<\/em><\/p>\n<p style=\"text-align: justify;\">Essas palavras de imensa magnitude de nosso Santo Jo\u00e3o Paulo II, n\u00e3o podemos jamais ignorar.<\/p>\n<p style=\"text-align: justify;\"><em>Marg\u00f4 Teixeira, pelo Hozana<\/em><\/p>\n","protected":false},"excerpt":{"rendered":"<p>O Santo Papa ensinou continuamente que o mal presente no mundo s\u00f3 poderia ser derrotado pela imita\u00e7\u00e3o do amor de Jesus e do seu sacrif\u00edcio na cruz \u00c9com muita emo\u00e7\u00e3o e carinho que hoje escrevo este texto. Falar sobre este grande Papa e santo, Jo\u00e3o Paulo II, \u00e9 uma alegria para mim. Digo isto porque [&hellip;]<\/p>\n","protected":false},"author":1,"featured_media":70626,"comment_status":"open","ping_status":"closed","sticky":false,"template":"","format":"standard","meta":{"footnotes":""},"categories":[4],"tags":[],"class_list":["post-70625","post","type-post","status-publish","format-standard","has-post-thumbnail","hentry","category-cotidiano"],"_links":{"self":[{"href":"https:\/\/catolicanet.net\/wp-cnet\/wp-json\/wp\/v2\/posts\/70625","targetHints":{"allow":["GET"]}}],"collection":[{"href":"https:\/\/catolicanet.net\/wp-cnet\/wp-json\/wp\/v2\/posts"}],"about":[{"href":"https:\/\/catolicanet.net\/wp-cnet\/wp-json\/wp\/v2\/types\/post"}],"author":[{"embeddable":true,"href":"https:\/\/catolicanet.net\/wp-cnet\/wp-json\/wp\/v2\/users\/1"}],"replies":[{"embeddable":true,"href":"https:\/\/catolicanet.net\/wp-cnet\/wp-json\/wp\/v2\/comments?post=70625"}],"version-history":[{"count":1,"href":"https:\/\/catolicanet.net\/wp-cnet\/wp-json\/wp\/v2\/posts\/70625\/revisions"}],"predecessor-version":[{"id":70627,"href":"https:\/\/catolicanet.net\/wp-cnet\/wp-json\/wp\/v2\/posts\/70625\/revisions\/70627"}],"wp:featuredmedia":[{"embeddable":true,"href":"https:\/\/catolicanet.net\/wp-cnet\/wp-json\/wp\/v2\/media\/70626"}],"wp:attachment":[{"href":"https:\/\/catolicanet.net\/wp-cnet\/wp-json\/wp\/v2\/media?parent=70625"}],"wp:term":[{"taxonomy":"category","embeddable":true,"href":"https:\/\/catolicanet.net\/wp-cnet\/wp-json\/wp\/v2\/categories?post=70625"},{"taxonomy":"post_tag","embeddable":true,"href":"https:\/\/catolicanet.net\/wp-cnet\/wp-json\/wp\/v2\/tags?post=70625"}],"curies":[{"name":"wp","href":"https:\/\/api.w.org\/{rel}","templated":true}]}}