{"id":70610,"date":"2021-10-15T09:50:24","date_gmt":"2021-10-15T12:50:24","guid":{"rendered":"https:\/\/catolicanet.net\/wp-cnet\/?p=70610"},"modified":"2021-10-15T12:52:47","modified_gmt":"2021-10-15T15:52:47","slug":"em-dia-que-marca-seu-nascimento-cnbb-divulga-video-que-destaca-marcos-da-sua-trajetoria-a-servico-da-igreja-no-brasil","status":"publish","type":"post","link":"https:\/\/catolicanet.net\/wp-cnet\/em-dia-que-marca-seu-nascimento-cnbb-divulga-video-que-destaca-marcos-da-sua-trajetoria-a-servico-da-igreja-no-brasil\/","title":{"rendered":"EM DIA QUE MARCA SEU NASCIMENTO, CNBB DIVULGA V\u00cdDEO QUE DESTACA MARCOS DA SUA TRAJET\u00d3RIA A SERVI\u00c7O DA IGREJA NO BRASIL"},"content":{"rendered":"<p style=\"text-align: justify;\">O dia 14 de outubro marca uma data especial para a Confer\u00eancia Nacional dos Bispos do Brasil (CNBB): o dia do seu nascimento.\u00a0 Com reuni\u00e3o de sua instala\u00e7\u00e3o no Pal\u00e1cio S\u00e3o Joaquim, na arquidiocese do Rio de Janeiro, a CNBB veio \u00e0 luz no ano de 1952, dez anos antes do Conc\u00edlio Vaticano II. Foi idealizada, \u00e0 \u00e9poca, pelo bispo-auxiliar do Rio de Janeiro, dom Helder C\u00e2mara que, na primeira forma\u00e7\u00e3o da comiss\u00e3o permanente encarregada de dirigir a entidade, tornou-se o seu secret\u00e1rio-geral.<\/p>\n<p style=\"text-align: justify;\">O cardeal Carlos Carmelo de Vasconcelos Motta, ent\u00e3o arcebispo de S\u00e3o Paulo, foi eleito o primeiro presidente da entidade, fun\u00e7\u00e3o que exerceu por dois mandatos. Tamb\u00e9m integraram a primeira comiss\u00e3o de dire\u00e7\u00e3o da entidade dom Alfredo Vicente Scherer, dom M\u00e1rio de Miranda Vilas Boas e dom Ant\u00f4nio Morais de Almeida J\u00fanior.<\/p>\n<h3 style=\"text-align: justify;\">In\u00edcio do ano Jubilar<\/h3>\n<p style=\"text-align: justify;\">Para marcar esta trajet\u00f3ria de servi\u00e7o \u00e0 Igreja no Brasil e ao povo Brasileiro, a CNBB divulgou neste 14 de outubro, um v\u00eddeo no qual recupera marcos desta hist\u00f3ria. Para o arcebispo de Belo Horizonte e presidente da CNBB, dom Walmor Oliveira de Azevedo, a comunh\u00e3o e a colegialidade s\u00e3o marcas da organiza\u00e7\u00e3o ao longo destes anos.<\/p>\n<blockquote><p>\u201cCelebraremos de modo reverente a trajet\u00f3ria de sete d\u00e9cadas de nossa Confer\u00eancia Episcopal homenageando evangelizadores e pastores que ajudaram a tecer essa bonita hist\u00f3ria\u201d, dom Walmor.<\/p><\/blockquote>\n<p style=\"text-align: justify;\">Ao anunciar o ano Jubilar para comemorar no anivers\u00e1rio \u2013 de 14 de outubro de 2021 a 14 de outubro de 2022 \u2013 o presidente da CNBB aponta a sinodalidade, como um jeito de caminhar, e como um tra\u00e7o que vai desafiar o modo de se reiventar da entidade nos pr\u00f3ximos anos.<\/p>\n<p style=\"text-align: justify;\">No v\u00eddeo, abaixo, personalidades destacam fatos marcantes da CNBB.<\/p>\n<div class=\"ast-oembed-container\">\n<div>\n<div>\n<p><iframe loading=\"lazy\" title=\"CNBB 69 anos\" width=\"696\" height=\"392\" src=\"https:\/\/www.youtube.com\/embed\/0PS_PRs4nm8?feature=oembed\" frameborder=\"0\" allow=\"accelerometer; autoplay; clipboard-write; encrypted-media; gyroscope; picture-in-picture\" allowfullscreen><\/iframe><\/p>\n<\/div>\n<\/div>\n<\/div>\n","protected":false},"excerpt":{"rendered":"<p>O dia 14 de outubro marca uma data especial para a Confer\u00eancia Nacional dos Bispos do Brasil (CNBB): o dia do seu nascimento.\u00a0 Com reuni\u00e3o de sua instala\u00e7\u00e3o no Pal\u00e1cio S\u00e3o Joaquim, na arquidiocese do Rio de Janeiro, a CNBB veio \u00e0 luz no ano de 1952, dez anos antes do Conc\u00edlio Vaticano II. Foi [&hellip;]<\/p>\n","protected":false},"author":1,"featured_media":70611,"comment_status":"open","ping_status":"closed","sticky":false,"template":"","format":"standard","meta":{"footnotes":""},"categories":[7],"tags":[],"class_list":["post-70610","post","type-post","status-publish","format-standard","has-post-thumbnail","hentry","category-cnbb"],"_links":{"self":[{"href":"https:\/\/catolicanet.net\/wp-cnet\/wp-json\/wp\/v2\/posts\/70610","targetHints":{"allow":["GET"]}}],"collection":[{"href":"https:\/\/catolicanet.net\/wp-cnet\/wp-json\/wp\/v2\/posts"}],"about":[{"href":"https:\/\/catolicanet.net\/wp-cnet\/wp-json\/wp\/v2\/types\/post"}],"author":[{"embeddable":true,"href":"https:\/\/catolicanet.net\/wp-cnet\/wp-json\/wp\/v2\/users\/1"}],"replies":[{"embeddable":true,"href":"https:\/\/catolicanet.net\/wp-cnet\/wp-json\/wp\/v2\/comments?post=70610"}],"version-history":[{"count":1,"href":"https:\/\/catolicanet.net\/wp-cnet\/wp-json\/wp\/v2\/posts\/70610\/revisions"}],"predecessor-version":[{"id":70612,"href":"https:\/\/catolicanet.net\/wp-cnet\/wp-json\/wp\/v2\/posts\/70610\/revisions\/70612"}],"wp:featuredmedia":[{"embeddable":true,"href":"https:\/\/catolicanet.net\/wp-cnet\/wp-json\/wp\/v2\/media\/70611"}],"wp:attachment":[{"href":"https:\/\/catolicanet.net\/wp-cnet\/wp-json\/wp\/v2\/media?parent=70610"}],"wp:term":[{"taxonomy":"category","embeddable":true,"href":"https:\/\/catolicanet.net\/wp-cnet\/wp-json\/wp\/v2\/categories?post=70610"},{"taxonomy":"post_tag","embeddable":true,"href":"https:\/\/catolicanet.net\/wp-cnet\/wp-json\/wp\/v2\/tags?post=70610"}],"curies":[{"name":"wp","href":"https:\/\/api.w.org\/{rel}","templated":true}]}}