{"id":70549,"date":"2021-10-08T09:31:31","date_gmt":"2021-10-08T12:31:31","guid":{"rendered":"https:\/\/catolicanet.net\/wp-cnet\/?p=70549"},"modified":"2021-10-13T14:32:27","modified_gmt":"2021-10-13T17:32:27","slug":"40a-romaria-de-nossa-senhora-aparecida","status":"publish","type":"post","link":"https:\/\/catolicanet.net\/wp-cnet\/40a-romaria-de-nossa-senhora-aparecida\/","title":{"rendered":"40\u00aa Romaria de Nossa Senhora Aparecida"},"content":{"rendered":"<p style=\"text-align: justify;\">\u00a0\u00a0\u00a0\u00a0\u00a0\u00a0\u00a0\u00a0\u00a0\u00a0\u00a0 Pelo segundo ano consecutivo a Romaria de Nossa Senhora Aparecida, na Arquidiocese de Passo Fundo, n\u00e3o poder\u00e1 acontecer da forma tradicional devido a pandemia. \u00c9 um motivo justo para a preserva\u00e7\u00e3o do maior bem que \u00e9 a vida, dom de Deus e fonte de todos os bens. A pergunta repetida v\u00e1rias vezes \u201cvai ter Romaria?\u201d, revela que os devotos est\u00e3o desejosos de ir para a rua fazer prociss\u00e3o, experimentar o j\u00fabilo de celebrar a Eucaristia com a multid\u00e3o, de sentir o calor fraterno e a f\u00e9 de quem est\u00e1 ao lado e partilhar alimentos festivamente. Estamos vivendo um jejum na viv\u00eancia da devo\u00e7\u00e3o mariana tradicional.<\/p>\n<p style=\"text-align: justify;\">\u00a0\u00a0\u00a0\u00a0\u00a0\u00a0\u00a0\u00a0\u00a0\u00a0\u00a0 Seguindo as orienta\u00e7\u00f5es das autoridades sanit\u00e1rias e civis foi poss\u00edvel definir uma programa\u00e7\u00e3o compat\u00edvel com o contexto pand\u00eamico. As celebra\u00e7\u00f5es eucar\u00edsticas e outros momentos de b\u00ean\u00e7\u00e3os, geradores de aglomera\u00e7\u00f5es, n\u00e3o poder\u00e3o ser realizados. Haver\u00e1 celebra\u00e7\u00f5es reservadas que ser\u00e3o transmitidos pelas redes sociais e por r\u00e1dios parceiras.<\/p>\n<p style=\"text-align: justify;\">\u00a0\u00a0\u00a0\u00a0\u00a0\u00a0\u00a0\u00a0\u00a0\u00a0\u00a0 Destacamos a programa\u00e7\u00e3o do dia 10 de outubro, dia da Romaria, das 8h30min at\u00e9 \u00e0s 12 horas. Atrav\u00e9s de um roteiro orante com reflex\u00f5es, ora\u00e7\u00f5es, cantos os romeiros s\u00e3o conduzidos a rezar com a Arquidiocese de Passo. As ora\u00e7\u00f5es que expressam a vida pessoal de cada fiel se unem \u00e0s comunit\u00e1rias. Por isso, a romaria n\u00e3o \u00e9 um evento isolado ou paralelo em rela\u00e7\u00e3o aos grandes temas e preocupa\u00e7\u00f5es da a\u00e7\u00e3o evangelizadora da Igreja. Na verdade, se constitui um evento muito favor\u00e1vel para ajudar os fi\u00e9is e coloc\u00e1-los em comunh\u00e3o com a Igreja.<\/p>\n<p style=\"text-align: justify;\">\u00a0\u00a0\u00a0\u00a0\u00a0\u00a0\u00a0\u00a0\u00a0\u00a0\u00a0 A romaria ser\u00e1 o momento alto das celebra\u00e7\u00f5es dos 70 anos da cria\u00e7\u00e3o da Diocese de Passo Fundo e os 10 anos que foi elevada \u00e0 Arquidiocese. O lema que guia as celebra\u00e7\u00f5es dos 70 anos \u00e9 o mesmo da romaria: \u201cPovo Deus, Igreja viva edificamos!\u201d Louvar a Deus pelas maravilhas realizadas. Agradecer os todos &#8211; fi\u00e9is leigos, di\u00e1conos, padres e bispos &#8211; que evangelizaram e evangelizam o Povo Deus presente neste territ\u00f3rio. Tamb\u00e9m \u00e9 tempo de exame de consci\u00eancia para reconhecer os pecados e pedir perd\u00e3o.<\/p>\n<p style=\"text-align: justify;\">\u00a0\u00a0\u00a0\u00a0\u00a0\u00a0\u00a0\u00a0\u00a0\u00a0\u00a0 O tema das voca\u00e7\u00f5es est\u00e1 sempre presente na romaria, pois ela nasceu no Semin\u00e1rio. Lugar onde a arquidiocese de Passo Fundo acolhe jovens vocacionados que desejam ser padres. Lugar onde eles fazem o discernimento vocacional e s\u00e3o preparados para assumirem livremente o minist\u00e9rio presbiteral. Jesus pediu explicitamente que se rezasse nesta inten\u00e7\u00e3o, pois a \u201cmesse \u00e9 grande e os oper\u00e1rios s\u00e3o poucos\u201d.<\/p>\n<p style=\"text-align: justify;\">\u00a0\u00a0\u00a0\u00a0\u00a0\u00a0\u00a0\u00a0\u00a0\u00a0\u00a0 O terceiro convite de ora\u00e7\u00e3o \u00e9 pela Arquidiocese de Passo Fundo que est\u00e1 revisando o seu Diret\u00f3rio, acolhendo as Diretrizes Gerais da A\u00e7\u00e3o Evangelizadora da CNBB, elaborando o Plano de A\u00e7\u00e3o Evangelizadora. Tamb\u00e9m est\u00e1 participando da Assembleia Eclesial Latino Americano e Caribenha e o S\u00ednodo.<\/p>\n<p style=\"text-align: justify;\">\u00a0\u00a0\u00a0\u00a0\u00a0\u00a0\u00a0\u00a0\u00a0\u00a0\u00a0 N\u00e3o \u00e9 poss\u00edvel fazer a grande prociss\u00e3o, mas \u00e9 poss\u00edvel visitar o Santu\u00e1rio que est\u00e1 diariamente aberto. Sem d\u00favida, os dias pr\u00f3ximos a 12 de outubro, convidam mais a irmos at\u00e9 este espa\u00e7o sagrado. Escolha seu dia, fa\u00e7a a sua visita\u00e7\u00e3o, expresse a devo\u00e7\u00e3o e depois disso retorne \u00e0 sua casa para que outros possam entrar e manifestar a sua f\u00e9 e devo\u00e7\u00e3o. Os estacionamentos internos estar\u00e3o abertos, com acesso pelos port\u00f5es secund\u00e1rios.<\/p>\n<p style=\"text-align: justify;\">Por que fazemos romarias? Nelas os devotos t\u00eam diante dos olhos, Maria a M\u00e3e de Deus, a M\u00e3e da Igreja e nossa M\u00e3e, aqui invocada sob o t\u00edtulo de Nossa Senhora Aparecida que os conduz ao encontro de Cristo, caminho, verdade e vida. Por Maria, o romeiro sente-se acompanhado no peregrinar da vida.<\/p>\n","protected":false},"excerpt":{"rendered":"<p>\u00a0\u00a0\u00a0\u00a0\u00a0\u00a0\u00a0\u00a0\u00a0\u00a0\u00a0 Pelo segundo ano consecutivo a Romaria de Nossa Senhora Aparecida, na Arquidiocese de Passo Fundo, n\u00e3o poder\u00e1 acontecer da forma tradicional devido a pandemia. \u00c9 um motivo justo para a preserva\u00e7\u00e3o do maior bem que \u00e9 a vida, dom de Deus e fonte de todos os bens. A pergunta repetida v\u00e1rias vezes \u201cvai ter [&hellip;]<\/p>\n","protected":false},"author":18,"featured_media":55821,"comment_status":"open","ping_status":"closed","sticky":false,"template":"","format":"standard","meta":{"footnotes":""},"categories":[9],"tags":[],"class_list":["post-70549","post","type-post","status-publish","format-standard","has-post-thumbnail","hentry","category-artigos"],"_links":{"self":[{"href":"https:\/\/catolicanet.net\/wp-cnet\/wp-json\/wp\/v2\/posts\/70549","targetHints":{"allow":["GET"]}}],"collection":[{"href":"https:\/\/catolicanet.net\/wp-cnet\/wp-json\/wp\/v2\/posts"}],"about":[{"href":"https:\/\/catolicanet.net\/wp-cnet\/wp-json\/wp\/v2\/types\/post"}],"author":[{"embeddable":true,"href":"https:\/\/catolicanet.net\/wp-cnet\/wp-json\/wp\/v2\/users\/18"}],"replies":[{"embeddable":true,"href":"https:\/\/catolicanet.net\/wp-cnet\/wp-json\/wp\/v2\/comments?post=70549"}],"version-history":[{"count":1,"href":"https:\/\/catolicanet.net\/wp-cnet\/wp-json\/wp\/v2\/posts\/70549\/revisions"}],"predecessor-version":[{"id":70550,"href":"https:\/\/catolicanet.net\/wp-cnet\/wp-json\/wp\/v2\/posts\/70549\/revisions\/70550"}],"wp:featuredmedia":[{"embeddable":true,"href":"https:\/\/catolicanet.net\/wp-cnet\/wp-json\/wp\/v2\/media\/55821"}],"wp:attachment":[{"href":"https:\/\/catolicanet.net\/wp-cnet\/wp-json\/wp\/v2\/media?parent=70549"}],"wp:term":[{"taxonomy":"category","embeddable":true,"href":"https:\/\/catolicanet.net\/wp-cnet\/wp-json\/wp\/v2\/categories?post=70549"},{"taxonomy":"post_tag","embeddable":true,"href":"https:\/\/catolicanet.net\/wp-cnet\/wp-json\/wp\/v2\/tags?post=70549"}],"curies":[{"name":"wp","href":"https:\/\/api.w.org\/{rel}","templated":true}]}}