{"id":70544,"date":"2021-10-15T10:17:50","date_gmt":"2021-10-15T13:17:50","guid":{"rendered":"https:\/\/catolicanet.net\/wp-cnet\/?p=70544"},"modified":"2021-10-13T14:24:42","modified_gmt":"2021-10-13T17:24:42","slug":"paroquia-santa-edwiges-celebra-sua-padroeira-a-santa-dos-endividados-e-desesperancados","status":"publish","type":"post","link":"https:\/\/catolicanet.net\/wp-cnet\/paroquia-santa-edwiges-celebra-sua-padroeira-a-santa-dos-endividados-e-desesperancados\/","title":{"rendered":"Par\u00f3quia Santa Edwiges celebra sua padroeira, a santa dos endividados e desesperan\u00e7ados"},"content":{"rendered":"<h2 style=\"text-align: justify;\"><em>Constru\u00edda a partir da mobiliza\u00e7\u00e3o de fi\u00e9is no distrito do Graja\u00fa, em S\u00e3o Paulo, igreja \u00e9 um dos marcos na regi\u00e3o e festejar\u00e1 sua padroeira nos dias 16 e 17 de outubro<\/em><\/h2>\n<p style=\"text-align: justify;\">Uma par\u00f3quia constitu\u00edda de migrantes de v\u00e1rios estados e cuja hist\u00f3ria se configura a partir de sua luta, conquistas, f\u00e9 e devo\u00e7\u00e3o. \u00c9 assim que o Padre Paulo Alexandre Saraiva, p\u00e1roco da Par\u00f3quia Santa Edwiges, localizada no bairro do Jardim Noronha, distrito do Graja\u00fa, em S\u00e3o Paulo, a define. A igreja surgiu com a ajuda e dedica\u00e7\u00e3o dos fi\u00e9is que agora se preparam, com muita alegria, para a grande festa de sua padroeira, que acontecer\u00e1 durante dois dias: 16\/10 (dia de Santa Edwiges), com missas \u00e0s 10h e \u00e0s 18h, e dia 17\/10, com missa da crisma \u00e0s 8h, celebrada pelo Dom Jos\u00e9 Negri, PIME, Bispo da Diocese de Santo Amaro, seguida por um almo\u00e7o festivo, a partir das 11h.<\/p>\n<p style=\"text-align: justify;\">Padre Paulo v\u00ea duplo motivo para celebrar, j\u00e1 que a festa deste ano marca a retomada das comemora\u00e7\u00f5es presenciais, ap\u00f3s um extenso per\u00edodo de isolamento social, em raz\u00e3o da pandemia. Para o p\u00e1roco, o per\u00edodo foi muito dif\u00edcil, especialmente com a interrup\u00e7\u00e3o das celebra\u00e7\u00f5es presenciais, j\u00e1 que, especialmente em momentos conturbados como esse, a presen\u00e7a na Casa do Pai \u00e9 um meio de fortalecimento espiritual para muitos fi\u00e9is.<\/p>\n<p style=\"text-align: justify;\"><strong>Hist\u00f3ria da Par\u00f3quia Santa Edwiges<\/strong><\/p>\n<p style=\"text-align: justify;\">Tudo come\u00e7ou em 1981, no sal\u00e3o do senhor Ant\u00f4nio, no Jardim Noronha. Oriundo de uma fam\u00edlia tradicional cat\u00f3lica, ele dedicou o espa\u00e7o para celebra\u00e7\u00f5es da palavra de Deus com um seminarista enviado pela Par\u00f3quia Nossa Senhora dos Migrantes.<\/p>\n<p style=\"text-align: justify;\">No in\u00edcio havia poucos leigos, mas, com o aux\u00edlio dos fi\u00e9is, Dom Fernando Figueiredo, ent\u00e3o bispo da Diocese de Santo Amaro, se deslocou at\u00e9 o sal\u00e3o na \u00e9poca para abrir uma vota\u00e7\u00e3o, a fim de definir o nome de comunidade que ali se formara. Em homenagem ao senhor Ant\u00f4nio, que havia falecido, o nome escolhido foi Santo Ant\u00f4nio. Assim, a comunidade foi crescendo, com a ajuda de muitos leigos que faziam a celebra\u00e7\u00e3o da palavra e de sacerdotes que celebravam aos domingos.<\/p>\n<p style=\"text-align: justify;\">Em 24 de mar\u00e7o de 2003, a comunidade se tornou Par\u00f3quia Santa Edwiges por meio de outra vota\u00e7\u00e3o, com a presen\u00e7a de Dom Fernando. Hoje a igreja conta com missas semanais e dominicais, grupo de ora\u00e7\u00e3o, ter\u00e7o dos homens, grupo de jovens, movimento da M\u00e3e Rainha, movimento dos vicentinos, v\u00e1rias pastorais e ampla organiza\u00e7\u00e3o.<\/p>\n<p style=\"text-align: justify;\">Os fi\u00e9is seguem como elemento primordinal da hist\u00f3ria da Par\u00f3quia e a auxiliam com diversas a\u00e7\u00f5es, como arrecada\u00e7\u00e3o de fundos para a igreja, festas e eventos beneficentes. Al\u00e9m disso, h\u00e1 uma grande mobiliza\u00e7\u00e3o para ajudar a popula\u00e7\u00e3o carente da regi\u00e3o, especialmente na pandemia.<\/p>\n<p style=\"text-align: justify;\">\u201cCom a retomada presencial, n\u00f3s intensificamos as atividades pastorais e servi\u00e7os de caridade, como a distribui\u00e7\u00e3o de alimentos em larga escala para atender a extrema necessidade do nosso povo simples e carente de recursos\u201d, afirma o p\u00e1roco. Para ele, essa assist\u00eancia faz perceber a viv\u00eancia e a espiritualidade de Santa Edwiges tanto na par\u00f3quia como na comunidade.<\/p>\n<p style=\"text-align: justify;\">Ele tamb\u00e9m ressalta a honra de receber algumas rel\u00edquias na Par\u00f3quia, como a da pr\u00f3pria padroeira, que esteve na igreja nos dias 2 e 3 de outubro, e a de Nh\u00e1 Chica \u2013 leiga brasileira considerada beata pela Igreja Cat\u00f3lica \u2013 que chegar\u00e1 no dia 15 de outubro. Trata-se de um momento para aprofundar o conhecimento sobre a vida de duas mulheres que se colocaram totalmente a servi\u00e7o dos mais pobres, fortalecendo a f\u00e9 e a esperan\u00e7a nestes tempos dif\u00edceis.<\/p>\n<p style=\"text-align: justify;\"><strong>Devo\u00e7\u00e3o a Santa Edwiges<\/strong><\/p>\n<p style=\"text-align: justify;\">Considerada a padroeira dos pobres e endividados, Edwiges nasceu no ano de 1174 em uma fam\u00edlia nobre da Idade M\u00e9dia. Ela ficou conhecida por ajudar financeiramente os mais necessitados, incluindo pobres, enfermos, encarcerados, vi\u00favas, crian\u00e7as abandonadas, prostitutas e muitos outros. Ap\u00f3s ficar vi\u00fava, ela retirou-se para o convento de Tr\u00e9bnitz, na Pol\u00f4nia hoje, onde permaneceu at\u00e9 sua morte, aos 69 anos. Por isso, \u00e9 muito comum que, no dia 16\/10, as pessoas rezem pela Santa para conseguirem um emprego e\/ou quitarem suas d\u00edvidas.<\/p>\n<p style=\"text-align: justify;\"><strong>Servi\u00e7o:<\/strong><\/p>\n<p style=\"text-align: justify;\"><em>Festa de Santa Edwiges <\/em><\/p>\n<p style=\"text-align: justify;\">Dia 16\/10: missas \u00e0s 10h e \u00e0s 18h<\/p>\n<p style=\"text-align: justify;\">Dia 17\/10: missa \u00e0s 8h<\/p>\n<p style=\"text-align: justify;\">Par\u00f3quia Santa Edwiges: Rua Rufino Zado, 333, Jardim Noronha, S\u00e3o Paulo (SP)<\/p>\n","protected":false},"excerpt":{"rendered":"<p>Constru\u00edda a partir da mobiliza\u00e7\u00e3o de fi\u00e9is no distrito do Graja\u00fa, em S\u00e3o Paulo, igreja \u00e9 um dos marcos na regi\u00e3o e festejar\u00e1 sua padroeira nos dias 16 e 17 de outubro Uma par\u00f3quia constitu\u00edda de migrantes de v\u00e1rios estados e cuja hist\u00f3ria se configura a partir de sua luta, conquistas, f\u00e9 e devo\u00e7\u00e3o. \u00c9 [&hellip;]<\/p>\n","protected":false},"author":1,"featured_media":70545,"comment_status":"open","ping_status":"closed","sticky":false,"template":"","format":"standard","meta":{"footnotes":""},"categories":[4,13],"tags":[],"class_list":["post-70544","post","type-post","status-publish","format-standard","has-post-thumbnail","hentry","category-cotidiano","category-featured"],"_links":{"self":[{"href":"https:\/\/catolicanet.net\/wp-cnet\/wp-json\/wp\/v2\/posts\/70544","targetHints":{"allow":["GET"]}}],"collection":[{"href":"https:\/\/catolicanet.net\/wp-cnet\/wp-json\/wp\/v2\/posts"}],"about":[{"href":"https:\/\/catolicanet.net\/wp-cnet\/wp-json\/wp\/v2\/types\/post"}],"author":[{"embeddable":true,"href":"https:\/\/catolicanet.net\/wp-cnet\/wp-json\/wp\/v2\/users\/1"}],"replies":[{"embeddable":true,"href":"https:\/\/catolicanet.net\/wp-cnet\/wp-json\/wp\/v2\/comments?post=70544"}],"version-history":[{"count":1,"href":"https:\/\/catolicanet.net\/wp-cnet\/wp-json\/wp\/v2\/posts\/70544\/revisions"}],"predecessor-version":[{"id":70546,"href":"https:\/\/catolicanet.net\/wp-cnet\/wp-json\/wp\/v2\/posts\/70544\/revisions\/70546"}],"wp:featuredmedia":[{"embeddable":true,"href":"https:\/\/catolicanet.net\/wp-cnet\/wp-json\/wp\/v2\/media\/70545"}],"wp:attachment":[{"href":"https:\/\/catolicanet.net\/wp-cnet\/wp-json\/wp\/v2\/media?parent=70544"}],"wp:term":[{"taxonomy":"category","embeddable":true,"href":"https:\/\/catolicanet.net\/wp-cnet\/wp-json\/wp\/v2\/categories?post=70544"},{"taxonomy":"post_tag","embeddable":true,"href":"https:\/\/catolicanet.net\/wp-cnet\/wp-json\/wp\/v2\/tags?post=70544"}],"curies":[{"name":"wp","href":"https:\/\/api.w.org\/{rel}","templated":true}]}}