{"id":70505,"date":"2021-10-13T09:08:51","date_gmt":"2021-10-13T12:08:51","guid":{"rendered":"https:\/\/catolicanet.net\/wp-cnet\/?p=70505"},"modified":"2021-10-13T13:13:50","modified_gmt":"2021-10-13T16:13:50","slug":"igreja-em-saida-em-sao-paulo-pe-julio-lancellotti-convive-com-os-pobres-como-jesus","status":"publish","type":"post","link":"https:\/\/catolicanet.net\/wp-cnet\/igreja-em-saida-em-sao-paulo-pe-julio-lancellotti-convive-com-os-pobres-como-jesus\/","title":{"rendered":"Igreja em sa\u00edda: em S\u00e3o Paulo, Pe. J\u00falio Lancellotti convive com os pobres como Jesus"},"content":{"rendered":"<div class=\"article__subTitle\" style=\"text-align: justify;\">Ao lado dos pobres, como ensina Cristo. Essa foi a principal mensagem refor\u00e7ada pelo Papa Francisco quando telefonou ao Pe. J\u00falio Lancellotti em outubro do ano passado. Uma miss\u00e3o que j\u00e1 faz parte da rotina do sacerdote que diariamente acolhe, no cora\u00e7\u00e3o e no Centro S\u00e3o Martinho, centenas de pessoas em situa\u00e7\u00e3o de rua da maior cidade do Brasil<\/div>\n<div class=\"title__separator\" style=\"text-align: justify;\"><\/div>\n<div class=\"article__text \">\n<p style=\"text-align: justify;\"><b>Mateus Lino, Brasil*<\/b><\/p>\n<p><iframe loading=\"lazy\" title=\"Igreja em sa\u00edda: em S\u00e3o Paulo, Pe. J\u00falio Lancellotti convive com os pobres como Jesus\" width=\"696\" height=\"392\" src=\"https:\/\/www.youtube.com\/embed\/x13LuxTEKO8?feature=oembed\" frameborder=\"0\" allow=\"accelerometer; autoplay; clipboard-write; encrypted-media; gyroscope; picture-in-picture\" allowfullscreen><\/iframe><\/p>\n<p style=\"text-align: justify;\">\u201c<b>N\u00f3s convivemos com a popula\u00e7\u00e3o que est\u00e1 em situa\u00e7\u00e3o de rua em S\u00e3o Paulo, que hoje s\u00e3o mais de 30 mil pessoas: aumenta o n\u00famero de mulheres, aumenta o n\u00famero de crian\u00e7as. Ent\u00e3o, \u00e9 uma situa\u00e7\u00e3o, como chama o Papa Francisco, de descarte. \u00c9 um grande descarte da popula\u00e7\u00e3o, grande descarte dos pobres que, t\u00eam como \u00faltimo lugar, a rua e acabam sobrevivendo pelas ruas da cidade.<\/b>\u201d<\/p>\n<div style=\"text-align: justify;\">\n<div class=\"article__embed article__embed--unwrap article__embed--dark\">\n<div class=\"article__innerTitle\">Ou\u00e7a e compartilhe!<\/div>\n<div>\n<!--[if lt IE 9]><script>document.createElement('audio');<\/script><![endif]-->\n<audio class=\"wp-audio-shortcode\" id=\"audio-70505-1\" preload=\"none\" style=\"width: 100%;\" controls=\"controls\"><source type=\"audio\/mpeg\" src=\"https:\/\/media.vaticannews.va\/media\/audio\/s1\/2021\/10\/12\/10\/136213843_F136213843.mp3?_=1\" \/><a href=\"https:\/\/media.vaticannews.va\/media\/audio\/s1\/2021\/10\/12\/10\/136213843_F136213843.mp3\">https:\/\/media.vaticannews.va\/media\/audio\/s1\/2021\/10\/12\/10\/136213843_F136213843.mp3<\/a><\/audio>\n<\/div>\n<\/div>\n<\/div>\n<p style=\"text-align: justify;\">O Padre J\u00falio Lancellotti \u00e9 quem faz um raio-x do caos social vivido na maior cidade do Brasil, onde ele se encontra e trabalha no combate \u00e0 fome. Coordenador da Pastoral do Povo de Rua, aos 72 anos a sua miss\u00e3o \u00e9 ser uma \u201cIgreja em sa\u00edda\u201d, assim como o Papa Francisco pede.<\/p>\n<div style=\"text-align: justify;\">\n<div class=\"article__embed article__embed--unwrap article__embed--photo\">\n<figure><picture><img decoding=\"async\" class=\"loaded\" src=\"https:\/\/www.vaticannews.va\/content\/dam\/vaticannews\/multimedia\/2021\/07\/19\/7AEM.jpg\/_jcr_content\/renditions\/cq5dam.thumbnail.cropped.750.422.jpeg\" alt=\"O Pe. J\u00falio em contato estreito com os pobres pelas ruas de S\u00e3o Paulo\" data-original=\"\/content\/dam\/vaticannews\/multimedia\/2021\/07\/19\/7AEM.jpg\/_jcr_content\/renditions\/cq5dam.thumbnail.cropped.750.422.jpeg\" data-was-processed=\"true\" \/><\/picture><\/figure>\n<div class=\"photo_embed--Title\">O Pe. J\u00falio em contato estreito com os pobres pelas ruas de S\u00e3o Paulo<\/div>\n<\/div>\n<\/div>\n<h2 style=\"text-align: justify;\"><b>A rotina do Pe. J\u00falio<\/b><\/h2>\n<p style=\"text-align: justify;\">De jaleco branco e avental da Santa Dulce dos Pobres &#8211; da qual \u00e9 devoto \u2013 Pe. J\u00falio conta que a miss\u00e3o com os mais pobres entrou na sua vida quando era crian\u00e7a. Na \u00e9poca, acompanhava o trabalho do pai, que colaborava no servi\u00e7o social de menores. J\u00falio, assim, brincava com as crian\u00e7as: \u201csempre convivi com elas e sempre me chama a aten\u00e7\u00e3o a viol\u00eancia das autoridades com os pobres\u201d, afirma o sacerdote.<\/p>\n<p style=\"text-align: justify;\">Todos os dias, em frente \u00e0 sua par\u00f3quia, a de S\u00e3o Miguel Arcanjo, no bairro da Mooca, Pe. J\u00falio sai com um carrinho cheio de alimentos e de m\u00e1scaras. As rodas chegam a estar desgastadas e j\u00e1 est\u00e1 dif\u00edcil levar o carrinho. Mas o padre consegue, pois carrega nas costas um prop\u00f3sito de vida que encontra diariamente no Centro S\u00e3o Martinho, a duas quadras da igreja. No local, 500 pessoas em situa\u00e7\u00e3o de rua ganham o caf\u00e9 da manh\u00e3 que, para muitos, \u00e9 a \u00fanica refei\u00e7\u00e3o do dia.<\/p>\n<div style=\"text-align: justify;\">\n<div class=\"article__embed article__embed--unwrap article__embed--photo\">\n<figure><picture><img decoding=\"async\" class=\"loaded\" src=\"https:\/\/www.vaticannews.va\/content\/dam\/vaticannews\/multimedia\/2021\/07\/19\/10AEM.jpg\/_jcr_content\/renditions\/cq5dam.thumbnail.cropped.750.422.jpeg\" alt=\"De carrinho cheio \u00e0quele vazio, depois das doa\u00e7\u00f5es aos pobres\" data-original=\"\/content\/dam\/vaticannews\/multimedia\/2021\/07\/19\/10AEM.jpg\/_jcr_content\/renditions\/cq5dam.thumbnail.cropped.750.422.jpeg\" data-was-processed=\"true\" \/><\/picture><\/figure>\n<div class=\"photo_embed--Title\">De carrinho cheio \u00e0quele vazio, depois das doa\u00e7\u00f5es aos pobres<\/div>\n<\/div>\n<\/div>\n<p style=\"text-align: justify;\">As pessoas que aguardam fazem ora\u00e7\u00f5es e agradecem ao padre. Muitos s\u00e3o os elogios. A todo instante, ele atende as pessoas que carregam olhares de esperan\u00e7a. Bem alimentadas e com o conforto da oferta, saem do Centro S\u00e3o Martinho para enfrentar mais um dia de rua.<\/p>\n<h2 style=\"text-align: justify;\"><b>As doa\u00e7\u00f5es di\u00e1rias aos pobres<\/b><\/h2>\n<p style=\"text-align: justify;\">Ao voltar para a par\u00f3quia, o Pe. J\u00falio distribui os \u00faltimos p\u00e3es que sobraram no carrinho. \u00c9 hora de separar as tantas doa\u00e7\u00f5es que chegam diariamente e a todo o instante: s\u00e3o alimentos, roupas e produtos de higiene pessoal. A separa\u00e7\u00e3o dos itens \u00e9 feita a quatro m\u00e3os. Os volunt\u00e1rios trabalham para que, em pouco tempo, tudo fique pronto para ser distribu\u00eddo por toda S\u00e3o Paulo. Victor \u00c2ngelo, volunt\u00e1rio, comenta sobre o papel social do sacerdote na cidade: \u201ceu j\u00e1 vi pessoas conseguindo casa, documenta\u00e7\u00e3o e saindo dessa situa\u00e7\u00e3o de rua. O padre faz muito disso, ele corre atr\u00e1s de assist\u00eancia social para essas pessoas\u201d.<\/p>\n<div style=\"text-align: justify;\">\n<div class=\"article__embed article__embed--unwrap article__embed--photo\">\n<figure><picture><img decoding=\"async\" class=\"loaded\" src=\"https:\/\/www.vaticannews.va\/content\/dam\/vaticannews\/multimedia\/2021\/07\/19\/41AEM.jpg\/_jcr_content\/renditions\/cq5dam.thumbnail.cropped.750.422.jpeg\" alt=\"O Pe. J\u00falio ajudando os pobres no Centro S\u00e3o Martinho, em S\u00e3o Paulo\" data-original=\"\/content\/dam\/vaticannews\/multimedia\/2021\/07\/19\/41AEM.jpg\/_jcr_content\/renditions\/cq5dam.thumbnail.cropped.750.422.jpeg\" data-was-processed=\"true\" \/><\/picture><\/figure>\n<div class=\"photo_embed--Title\">O Pe. J\u00falio ajudando os pobres no Centro S\u00e3o Martinho, em S\u00e3o Paulo<\/div>\n<\/div>\n<\/div>\n<h2 style=\"text-align: justify;\"><b>Dar voz aos pobres e vulner\u00e1veis<\/b><\/h2>\n<p style=\"text-align: justify;\">Segundo o pr\u00f3prio Pe. J\u00falio, \u00e9 preciso promover a cultura do encontro, t\u00e3o incentivada pelo Papa Francisco, ao inv\u00e9s de continuar descartando as pessoas em situa\u00e7\u00e3o de rua. E \u00e9 justamente esse o servi\u00e7o realizado pela Pastoral do Povo de Rua de S\u00e3o Paulo, a pedido do Pont\u00edfice na Laudato Si\u2019, que \u00e9 dar voz aos pobres e vulner\u00e1veis.<\/p>\n<p style=\"text-align: justify;\"><b>\u201cConviver. Conviver com eles, celebrar com eles, construir com eles. Fazer o p\u00e3o com eles e comer junto o p\u00e3o.\u201d<\/b><\/p>\n<div style=\"text-align: justify;\">\n<div class=\"article__embed article__embed--unwrap article__embed--photo\">\n<figure><picture><img decoding=\"async\" class=\"loaded\" src=\"https:\/\/www.vaticannews.va\/content\/dam\/vaticannews\/multimedia\/2021\/07\/19\/12aAEM.jpg\/_jcr_content\/renditions\/cq5dam.thumbnail.cropped.750.422.jpeg\" alt=\"A doa\u00e7\u00e3o de Pe. J\u00falio que mata a fome e conforta o cora\u00e7\u00e3o\" data-original=\"\/content\/dam\/vaticannews\/multimedia\/2021\/07\/19\/12aAEM.jpg\/_jcr_content\/renditions\/cq5dam.thumbnail.cropped.750.422.jpeg\" data-was-processed=\"true\" \/><\/picture><\/figure>\n<div class=\"photo_embed--Title\">A doa\u00e7\u00e3o de Pe. J\u00falio que mata a fome e conforta o cora\u00e7\u00e3o<\/div>\n<\/div>\n<\/div>\n<h2 style=\"text-align: justify;\"><b>O telefonema do Papa<\/b><\/h2>\n<p style=\"text-align: justify;\">Essa foi a mais importante indica\u00e7\u00e3o recebida pelo Pont\u00edfice, quando o Pe. J\u00falio foi surpreendido com um telefonema naquele 10 de outubro de 2020. Era o pr\u00f3prio Papa Francisco do outro lado da linha, que entrava em contato direto do Vaticano para apoiar o trabalho junto aos pobres no Brasil.<\/p>\n<p style=\"text-align: justify;\"><b>\u201cFalar com Papa Francisco por telefone foi um momento muito emotivo, muito bom, de muito entusiasmo. E, o que muda talvez \u00e9 porque d\u00ea visibilidade, porque as pessoas ficam sabendo e sabem que sempre o Papa Francisco telefona para quem est\u00e1 passando por um desafio, por uma dificuldade ou quando ele quer passar uma mensagem importante. E a mensagem importante que ele passou \u00e9: \u2018cuidem dos pobres, estejam junto com eles\u2019. E o que ele me disse: \u2018conviva com os pobres como Jesus\u2019.\u201d<\/b><\/p>\n<p style=\"text-align: justify;\"><i>*Colabora\u00e7\u00e3o: T\u00e1rsila Elbert e Andressa Collet<\/i><\/p>\n<div>\n<div class=\"article__embed article__embed--unwrap article__embed--photo\">\n<figure style=\"text-align: justify;\"><picture><img decoding=\"async\" class=\"loaded\" src=\"https:\/\/www.vaticannews.va\/content\/dam\/vaticannews\/multimedia\/2021\/07\/19\/11AEM.jpg\/_jcr_content\/renditions\/cq5dam.thumbnail.cropped.750.422.jpeg\" alt=\"A miss\u00e3o de Pe. J\u00falio, aos 72 anos, \u00e9 dar dignidade de moradia aos pobres de S\u00e3o Paulo\" data-original=\"\/content\/dam\/vaticannews\/multimedia\/2021\/07\/19\/11AEM.jpg\/_jcr_content\/renditions\/cq5dam.thumbnail.cropped.750.422.jpeg\" data-was-processed=\"true\" \/><\/picture><\/figure>\n<div class=\"photo_embed--Title\" style=\"text-align: justify;\">A miss\u00e3o de Pe. J\u00falio, aos 72 anos, \u00e9 dar dignidade de moradia aos pobres de S\u00e3o Paulo<\/div>\n<\/div>\n<\/div>\n<\/div>\n","protected":false},"excerpt":{"rendered":"<p>Ao lado dos pobres, como ensina Cristo. Essa foi a principal mensagem refor\u00e7ada pelo Papa Francisco quando telefonou ao Pe. J\u00falio Lancellotti em outubro do ano passado. Uma miss\u00e3o que j\u00e1 faz parte da rotina do sacerdote que diariamente acolhe, no cora\u00e7\u00e3o e no Centro S\u00e3o Martinho, centenas de pessoas em situa\u00e7\u00e3o de rua da [&hellip;]<\/p>\n","protected":false},"author":1,"featured_media":70506,"comment_status":"open","ping_status":"closed","sticky":false,"template":"","format":"standard","meta":{"footnotes":""},"categories":[3],"tags":[],"class_list":["post-70505","post","type-post","status-publish","format-standard","has-post-thumbnail","hentry","category-vaticano"],"_links":{"self":[{"href":"https:\/\/catolicanet.net\/wp-cnet\/wp-json\/wp\/v2\/posts\/70505","targetHints":{"allow":["GET"]}}],"collection":[{"href":"https:\/\/catolicanet.net\/wp-cnet\/wp-json\/wp\/v2\/posts"}],"about":[{"href":"https:\/\/catolicanet.net\/wp-cnet\/wp-json\/wp\/v2\/types\/post"}],"author":[{"embeddable":true,"href":"https:\/\/catolicanet.net\/wp-cnet\/wp-json\/wp\/v2\/users\/1"}],"replies":[{"embeddable":true,"href":"https:\/\/catolicanet.net\/wp-cnet\/wp-json\/wp\/v2\/comments?post=70505"}],"version-history":[{"count":1,"href":"https:\/\/catolicanet.net\/wp-cnet\/wp-json\/wp\/v2\/posts\/70505\/revisions"}],"predecessor-version":[{"id":70507,"href":"https:\/\/catolicanet.net\/wp-cnet\/wp-json\/wp\/v2\/posts\/70505\/revisions\/70507"}],"wp:featuredmedia":[{"embeddable":true,"href":"https:\/\/catolicanet.net\/wp-cnet\/wp-json\/wp\/v2\/media\/70506"}],"wp:attachment":[{"href":"https:\/\/catolicanet.net\/wp-cnet\/wp-json\/wp\/v2\/media?parent=70505"}],"wp:term":[{"taxonomy":"category","embeddable":true,"href":"https:\/\/catolicanet.net\/wp-cnet\/wp-json\/wp\/v2\/categories?post=70505"},{"taxonomy":"post_tag","embeddable":true,"href":"https:\/\/catolicanet.net\/wp-cnet\/wp-json\/wp\/v2\/tags?post=70505"}],"curies":[{"name":"wp","href":"https:\/\/api.w.org\/{rel}","templated":true}]}}