{"id":70476,"date":"2021-10-06T09:07:43","date_gmt":"2021-10-06T12:07:43","guid":{"rendered":"https:\/\/catolicanet.net\/wp-cnet\/?p=70476"},"modified":"2021-10-06T13:11:44","modified_gmt":"2021-10-06T16:11:44","slug":"de-joelhos-homens-rezam-o-terco-na-rua-na-irlanda","status":"publish","type":"post","link":"https:\/\/catolicanet.net\/wp-cnet\/de-joelhos-homens-rezam-o-terco-na-rua-na-irlanda\/","title":{"rendered":"De joelhos, homens rezam o ter\u00e7o na rua na Irlanda"},"content":{"rendered":"<p style=\"text-align: justify;\">Mais de cem homens se reuniram para rezar o ter\u00e7o em uma rua de Derry, Irlanda, no s\u00e1bado 2 de outubro e o v\u00eddeo da demonstra\u00e7\u00e3o p\u00fablica de f\u00e9 viralizou nas redes sociais.<\/p>\n<div class=\"twitter-tweet twitter-tweet-rendered\" style=\"text-align: justify;\"><iframe id=\"twitter-widget-0\" class=\"\" title=\"Twitter Tweet\" src=\"https:\/\/platform.twitter.com\/embed\/Tweet.html?creatorScreenName=acidigital&amp;dnt=false&amp;embedId=twitter-widget-0&amp;features=eyJ0ZndfZXhwZXJpbWVudHNfY29va2llX2V4cGlyYXRpb24iOnsiYnVja2V0IjoxMjA5NjAwLCJ2ZXJzaW9uIjpudWxsfSwidGZ3X2hvcml6b25fdHdlZXRfZW1iZWRfOTU1NSI6eyJidWNrZXQiOiJodGUiLCJ2ZXJzaW9uIjpudWxsfSwidGZ3X3NwYWNlX2NhcmQiOnsiYnVja2V0Ijoib2ZmIiwidmVyc2lvbiI6bnVsbH19&amp;frame=false&amp;hideCard=false&amp;hideThread=false&amp;id=1444928636390240257&amp;lang=en&amp;origin=https%3A%2F%2Fwww.acidigital.com%2Fnoticias%2Fde-joelhos-homens-rezam-o-terco-na-rua-na-irlanda-64363&amp;sessionId=b7aff6983865a52d518d3ba4ae7be2679a0aefbb&amp;siteScreenName=acidigital&amp;theme=light&amp;widgetsVersion=fcb1942%3A1632982954711&amp;width=550px\" frameborder=\"0\" scrolling=\"no\" allowfullscreen=\"allowfullscreen\" data-tweet-id=\"1444928636390240257\" data-mce-fragment=\"1\"><\/iframe><\/div>\n<p style=\"text-align: justify;\">Segundo\u00a0<a href=\"https:\/\/www.catholicarena.com\/latest\/2021\/10\/3\/cs1lh2zd23p3fnstd5mg35zt37vve1\">Catholic Arena<\/a>, site de informa\u00e7\u00f5es cat\u00f3licas da Irlanda, nos \u00faltimos meses centenas de pessoas se reuniram em diferentes cidades polonesas para rezar o ter\u00e7o e os homens da Irlanda decidiram fazer a mesma coisa.<\/p>\n<p style=\"text-align: justify;\">Homens de todo o pa\u00eds e de Belfast, capital da Irlanda do Norte, que faz arte do Reino Unido se encontraram em Derry para rezar o santo ter\u00e7o diante da imagem de Nossa Senhora de F\u00e1tima.<\/p>\n<p style=\"text-align: justify;\">\u00a0&#8220;O evento foi organizado conjuntamente por Owen Gallagher e Patrick McCrystal, o diretor executivo da organiza\u00e7\u00e3o pr\u00f3-vida\u00a0<em>Human Life International Ireland<\/em>, que tem sede na cidade de Knock, onde Nossa Senhora apareceu em 1879&#8243;, disse\u00a0<a href=\"https:\/\/www.shalomworld.org\/news\/catholic-men-in-ireland-take-part-in-rosary-rally-in-the-city-of-derry\">Shalom World.<\/a><\/p>\n<p style=\"text-align: justify;\"><iframe loading=\"lazy\" title=\"YouTube video player\" src=\"https:\/\/www.youtube.com\/embed\/eZt-SvM2JPU\" width=\"644\" height=\"387\" frameborder=\"0\" allowfullscreen=\"allowfullscreen\" data-mce-fragment=\"1\"><\/iframe><\/p>\n<p style=\"text-align: justify;\">Entre os homens que se reuniram para rezar de joelhos a Nossa Senhora estavam tr\u00eas padres e o ex-t\u00e9cnico do time de futebol Tyroen Gaelic, Mickey Harte, que puxou uma das dezenas do ter\u00e7o. Participaram tamb\u00e9m algumas mulheres que apoiam a iniciativa e as esposas dos participantes.<\/p>\n<p style=\"text-align: justify;\">Shalom World, rede de TV cat\u00f3lica com sede nos EUA, disse que McCrystal j\u00e1 convocou outra reuni\u00e3o mensal mista para rezar o ter\u00e7o no primeiro s\u00e1bado de outubro em Derry.<\/p>\n<p style=\"text-align: justify;\">Al\u00e9m disso, atrav\u00e9s das redes sociais outro ter\u00e7o dos homens foi convocado em &#8220;repara\u00e7\u00e3o, arrependimento e convers\u00e3o do pa\u00eds&#8221; no dia 6 de outubro, em Newry, Irlanda.<\/p>\n<div class=\"twitter-tweet twitter-tweet-rendered\" style=\"text-align: justify;\"><iframe id=\"twitter-widget-1\" class=\"\" title=\"Twitter Tweet\" src=\"https:\/\/platform.twitter.com\/embed\/Tweet.html?creatorScreenName=acidigital&amp;dnt=false&amp;embedId=twitter-widget-1&amp;features=eyJ0ZndfZXhwZXJpbWVudHNfY29va2llX2V4cGlyYXRpb24iOnsiYnVja2V0IjoxMjA5NjAwLCJ2ZXJzaW9uIjpudWxsfSwidGZ3X2hvcml6b25fdHdlZXRfZW1iZWRfOTU1NSI6eyJidWNrZXQiOiJodGUiLCJ2ZXJzaW9uIjpudWxsfSwidGZ3X3NwYWNlX2NhcmQiOnsiYnVja2V0Ijoib2ZmIiwidmVyc2lvbiI6bnVsbH19&amp;frame=false&amp;hideCard=false&amp;hideThread=false&amp;id=1444711233849020425&amp;lang=en&amp;origin=https%3A%2F%2Fwww.acidigital.com%2Fnoticias%2Fde-joelhos-homens-rezam-o-terco-na-rua-na-irlanda-64363&amp;sessionId=b7aff6983865a52d518d3ba4ae7be2679a0aefbb&amp;siteScreenName=acidigital&amp;theme=light&amp;widgetsVersion=fcb1942%3A1632982954711&amp;width=550px\" frameborder=\"0\" scrolling=\"no\" allowfullscreen=\"allowfullscreen\" data-tweet-id=\"1444711233849020425\" data-mce-fragment=\"1\"><\/iframe><\/div>\n<div class=\"twitter-tweet twitter-tweet-rendered\" style=\"text-align: justify;\"><iframe id=\"twitter-widget-2\" class=\"\" title=\"Twitter Tweet\" src=\"https:\/\/platform.twitter.com\/embed\/Tweet.html?creatorScreenName=acidigital&amp;dnt=false&amp;embedId=twitter-widget-2&amp;features=eyJ0ZndfZXhwZXJpbWVudHNfY29va2llX2V4cGlyYXRpb24iOnsiYnVja2V0IjoxMjA5NjAwLCJ2ZXJzaW9uIjpudWxsfSwidGZ3X2hvcml6b25fdHdlZXRfZW1iZWRfOTU1NSI6eyJidWNrZXQiOiJodGUiLCJ2ZXJzaW9uIjpudWxsfSwidGZ3X3NwYWNlX2NhcmQiOnsiYnVja2V0Ijoib2ZmIiwidmVyc2lvbiI6bnVsbH19&amp;frame=false&amp;hideCard=false&amp;hideThread=false&amp;id=1444603778305560576&amp;lang=en&amp;origin=https%3A%2F%2Fwww.acidigital.com%2Fnoticias%2Fde-joelhos-homens-rezam-o-terco-na-rua-na-irlanda-64363&amp;sessionId=b7aff6983865a52d518d3ba4ae7be2679a0aefbb&amp;siteScreenName=acidigital&amp;theme=light&amp;widgetsVersion=fcb1942%3A1632982954711&amp;width=550px\" frameborder=\"0\" scrolling=\"no\" allowfullscreen=\"allowfullscreen\" data-tweet-id=\"1444603778305560576\" data-mce-fragment=\"1\"><\/iframe><\/div>\n<p style=\"text-align: justify;\">\n","protected":false},"excerpt":{"rendered":"<p>Mais de cem homens se reuniram para rezar o ter\u00e7o em uma rua de Derry, Irlanda, no s\u00e1bado 2 de outubro e o v\u00eddeo da demonstra\u00e7\u00e3o p\u00fablica de f\u00e9 viralizou nas redes sociais. Segundo\u00a0Catholic Arena, site de informa\u00e7\u00f5es cat\u00f3licas da Irlanda, nos \u00faltimos meses centenas de pessoas se reuniram em diferentes cidades polonesas para rezar [&hellip;]<\/p>\n","protected":false},"author":1,"featured_media":70477,"comment_status":"open","ping_status":"closed","sticky":false,"template":"","format":"standard","meta":{"footnotes":""},"categories":[4],"tags":[],"class_list":["post-70476","post","type-post","status-publish","format-standard","has-post-thumbnail","hentry","category-cotidiano"],"_links":{"self":[{"href":"https:\/\/catolicanet.net\/wp-cnet\/wp-json\/wp\/v2\/posts\/70476","targetHints":{"allow":["GET"]}}],"collection":[{"href":"https:\/\/catolicanet.net\/wp-cnet\/wp-json\/wp\/v2\/posts"}],"about":[{"href":"https:\/\/catolicanet.net\/wp-cnet\/wp-json\/wp\/v2\/types\/post"}],"author":[{"embeddable":true,"href":"https:\/\/catolicanet.net\/wp-cnet\/wp-json\/wp\/v2\/users\/1"}],"replies":[{"embeddable":true,"href":"https:\/\/catolicanet.net\/wp-cnet\/wp-json\/wp\/v2\/comments?post=70476"}],"version-history":[{"count":1,"href":"https:\/\/catolicanet.net\/wp-cnet\/wp-json\/wp\/v2\/posts\/70476\/revisions"}],"predecessor-version":[{"id":70478,"href":"https:\/\/catolicanet.net\/wp-cnet\/wp-json\/wp\/v2\/posts\/70476\/revisions\/70478"}],"wp:featuredmedia":[{"embeddable":true,"href":"https:\/\/catolicanet.net\/wp-cnet\/wp-json\/wp\/v2\/media\/70477"}],"wp:attachment":[{"href":"https:\/\/catolicanet.net\/wp-cnet\/wp-json\/wp\/v2\/media?parent=70476"}],"wp:term":[{"taxonomy":"category","embeddable":true,"href":"https:\/\/catolicanet.net\/wp-cnet\/wp-json\/wp\/v2\/categories?post=70476"},{"taxonomy":"post_tag","embeddable":true,"href":"https:\/\/catolicanet.net\/wp-cnet\/wp-json\/wp\/v2\/tags?post=70476"}],"curies":[{"name":"wp","href":"https:\/\/api.w.org\/{rel}","templated":true}]}}