{"id":70378,"date":"2021-09-29T09:19:21","date_gmt":"2021-09-29T12:19:21","guid":{"rendered":"https:\/\/catolicanet.net\/wp-cnet\/?p=70378"},"modified":"2021-10-01T15:25:52","modified_gmt":"2021-10-01T18:25:52","slug":"a-essencia-da-missao","status":"publish","type":"post","link":"https:\/\/catolicanet.net\/wp-cnet\/a-essencia-da-missao\/","title":{"rendered":"A ess\u00eancia da miss\u00e3o"},"content":{"rendered":"<p style=\"text-align: justify;\">Outubro pede de n\u00f3s, crist\u00e3os, um renovado ardor mission\u00e1rio, hoje mais do que nunca! Jamais devemos prescindir desse ardor, encontrando eco no valor indescrit\u00edvel da ora\u00e7\u00e3o como sustento da a\u00e7\u00e3o evangelizadora da Igreja, sucesso de todo um trabalho, que, evidentemente, passa pela \u00edntima e estreita uni\u00e3o com Aquele que \u00e9 a ess\u00eancia da miss\u00e3o: Jesus de Nazar\u00e9. Que a Igreja, sacramento de salva\u00e7\u00e3o, continue firme, com alegria desmedida, a anunciar o Evangelho do Senhor no nosso tempo, sem nunca perder de vista a natureza da miss\u00e3o, que \u00e9 partir at\u00e9 os confins do mundo, como ensina o Livro Sagrado: \u201cComo \u00e9 encantador ver o mensageiro pelas montanhas, trazendo not\u00edcias de paz, boas not\u00edcias de salva\u00e7\u00e3o!\u201d.<\/p>\n<p style=\"text-align: justify;\">Voltemo-nos ao Servo de Deus, Dom Helder C\u00e2mara, numa enorme vontade de ver a terra abarrotada e recheada da gl\u00f3ria de Deus, numa contribui\u00e7\u00e3o dilatadora da obra mission\u00e1ria da Igreja, ao afirmar: \u201cMiss\u00e3o \u00e9 partir, \u00e9 n\u00e3o se deixar bloquear nos problemas do pequeno mundo a que pertencemos; a humanidade \u00e9 maior. Miss\u00e3o \u00e9 partir, mas sem devorar quil\u00f4metros. \u00c9, sobretudo, abrir-se aos outros como irm\u00e3os, descobri-los e encontr\u00e1-los. E, se para encontr\u00e1-los e am\u00e1-los \u00e9 preciso atravessar os mares e voar l\u00e1 nos c\u00e9us, ent\u00e3o Miss\u00e3o \u00e9 partir at\u00e9 os confins do mundo\u201d.<\/p>\n<p style=\"text-align: justify;\">\u00c0 medida que passam os tempos, a miss\u00e3o da Igreja merece uma maior e elevada vigil\u00e2ncia, sempre acompanhada de uma renova\u00e7\u00e3o consequente e ardorosa da parte dos crist\u00e3os. Faz-se mais necess\u00e1rio o valor indiz\u00edvel da ora\u00e7\u00e3o como sustento da obra e a\u00e7\u00e3o mission\u00e1ria da Igreja. O salutar resultado de todo \u00e1rduo desempenho mission\u00e1rio se apoia e se sujeita, evidentemente, a um acolhedor amparo, numa afei\u00e7\u00e3o encantadora e fascinada da face amorosa e af\u00e1vel de Deus, percebendo-o na realidade concreta dos irm\u00e3os e do mundo, apaixonados pela causa de Jesus de Nazar\u00e9.<\/p>\n<p style=\"text-align: justify;\">Que Deus nos d\u00ea a gra\u00e7a da compreens\u00e3o do \u00fanico e necess\u00e1rio para nossa vida: viver com ardor o Evangelho de Jesus. Sejamos, pois, fermento de renova\u00e7\u00e3o no meio da massa, sem nunca nos distanciarmos da cruz santa do Senhor, dando a entender a todos que temos o mundo diante de nossos olhos, na mente e no cora\u00e7\u00e3o, pe\u00e7a essencial da miss\u00e3o. Assim seja!<\/p>\n","protected":false},"excerpt":{"rendered":"<p>Outubro pede de n\u00f3s, crist\u00e3os, um renovado ardor mission\u00e1rio, hoje mais do que nunca! Jamais devemos prescindir desse ardor, encontrando eco no valor indescrit\u00edvel da ora\u00e7\u00e3o como sustento da a\u00e7\u00e3o evangelizadora da Igreja, sucesso de todo um trabalho, que, evidentemente, passa pela \u00edntima e estreita uni\u00e3o com Aquele que \u00e9 a ess\u00eancia da miss\u00e3o: Jesus [&hellip;]<\/p>\n","protected":false},"author":6,"featured_media":55824,"comment_status":"open","ping_status":"closed","sticky":false,"template":"","format":"standard","meta":{"footnotes":""},"categories":[9],"tags":[],"class_list":["post-70378","post","type-post","status-publish","format-standard","has-post-thumbnail","hentry","category-artigos"],"_links":{"self":[{"href":"https:\/\/catolicanet.net\/wp-cnet\/wp-json\/wp\/v2\/posts\/70378","targetHints":{"allow":["GET"]}}],"collection":[{"href":"https:\/\/catolicanet.net\/wp-cnet\/wp-json\/wp\/v2\/posts"}],"about":[{"href":"https:\/\/catolicanet.net\/wp-cnet\/wp-json\/wp\/v2\/types\/post"}],"author":[{"embeddable":true,"href":"https:\/\/catolicanet.net\/wp-cnet\/wp-json\/wp\/v2\/users\/6"}],"replies":[{"embeddable":true,"href":"https:\/\/catolicanet.net\/wp-cnet\/wp-json\/wp\/v2\/comments?post=70378"}],"version-history":[{"count":1,"href":"https:\/\/catolicanet.net\/wp-cnet\/wp-json\/wp\/v2\/posts\/70378\/revisions"}],"predecessor-version":[{"id":70379,"href":"https:\/\/catolicanet.net\/wp-cnet\/wp-json\/wp\/v2\/posts\/70378\/revisions\/70379"}],"wp:featuredmedia":[{"embeddable":true,"href":"https:\/\/catolicanet.net\/wp-cnet\/wp-json\/wp\/v2\/media\/55824"}],"wp:attachment":[{"href":"https:\/\/catolicanet.net\/wp-cnet\/wp-json\/wp\/v2\/media?parent=70378"}],"wp:term":[{"taxonomy":"category","embeddable":true,"href":"https:\/\/catolicanet.net\/wp-cnet\/wp-json\/wp\/v2\/categories?post=70378"},{"taxonomy":"post_tag","embeddable":true,"href":"https:\/\/catolicanet.net\/wp-cnet\/wp-json\/wp\/v2\/tags?post=70378"}],"curies":[{"name":"wp","href":"https:\/\/api.w.org\/{rel}","templated":true}]}}