{"id":70344,"date":"2021-10-01T09:06:30","date_gmt":"2021-10-01T12:06:30","guid":{"rendered":"https:\/\/catolicanet.net\/wp-cnet\/?p=70344"},"modified":"2021-10-01T14:37:41","modified_gmt":"2021-10-01T17:37:41","slug":"divulgado-os-vencedores-do-premio-ratzinger-2021","status":"publish","type":"post","link":"https:\/\/catolicanet.net\/wp-cnet\/divulgado-os-vencedores-do-premio-ratzinger-2021\/","title":{"rendered":"Divulgado os vencedores do Pr\u00eamio Ratzinger 2021"},"content":{"rendered":"<figure class=\"article__image\" style=\"text-align: justify;\"><span class=\"didascalia_img\">Pr\u00eamio Ratzinger \u00e9 entregue desde 2011\u00a0<\/span><\/figure>\n<div class=\"article__meta \" data-mediatype=\"\">\n<div class=\"article__subTitle\" style=\"text-align: justify;\">O Pr\u00eamio Ratzinger \u00e9 a principal iniciativa da Funda\u00e7\u00e3o do Vaticano Joseph Ratzinger &#8211; Bento XVI. De acordo com os estatutos, o pr\u00eamio \u00e9 concedido a &#8220;estudiosos que se distinguiram por m\u00e9ritos particulares na publica\u00e7\u00e3o e\/ou pesquisa cient\u00edfica&#8221;. Nos \u00faltimos anos, o objetivo do pr\u00eamio foi ampliado para incluir tamb\u00e9m as artes de inspira\u00e7\u00e3o crist\u00e3.<\/div>\n<div class=\"title__separator\" style=\"text-align: justify;\"><\/div>\n<div class=\"article__text \">\n<p style=\"text-align: justify;\"><b>Bruno Franguelli SJ &#8211; Cidade do Vaticano<\/b><\/p>\n<p style=\"text-align: justify;\">No pr\u00f3ximo 13 de novembro o Santo Padre entregar\u00e1 o Pr\u00eamio Ratzinger 2021 a dois estudiosos:<\/p>\n<p style=\"text-align: justify;\">Hanna-Barbara Gerl-Falkovitz, nascida em 1945 em Oberwappenh\u00f6st (Alemanha). Estudou filosofia, estudos alem\u00e3es e Ci\u00eancia Pol\u00edtica nas Universidades de Munique e Heidelberg. Ela recebeu seu doutorado em Filosofia em 1971 e sua habilita\u00e7\u00e3o em 1979 pela Universidade de Munique. \u00c9 professora em\u00e9rita de Filosofia das religi\u00f5es e ci\u00eancias religiosas comparativas na Universidade de Dresden, onde lecionou de 1993 a 2011. Gerl-Falkovitz \u00e9 uma not\u00e1vel especialista nos estudos sobre Edith Stein e Romano Guardini, dos quais ela tamb\u00e9m \u00e9 editora da respectiva Opera Omnia. Ela membro da Presid\u00eancia do Instituto Europeu de Filosofia e Religi\u00e3o no Phil.-Theol. Hochschule Benedikt XVI em Heiligenkreuz\/Vienna.<\/p>\n<p style=\"text-align: justify;\">Prof. Ludger Schwienhorst-Sch\u00f6nberger, nascido em 1957 em L\u00fcdinghausen (Alemanha). Estudou Filosofia, Teologia e Sagrada Escritura em Munique. Obteve seu doutorado em 1989 e sua habilita\u00e7\u00e3o em 1992 na Universidade de M\u00fcnster. Desde 1993, ensina exegese do Antigo Testamento e L\u00edngua hebraica na Universidade de Passau. Desde 2007 \u00e9 tamb\u00e9m professor de Antigo Testamento na Universidade de Viena. Schwienhorst-Sch\u00f6nberger \u00e9 considerado um dos principais especialistas do Livros da Sabedoria e, em particular, do C\u00e2ntico dos C\u00e2nticos.<\/p>\n<p style=\"text-align: justify;\">Na mesma ocasi\u00e3o, os dois vencedores do Pr\u00eamio Ratzinger 2020 tamb\u00e9m estar\u00e3o presentes, pois, no ano passado a situa\u00e7\u00e3o pand\u00eamica for\u00e7ou o cancelamento da audi\u00eancia papal. Os dois vencedores do ano passado foram o professor Jean-Luc Marion (Francia, 1946) e a professora Tracey Rowland (Australia, 1963).<\/p>\n<p style=\"text-align: justify;\">O Pr\u00eamio Ratzinger \u00e9 a principal iniciativa da Funda\u00e7\u00e3o do Vaticano Joseph Ratzinger &#8211; Bento XVI. De acordo com os estatutos, o pr\u00eamio \u00e9 concedido a &#8220;estudiosos que se distinguiram por m\u00e9ritos particulares na publica\u00e7\u00e3o e\/ou pesquisa cient\u00edfica&#8221;. Nos \u00faltimos anos, o objetivo do pr\u00eamio foi ampliado para incluir tamb\u00e9m as artes de inspira\u00e7\u00e3o crist\u00e3.<\/p>\n<p style=\"text-align: justify;\">Todos os anos o nome dos candidatos ao pr\u00eamio s\u00e3o propostos para a aprova\u00e7\u00e3o do Papa pela Comiss\u00e3o cient\u00edfica da Funda\u00e7\u00e3o. O pr\u00eamio \u00e9 concedido desde 2011 a dois ou tr\u00eas estudiosos anualmente. At\u00e9 a atual edi\u00e7\u00e3o de 2021, 24 estudiosos foram premiados e s\u00e3o provenientes de 15 pa\u00edses: Alemanha (7), Fran\u00e7a (3), It\u00e1lia (2), Austr\u00e1lia, \u00c1ustria, Brasil, Burkina Faso, Canad\u00e1, Estonia, Gr\u00e9cia, Inglaterra, L\u00edbano, Pol\u00f4nia, Espanha e Estados Unidos. Entre os que j\u00e1 receberam o pr\u00eamio se encontram tamb\u00e9m crist\u00e3os n\u00e3o cat\u00f3licos: um anglicano, um luterano e dois ortodoxos. O \u00fanico brasileiro a receber o pr\u00eamio foi o padre jesu\u00edta M\u00e1rio de Fran\u00e7a Miranda, professor em\u00e9rito da Pontif\u00edcia Universidade Cat\u00f3lica do Rio de Janeiro, em 2015.<\/p>\n<\/div>\n<\/div>\n","protected":false},"excerpt":{"rendered":"<p>Pr\u00eamio Ratzinger \u00e9 entregue desde 2011\u00a0 O Pr\u00eamio Ratzinger \u00e9 a principal iniciativa da Funda\u00e7\u00e3o do Vaticano Joseph Ratzinger &#8211; Bento XVI. De acordo com os estatutos, o pr\u00eamio \u00e9 concedido a &#8220;estudiosos que se distinguiram por m\u00e9ritos particulares na publica\u00e7\u00e3o e\/ou pesquisa cient\u00edfica&#8221;. Nos \u00faltimos anos, o objetivo do pr\u00eamio foi ampliado para incluir [&hellip;]<\/p>\n","protected":false},"author":1,"featured_media":70345,"comment_status":"open","ping_status":"closed","sticky":false,"template":"","format":"standard","meta":{"footnotes":""},"categories":[3],"tags":[],"class_list":["post-70344","post","type-post","status-publish","format-standard","has-post-thumbnail","hentry","category-vaticano"],"_links":{"self":[{"href":"https:\/\/catolicanet.net\/wp-cnet\/wp-json\/wp\/v2\/posts\/70344","targetHints":{"allow":["GET"]}}],"collection":[{"href":"https:\/\/catolicanet.net\/wp-cnet\/wp-json\/wp\/v2\/posts"}],"about":[{"href":"https:\/\/catolicanet.net\/wp-cnet\/wp-json\/wp\/v2\/types\/post"}],"author":[{"embeddable":true,"href":"https:\/\/catolicanet.net\/wp-cnet\/wp-json\/wp\/v2\/users\/1"}],"replies":[{"embeddable":true,"href":"https:\/\/catolicanet.net\/wp-cnet\/wp-json\/wp\/v2\/comments?post=70344"}],"version-history":[{"count":1,"href":"https:\/\/catolicanet.net\/wp-cnet\/wp-json\/wp\/v2\/posts\/70344\/revisions"}],"predecessor-version":[{"id":70346,"href":"https:\/\/catolicanet.net\/wp-cnet\/wp-json\/wp\/v2\/posts\/70344\/revisions\/70346"}],"wp:featuredmedia":[{"embeddable":true,"href":"https:\/\/catolicanet.net\/wp-cnet\/wp-json\/wp\/v2\/media\/70345"}],"wp:attachment":[{"href":"https:\/\/catolicanet.net\/wp-cnet\/wp-json\/wp\/v2\/media?parent=70344"}],"wp:term":[{"taxonomy":"category","embeddable":true,"href":"https:\/\/catolicanet.net\/wp-cnet\/wp-json\/wp\/v2\/categories?post=70344"},{"taxonomy":"post_tag","embeddable":true,"href":"https:\/\/catolicanet.net\/wp-cnet\/wp-json\/wp\/v2\/tags?post=70344"}],"curies":[{"name":"wp","href":"https:\/\/api.w.org\/{rel}","templated":true}]}}